{"id":13474,"date":"2022-12-07T06:04:49","date_gmt":"2022-12-07T12:04:49","guid":{"rendered":"https:\/\/politicosaldesnudo.com.mx\/?p=13474"},"modified":"2022-12-07T07:08:46","modified_gmt":"2022-12-07T13:08:46","slug":"dos-bocas-el-simbolo","status":"publish","type":"post","link":"https:\/\/politicosaldesnudo.com.mx\/index.php\/2022\/12\/07\/dos-bocas-el-simbolo\/","title":{"rendered":"Dos Bocas el s\u00edmbolo"},"content":{"rendered":"<p class=\"p1\">\n<p>&nbsp;<\/p>\n<p class=\"p1\"><strong><span style=\"font-size: 18pt;\">&lt;&lt; La Refiner\u00eda Dos Bocas, s\u00edmbolo emblem\u00e1tico de la corrupci\u00f3n &gt;&gt;<\/span><\/strong><\/p>\n<p class=\"p1\"><strong><span style=\"font-size: 18pt;\">&lt;&lt; Hay evidencia de nexos con empresario ligado al caso Odebrecht &gt;&gt;<\/span><\/strong><\/p>\n<p class=\"p1\"><strong><span style=\"font-size: 18pt;\">&lt;&lt; Los contratos que le han asignado suman 400 millones de d\u00f3lares &gt;&gt;<\/span><\/strong><\/p>\n<p>&nbsp;<\/p>\n<p class=\"p1\"><strong><span style=\"font-size: 18pt;\">Por Miguel \u00c1ngel Cristiani Gonz\u00e1lez<\/span><\/strong><\/p>\n<p class=\"p1\"><span style=\"font-size: 14pt;\">Para quienes todav\u00eda no les qued\u00f3 claro el mensaje del presidente L\u00f3pez Obrador cuando dijo que Roc\u00edo Nahle no ven\u00eda a Veracruz porque estaba trabajando en la terminaci\u00f3n de la refiner\u00eda de Dos Bocas, deber\u00edan de ver la nota principaldel peri\u00f3dico El D\u00eda, en donde se publica un texto con el encabezado \u201cRefiner\u00eda de Dos Bocas, s\u00edmbolo de corrupci\u00f3n\u201d.<\/span><\/p>\n<p class=\"p1\"><span style=\"font-size: 14pt;\">Y no hay que olvidar que precisamente Dos Bocas es una de las obras emblem\u00e1ticas de la administraci\u00f3n del presidente L\u00f3pez Obrador.<\/span><\/p>\n<p class=\"p1\"><span style=\"font-size: 14pt;\">Por eso es que llama la atenci\u00f3n la nota publicada en El D\u00eda a ocho columnas, como para que la vea el hombre m\u00e1s mal informado de M\u00e9xico. Con pelos y se\u00f1ales:<\/span><\/p>\n<p class=\"p1\"><span style=\"font-size: 14pt;\">La construcci\u00f3n de la refiner\u00eda de Dos Bocas es una muestra m\u00e1s de la falta de resultados y de la corrupci\u00f3n que ha distinguido a la administraci\u00f3n que encabeza el presidente L\u00f3pez Obrador, al asignar contratos a compa\u00f1\u00edas relacionadas con Juan Carlos Tapia Vargas, empresario ligado al caso Odebrecht y al delito de huachicol, denunci\u00f3 la senadora Kenia L\u00f3pez Rabad\u00e1n.<\/span><\/p>\n<p class=\"p1\"><span style=\"font-size: 14pt;\">\u201cLa refiner\u00eda Dos Bocas es un claro ejemplo de corrupci\u00f3n y de falta de resultados. De 2019 a la fecha se han asignado al menos tres contratos a empresas ligadas con Juan Carlos Tapia Vargas, un empresario hidalguense acusado de huachicoleo y de entregar sobornos en torno al caso Odebrecht\u201d, subray\u00f3.<\/span><\/p>\n<p class=\"p1\"><span style=\"font-size: 14pt;\">Durante su conferencia \u201cLa Contrama\u00f1anera\u201d, sostuvo que la Secretar\u00eda de Energ\u00eda debe supervisar los antecedentes de las empresas a las que se les asignan los contratos y no hacer excepciones.<\/span><\/p>\n<p class=\"p1\"><span style=\"font-size: 14pt;\">\u201cY ya que viene la secretaria Roc\u00edo Nahle esta semana a comparecer ante la Comisi\u00f3n de Energ\u00eda, ser\u00e1 interesante saber cu\u00e1l es su opini\u00f3n o su excusa, para haber contratado a empresas que tienen v\u00ednculos con un personaje acusado de huachicol, uno de los delitos que supuestamente iba a ser perseguido por el presidente L\u00f3pez Obrador\u201d, indic\u00f3.<\/span><\/p>\n<p class=\"p1\"><span style=\"font-size: 14pt;\">La vicecoordinadora del PAN en el Senado expuso que el 10 de marzo de 2017, la entonces Procuradur\u00eda General de la Rep\u00fablica (PGR) inici\u00f3 una investigaci\u00f3n por el delito de sustracci\u00f3n ilegal de hidrocarburos, petrol\u00edferos y petroqu\u00edmicos, derivado de una toma clandestina ubicada en las instalaciones de la empresa Construcciones Industriales Tapia (Citapia).<\/span><\/p>\n<p class=\"p1\"><span style=\"font-size: 14pt;\">Dicha empresa fue fundada por Juan Carlos Tapia en el estado de Hidalgo, sin embargo, en 2018 Pemex se desisti\u00f3 de la denuncia y el delito qued\u00f3 impune, coment\u00f3.<\/span><\/p>\n<p class=\"p1\"><span style=\"font-size: 14pt;\">\u201cEl 5 de julio de 2019, Citapia fue inhabilitada para participar en contrataciones p\u00fablicas de car\u00e1cter federal, pero el se\u00f1or Tapia y su familia no s\u00f3lo recib\u00edan contratos mediante esa empresa. Existen al menos cuatro m\u00e1s en las que tanto sus hermanos, sus primos y su pareja figuran como accionistas\u201d, dijo L\u00f3pez Rabad\u00e1n.<\/span><\/p>\n<p class=\"p1\"><span style=\"font-size: 14pt;\">Al mostrar una presentaci\u00f3n sobre el tema, se\u00f1al\u00f3 a las cuatro empresas, los accionistas y los contratos que les han asignado al menos a dos empresas m\u00e1s.<\/span><\/p>\n<p class=\"p1\"><span style=\"font-size: 14pt;\">Especific\u00f3 que el 30 de abril de 2007 crearon una empresa denominada Mexicana de Recipientes a Presi\u00f3n S.A de C.V, cuyos accionistas fueron, seg\u00fan el Registro P\u00fablico de Comercio: Juan Carlos Tapia, Selene Mart\u00ednez Abarca y Gilberto Juan Tapia Vargas.<\/span><\/p>\n<p class=\"p1\"><span style=\"font-size: 14pt;\">Esta empresa ha recibido al menos un contrato por servicios e integraci\u00f3n de la Refiner\u00eda en Dos Bocas por 78.4 millones de d\u00f3lares. Esto es, los involucrados en delitos, incluso en administraciones anteriores, ahora son los contratistas de Morena, a\u00f1adi\u00f3 la legisladora por el PAN.<\/span><\/p>\n<p class=\"p1\"><span style=\"font-size: 14pt;\">En ese mismo sentido, dijo que Mexicana de Recipientes cambi\u00f3 su raz\u00f3n social a Procesos Especializados y Proyectos S.A de C.V (Proesa), el 18 de marzo de 2018, cuyos accionistas son Abel Vargas Rosales, primo del multicitado Juan Carlos y \u00c1ngel Manuel de Jes\u00fas Bautista.<\/span><\/p>\n<p class=\"p1\"><span style=\"font-size: 14pt;\">El 15 de diciembre de 2017 dieron de alta una empresa que se llama Grupo Constructor Industrial Oil and Gas S.A de C.V, cuyos accionistas nuevamente son su primo, Abel Vargas Rosales, Yosimir Moreno Constantino y Selene Mart\u00ednez Abarca, agreg\u00f3.<\/span><\/p>\n<p class=\"p1\"><span style=\"font-size: 14pt;\">Sin embargo, dijo, fue hasta el 9 de diciembre de 2020, seg\u00fan consta en el Registro P\u00fablico de Comercio, cuando registraron la empresa Manufactura Especial y Proyectos Industriales SAPI de C.V, con las siglas de MEPI, empresa que ha recibido al menos dos contratos por parte del Gobierno federal para la refiner\u00eda de Dos Bocas. La empresa fue creada \u201ca modo\u201d para participar en dicha obra, asegur\u00f3 la legisladora federal.<\/span><\/p>\n<p class=\"p1\"><span style=\"font-size: 14pt;\">\u201cAunado a ello, los accionistas de MEPI, son dos empresas, una de ellas, relacionada con el se\u00f1or Tapia: Procesos Especializados y Proyectos S.A de C.V. Los contratos que le han asignado a las empresas del se\u00f1or Tapia, suman aproximadamente 400 millones de d\u00f3lares\u201d, concluy\u00f3 Kenia L\u00f3pez<\/span><\/p>\n<p>&nbsp;<\/p>\n<p>&nbsp;<\/p>\n<p class=\"p2\"><span style=\"font-size: 18pt;\"><strong>Cont\u00e1ctanos en nuestras redes sociales:<\/strong><\/span><\/p>\n<p class=\"p2\"><span style=\"font-size: 18pt;\"><strong><a href=\"https:\/\/www.canva.com\/design\/DAEN5B9DWgs\/ZCHd2Z8KueYjlg_d59Op3A\/view\">https:\/\/www.canva.com\/design\/DAEN5B9DWgs\/ZCHd2Z8KueYjlg_d59Op3A\/view<\/a><\/strong><\/span><\/p>\n<p>&nbsp;<\/p>\n<p><span style=\"font-size: 18pt; color: #139eca;\"><em><strong>**Las columnas firmadas en este medio son responsabilidad de quienes las firman**<\/strong><\/em><\/span><\/p>\n<p>&nbsp;<\/p>\n<p>&nbsp;<\/p>\n<p>&nbsp;<\/p>\n<p>&nbsp;<\/p>\n","protected":false},"excerpt":{"rendered":"<p>&nbsp; &lt;&lt; La Refiner\u00eda Dos Bocas, s\u00edmbolo emblem\u00e1tico de la corrupci\u00f3n &gt;&gt; &lt;&lt; Hay evidencia de nexos con empresario ligado [&hellip;]<\/p>\n","protected":false},"author":4,"featured_media":3789,"comment_status":"closed","ping_status":"closed","sticky":false,"template":"","format":"standard","meta":{"site-sidebar-layout":"default","site-content-layout":"","ast-site-content-layout":"default","site-content-style":"default","site-sidebar-style":"default","ast-global-header-display":"","ast-banner-title-visibility":"","ast-main-header-display":"","ast-hfb-above-header-display":"","ast-hfb-below-header-display":"","ast-hfb-mobile-header-display":"","site-post-title":"","ast-breadcrumbs-content":"","ast-featured-img":"","footer-sml-layout":"","ast-disable-related-posts":"","theme-transparent-header-meta":"","adv-header-id-meta":"","stick-header-meta":"","header-above-stick-meta":"","header-main-stick-meta":"","header-below-stick-meta":"","astra-migrate-meta-layouts":"default","ast-page-background-enabled":"default","ast-page-background-meta":{"desktop":{"background-color":"var(--ast-global-color-5)","background-image":"","background-repeat":"repeat","background-position":"center center","background-size":"auto","background-attachment":"scroll","background-type":"","background-media":"","overlay-type":"","overlay-color":"","overlay-opacity":"","overlay-gradient":""},"tablet":{"background-color":"","background-image":"","background-repeat":"repeat","background-position":"center center","background-size":"auto","background-attachment":"scroll","background-type":"","background-media":"","overlay-type":"","overlay-color":"","overlay-opacity":"","overlay-gradient":""},"mobile":{"background-color":"","background-image":"","background-repeat":"repeat","background-position":"center center","background-size":"auto","background-attachment":"scroll","background-type":"","background-media":"","overlay-type":"","overlay-color":"","overlay-opacity":"","overlay-gradient":""}},"ast-content-background-meta":{"desktop":{"background-color":"var(--ast-global-color-4)","background-image":"","background-repeat":"repeat","background-position":"center center","background-size":"auto","background-attachment":"scroll","background-type":"","background-media":"","overlay-type":"","overlay-color":"","overlay-opacity":"","overlay-gradient":""},"tablet":{"background-color":"var(--ast-global-color-4)","background-image":"","background-repeat":"repeat","background-position":"center center","background-size":"auto","background-attachment":"scroll","background-type":"","background-media":"","overlay-type":"","overlay-color":"","overlay-opacity":"","overlay-gradient":""},"mobile":{"background-color":"var(--ast-global-color-4)","background-image":"","background-repeat":"repeat","background-position":"center center","background-size":"auto","background-attachment":"scroll","background-type":"","background-media":"","overlay-type":"","overlay-color":"","overlay-opacity":"","overlay-gradient":""}},"_jetpack_newsletter_access":"","_jetpack_dont_email_post_to_subs":false,"_jetpack_newsletter_tier_id":0,"_jetpack_memberships_contains_paywalled_content":false,"_jetpack_feature_clip_id":0,"_jetpack_memberships_contains_paid_content":false,"footnotes":"","jetpack_publicize_message":"","jetpack_publicize_feature_enabled":true,"jetpack_social_post_already_shared":false,"jetpack_social_options":{"image_generator_settings":{"template":"highway","default_image_id":0,"font":"","enabled":false},"version":2},"jetpack_post_was_ever_published":false},"categories":[26],"tags":[],"class_list":["post-13474","post","type-post","status-publish","format-standard","has-post-thumbnail","hentry","category-columnistas"],"yoast_head":"<!-- This site is optimized with the Yoast SEO plugin v28.3 - https:\/\/yoast.com\/product\/yoast-seo-wordpress\/ -->\n<title>Dos Bocas el s\u00edmbolo - Pol\u00edticos al Desnudo<\/title>\n<meta name=\"robots\" content=\"index, follow, max-snippet:-1, max-image-preview:large, max-video-preview:-1\" \/>\n<link rel=\"canonical\" href=\"https:\/\/politicosaldesnudo.com.mx\/index.php\/2022\/12\/07\/dos-bocas-el-simbolo\/\" \/>\n<meta property=\"og:locale\" content=\"es_ES\" \/>\n<meta property=\"og:type\" content=\"article\" \/>\n<meta property=\"og:title\" content=\"Dos Bocas el s\u00edmbolo - Pol\u00edticos al Desnudo\" \/>\n<meta property=\"og:description\" content=\"&nbsp; &lt;&lt; La Refiner\u00eda Dos Bocas, s\u00edmbolo emblem\u00e1tico de la corrupci\u00f3n &gt;&gt; &lt;&lt; Hay evidencia de nexos con empresario ligado [&hellip;]\" \/>\n<meta property=\"og:url\" content=\"https:\/\/politicosaldesnudo.com.mx\/index.php\/2022\/12\/07\/dos-bocas-el-simbolo\/\" \/>\n<meta property=\"og:site_name\" content=\"Pol\u00edticos al Desnudo\" \/>\n<meta property=\"article:publisher\" content=\"https:\/\/www.facebook.com\/PoliticosAD\" \/>\n<meta property=\"article:published_time\" content=\"2022-12-07T12:04:49+00:00\" \/>\n<meta property=\"article:modified_time\" content=\"2022-12-07T13:08:46+00:00\" \/>\n<meta property=\"og:image\" content=\"https:\/\/i0.wp.com\/politicosaldesnudo.com.mx\/wp-content\/uploads\/2022\/04\/CRISTIANI.png?fit=1816%2C1016&ssl=1\" \/>\n\t<meta property=\"og:image:width\" content=\"1816\" \/>\n\t<meta property=\"og:image:height\" content=\"1016\" \/>\n\t<meta property=\"og:image:type\" content=\"image\/png\" \/>\n<meta name=\"author\" content=\"Redacci\u00f3n Pol\u00edticos\" \/>\n<meta name=\"twitter:card\" content=\"summary_large_image\" \/>\n<meta name=\"twitter:label1\" content=\"Escrito por\" \/>\n\t<meta name=\"twitter:data1\" content=\"Redacci\u00f3n Pol\u00edticos\" \/>\n\t<meta name=\"twitter:label2\" content=\"Tiempo de lectura\" \/>\n\t<meta name=\"twitter:data2\" content=\"5 minutos\" \/>\n<script type=\"application\/ld+json\" class=\"yoast-schema-graph\">{\"@context\":\"https:\\\/\\\/schema.org\",\"@graph\":[{\"@type\":\"Article\",\"@id\":\"https:\\\/\\\/politicosaldesnudo.com.mx\\\/index.php\\\/2022\\\/12\\\/07\\\/dos-bocas-el-simbolo\\\/#article\",\"isPartOf\":{\"@id\":\"https:\\\/\\\/politicosaldesnudo.com.mx\\\/index.php\\\/2022\\\/12\\\/07\\\/dos-bocas-el-simbolo\\\/\"},\"author\":{\"name\":\"Redacci\u00f3n Pol\u00edticos\",\"@id\":\"https:\\\/\\\/politicosaldesnudo.com.mx\\\/#\\\/schema\\\/person\\\/ef3a64e561cc3f3f5dc52fab81adde7e\"},\"headline\":\"Dos Bocas el s\u00edmbolo\",\"datePublished\":\"2022-12-07T12:04:49+00:00\",\"dateModified\":\"2022-12-07T13:08:46+00:00\",\"mainEntityOfPage\":{\"@id\":\"https:\\\/\\\/politicosaldesnudo.com.mx\\\/index.php\\\/2022\\\/12\\\/07\\\/dos-bocas-el-simbolo\\\/\"},\"wordCount\":927,\"publisher\":{\"@id\":\"https:\\\/\\\/politicosaldesnudo.com.mx\\\/#organization\"},\"image\":{\"@id\":\"https:\\\/\\\/politicosaldesnudo.com.mx\\\/index.php\\\/2022\\\/12\\\/07\\\/dos-bocas-el-simbolo\\\/#primaryimage\"},\"thumbnailUrl\":\"https:\\\/\\\/i0.wp.com\\\/politicosaldesnudo.com.mx\\\/wp-content\\\/uploads\\\/2022\\\/04\\\/CRISTIANI.png?fit=1816%2C1016&ssl=1\",\"articleSection\":[\"OPINI\u00d3N\"],\"inLanguage\":\"es\"},{\"@type\":\"WebPage\",\"@id\":\"https:\\\/\\\/politicosaldesnudo.com.mx\\\/index.php\\\/2022\\\/12\\\/07\\\/dos-bocas-el-simbolo\\\/\",\"url\":\"https:\\\/\\\/politicosaldesnudo.com.mx\\\/index.php\\\/2022\\\/12\\\/07\\\/dos-bocas-el-simbolo\\\/\",\"name\":\"Dos Bocas el s\u00edmbolo - Pol\u00edticos al Desnudo\",\"isPartOf\":{\"@id\":\"https:\\\/\\\/politicosaldesnudo.com.mx\\\/#website\"},\"primaryImageOfPage\":{\"@id\":\"https:\\\/\\\/politicosaldesnudo.com.mx\\\/index.php\\\/2022\\\/12\\\/07\\\/dos-bocas-el-simbolo\\\/#primaryimage\"},\"image\":{\"@id\":\"https:\\\/\\\/politicosaldesnudo.com.mx\\\/index.php\\\/2022\\\/12\\\/07\\\/dos-bocas-el-simbolo\\\/#primaryimage\"},\"thumbnailUrl\":\"https:\\\/\\\/i0.wp.com\\\/politicosaldesnudo.com.mx\\\/wp-content\\\/uploads\\\/2022\\\/04\\\/CRISTIANI.png?fit=1816%2C1016&ssl=1\",\"datePublished\":\"2022-12-07T12:04:49+00:00\",\"dateModified\":\"2022-12-07T13:08:46+00:00\",\"breadcrumb\":{\"@id\":\"https:\\\/\\\/politicosaldesnudo.com.mx\\\/index.php\\\/2022\\\/12\\\/07\\\/dos-bocas-el-simbolo\\\/#breadcrumb\"},\"inLanguage\":\"es\",\"potentialAction\":[{\"@type\":\"ReadAction\",\"target\":[\"https:\\\/\\\/politicosaldesnudo.com.mx\\\/index.php\\\/2022\\\/12\\\/07\\\/dos-bocas-el-simbolo\\\/\"]}]},{\"@type\":\"ImageObject\",\"inLanguage\":\"es\",\"@id\":\"https:\\\/\\\/politicosaldesnudo.com.mx\\\/index.php\\\/2022\\\/12\\\/07\\\/dos-bocas-el-simbolo\\\/#primaryimage\",\"url\":\"https:\\\/\\\/i0.wp.com\\\/politicosaldesnudo.com.mx\\\/wp-content\\\/uploads\\\/2022\\\/04\\\/CRISTIANI.png?fit=1816%2C1016&ssl=1\",\"contentUrl\":\"https:\\\/\\\/i0.wp.com\\\/politicosaldesnudo.com.mx\\\/wp-content\\\/uploads\\\/2022\\\/04\\\/CRISTIANI.png?fit=1816%2C1016&ssl=1\",\"width\":1816,\"height\":1016},{\"@type\":\"BreadcrumbList\",\"@id\":\"https:\\\/\\\/politicosaldesnudo.com.mx\\\/index.php\\\/2022\\\/12\\\/07\\\/dos-bocas-el-simbolo\\\/#breadcrumb\",\"itemListElement\":[{\"@type\":\"ListItem\",\"position\":1,\"name\":\"Portada\",\"item\":\"https:\\\/\\\/politicosaldesnudo.com.mx\\\/\"},{\"@type\":\"ListItem\",\"position\":2,\"name\":\"Dos Bocas el s\u00edmbolo\"}]},{\"@type\":\"WebSite\",\"@id\":\"https:\\\/\\\/politicosaldesnudo.com.mx\\\/#website\",\"url\":\"https:\\\/\\\/politicosaldesnudo.com.mx\\\/\",\"name\":\"Pol\u00edticos al Desnudo\",\"description\":\"\",\"publisher\":{\"@id\":\"https:\\\/\\\/politicosaldesnudo.com.mx\\\/#organization\"},\"potentialAction\":[{\"@type\":\"SearchAction\",\"target\":{\"@type\":\"EntryPoint\",\"urlTemplate\":\"https:\\\/\\\/politicosaldesnudo.com.mx\\\/?s={search_term_string}\"},\"query-input\":{\"@type\":\"PropertyValueSpecification\",\"valueRequired\":true,\"valueName\":\"search_term_string\"}}],\"inLanguage\":\"es\"},{\"@type\":\"Organization\",\"@id\":\"https:\\\/\\\/politicosaldesnudo.com.mx\\\/#organization\",\"name\":\"Pol\u00edticos al Desnudo\",\"url\":\"https:\\\/\\\/politicosaldesnudo.com.mx\\\/\",\"logo\":{\"@type\":\"ImageObject\",\"inLanguage\":\"es\",\"@id\":\"https:\\\/\\\/politicosaldesnudo.com.mx\\\/#\\\/schema\\\/logo\\\/image\\\/\",\"url\":\"https:\\\/\\\/i0.wp.com\\\/politicosaldesnudo.com.mx\\\/wp-content\\\/uploads\\\/2026\\\/08\\\/cropped-logo.webp?fit=400%2C126&ssl=1\",\"contentUrl\":\"https:\\\/\\\/i0.wp.com\\\/politicosaldesnudo.com.mx\\\/wp-content\\\/uploads\\\/2026\\\/08\\\/cropped-logo.webp?fit=400%2C126&ssl=1\",\"width\":400,\"height\":126,\"caption\":\"Pol\u00edticos al Desnudo\"},\"image\":{\"@id\":\"https:\\\/\\\/politicosaldesnudo.com.mx\\\/#\\\/schema\\\/logo\\\/image\\\/\"},\"sameAs\":[\"https:\\\/\\\/www.facebook.com\\\/PoliticosAD\"]},{\"@type\":\"Person\",\"@id\":\"https:\\\/\\\/politicosaldesnudo.com.mx\\\/#\\\/schema\\\/person\\\/ef3a64e561cc3f3f5dc52fab81adde7e\",\"name\":\"Redacci\u00f3n Pol\u00edticos\",\"url\":\"https:\\\/\\\/politicosaldesnudo.com.mx\\\/index.php\\\/author\\\/redaccion-politicos\\\/\"}]}<\/script>\n<!-- \/ Yoast SEO plugin. -->","yoast_head_json":{"title":"Dos Bocas el s\u00edmbolo - Pol\u00edticos al Desnudo","robots":{"index":"index","follow":"follow","max-snippet":"max-snippet:-1","max-image-preview":"max-image-preview:large","max-video-preview":"max-video-preview:-1"},"canonical":"https:\/\/politicosaldesnudo.com.mx\/index.php\/2022\/12\/07\/dos-bocas-el-simbolo\/","og_locale":"es_ES","og_type":"article","og_title":"Dos Bocas el s\u00edmbolo - Pol\u00edticos al Desnudo","og_description":"&nbsp; &lt;&lt; La Refiner\u00eda Dos Bocas, s\u00edmbolo emblem\u00e1tico de la corrupci\u00f3n &gt;&gt; &lt;&lt; Hay evidencia de nexos con empresario ligado [&hellip;]","og_url":"https:\/\/politicosaldesnudo.com.mx\/index.php\/2022\/12\/07\/dos-bocas-el-simbolo\/","og_site_name":"Pol\u00edticos al Desnudo","article_publisher":"https:\/\/www.facebook.com\/PoliticosAD","article_published_time":"2022-12-07T12:04:49+00:00","article_modified_time":"2022-12-07T13:08:46+00:00","og_image":[{"width":1816,"height":1016,"url":"https:\/\/i0.wp.com\/politicosaldesnudo.com.mx\/wp-content\/uploads\/2022\/04\/CRISTIANI.png?fit=1816%2C1016&ssl=1","type":"image\/png"}],"author":"Redacci\u00f3n Pol\u00edticos","twitter_card":"summary_large_image","twitter_misc":{"Escrito por":"Redacci\u00f3n Pol\u00edticos","Tiempo de lectura":"5 minutos"},"schema":{"@context":"https:\/\/schema.org","@graph":[{"@type":"Article","@id":"https:\/\/politicosaldesnudo.com.mx\/index.php\/2022\/12\/07\/dos-bocas-el-simbolo\/#article","isPartOf":{"@id":"https:\/\/politicosaldesnudo.com.mx\/index.php\/2022\/12\/07\/dos-bocas-el-simbolo\/"},"author":{"name":"Redacci\u00f3n Pol\u00edticos","@id":"https:\/\/politicosaldesnudo.com.mx\/#\/schema\/person\/ef3a64e561cc3f3f5dc52fab81adde7e"},"headline":"Dos Bocas el s\u00edmbolo","datePublished":"2022-12-07T12:04:49+00:00","dateModified":"2022-12-07T13:08:46+00:00","mainEntityOfPage":{"@id":"https:\/\/politicosaldesnudo.com.mx\/index.php\/2022\/12\/07\/dos-bocas-el-simbolo\/"},"wordCount":927,"publisher":{"@id":"https:\/\/politicosaldesnudo.com.mx\/#organization"},"image":{"@id":"https:\/\/politicosaldesnudo.com.mx\/index.php\/2022\/12\/07\/dos-bocas-el-simbolo\/#primaryimage"},"thumbnailUrl":"https:\/\/i0.wp.com\/politicosaldesnudo.com.mx\/wp-content\/uploads\/2022\/04\/CRISTIANI.png?fit=1816%2C1016&ssl=1","articleSection":["OPINI\u00d3N"],"inLanguage":"es"},{"@type":"WebPage","@id":"https:\/\/politicosaldesnudo.com.mx\/index.php\/2022\/12\/07\/dos-bocas-el-simbolo\/","url":"https:\/\/politicosaldesnudo.com.mx\/index.php\/2022\/12\/07\/dos-bocas-el-simbolo\/","name":"Dos Bocas el s\u00edmbolo - Pol\u00edticos al Desnudo","isPartOf":{"@id":"https:\/\/politicosaldesnudo.com.mx\/#website"},"primaryImageOfPage":{"@id":"https:\/\/politicosaldesnudo.com.mx\/index.php\/2022\/12\/07\/dos-bocas-el-simbolo\/#primaryimage"},"image":{"@id":"https:\/\/politicosaldesnudo.com.mx\/index.php\/2022\/12\/07\/dos-bocas-el-simbolo\/#primaryimage"},"thumbnailUrl":"https:\/\/i0.wp.com\/politicosaldesnudo.com.mx\/wp-content\/uploads\/2022\/04\/CRISTIANI.png?fit=1816%2C1016&ssl=1","datePublished":"2022-12-07T12:04:49+00:00","dateModified":"2022-12-07T13:08:46+00:00","breadcrumb":{"@id":"https:\/\/politicosaldesnudo.com.mx\/index.php\/2022\/12\/07\/dos-bocas-el-simbolo\/#breadcrumb"},"inLanguage":"es","potentialAction":[{"@type":"ReadAction","target":["https:\/\/politicosaldesnudo.com.mx\/index.php\/2022\/12\/07\/dos-bocas-el-simbolo\/"]}]},{"@type":"ImageObject","inLanguage":"es","@id":"https:\/\/politicosaldesnudo.com.mx\/index.php\/2022\/12\/07\/dos-bocas-el-simbolo\/#primaryimage","url":"https:\/\/i0.wp.com\/politicosaldesnudo.com.mx\/wp-content\/uploads\/2022\/04\/CRISTIANI.png?fit=1816%2C1016&ssl=1","contentUrl":"https:\/\/i0.wp.com\/politicosaldesnudo.com.mx\/wp-content\/uploads\/2022\/04\/CRISTIANI.png?fit=1816%2C1016&ssl=1","width":1816,"height":1016},{"@type":"BreadcrumbList","@id":"https:\/\/politicosaldesnudo.com.mx\/index.php\/2022\/12\/07\/dos-bocas-el-simbolo\/#breadcrumb","itemListElement":[{"@type":"ListItem","position":1,"name":"Portada","item":"https:\/\/politicosaldesnudo.com.mx\/"},{"@type":"ListItem","position":2,"name":"Dos Bocas el s\u00edmbolo"}]},{"@type":"WebSite","@id":"https:\/\/politicosaldesnudo.com.mx\/#website","url":"https:\/\/politicosaldesnudo.com.mx\/","name":"Pol\u00edticos al Desnudo","description":"","publisher":{"@id":"https:\/\/politicosaldesnudo.com.mx\/#organization"},"potentialAction":[{"@type":"SearchAction","target":{"@type":"EntryPoint","urlTemplate":"https:\/\/politicosaldesnudo.com.mx\/?s={search_term_string}"},"query-input":{"@type":"PropertyValueSpecification","valueRequired":true,"valueName":"search_term_string"}}],"inLanguage":"es"},{"@type":"Organization","@id":"https:\/\/politicosaldesnudo.com.mx\/#organization","name":"Pol\u00edticos al Desnudo","url":"https:\/\/politicosaldesnudo.com.mx\/","logo":{"@type":"ImageObject","inLanguage":"es","@id":"https:\/\/politicosaldesnudo.com.mx\/#\/schema\/logo\/image\/","url":"https:\/\/i0.wp.com\/politicosaldesnudo.com.mx\/wp-content\/uploads\/2026\/08\/cropped-logo.webp?fit=400%2C126&ssl=1","contentUrl":"https:\/\/i0.wp.com\/politicosaldesnudo.com.mx\/wp-content\/uploads\/2026\/08\/cropped-logo.webp?fit=400%2C126&ssl=1","width":400,"height":126,"caption":"Pol\u00edticos al Desnudo"},"image":{"@id":"https:\/\/politicosaldesnudo.com.mx\/#\/schema\/logo\/image\/"},"sameAs":["https:\/\/www.facebook.com\/PoliticosAD"]},{"@type":"Person","@id":"https:\/\/politicosaldesnudo.com.mx\/#\/schema\/person\/ef3a64e561cc3f3f5dc52fab81adde7e","name":"Redacci\u00f3n Pol\u00edticos","url":"https:\/\/politicosaldesnudo.com.mx\/index.php\/author\/redaccion-politicos\/"}]}},"jetpack_publicize_connections":[],"jetpack-related-posts":[{"id":34134,"url":"https:\/\/politicosaldesnudo.com.mx\/index.php\/2024\/03\/25\/sin-solucion-de-raiz-la-migracion-seguira\/","url_meta":{"origin":13474,"position":0},"title":"Sin soluci\u00f3n de ra\u00edz, la migraci\u00f3n seguir\u00e1","author":"Redacci\u00f3n Pol\u00edticos","date":"25 de marzo de 2024","format":false,"excerpt":"En una entrevista con el programa estadunidense \u201860 Minutos\u2019 de CBS News, el presidente Andr\u00e9s Manuel L\u00f3pez Obrador afirm\u00f3 que si el problema de la migraci\u00f3n no se enfrenta de ra\u00edz y no se aplican sus propuestas de soluci\u00f3n, como realizar una inversi\u00f3n de 20 mil millones de d\u00f3lares en\u2026","rel":"","context":"En \u00abNACIONAL\u00bb","block_context":{"text":"NACIONAL","link":"https:\/\/politicosaldesnudo.com.mx\/index.php\/category\/nacional\/"},"img":{"alt_text":"","src":"https:\/\/i0.wp.com\/politicosaldesnudo.com.mx\/wp-content\/uploads\/2024\/03\/127283324_4317b55d-baea-47f8-b710-166d31efb5c7.jpg?fit=640%2C360&ssl=1&resize=350%2C200","width":350,"height":200,"srcset":"https:\/\/i0.wp.com\/politicosaldesnudo.com.mx\/wp-content\/uploads\/2024\/03\/127283324_4317b55d-baea-47f8-b710-166d31efb5c7.jpg?fit=640%2C360&ssl=1&resize=350%2C200 1x, https:\/\/i0.wp.com\/politicosaldesnudo.com.mx\/wp-content\/uploads\/2024\/03\/127283324_4317b55d-baea-47f8-b710-166d31efb5c7.jpg?fit=640%2C360&ssl=1&resize=525%2C300 1.5x"},"classes":[]},{"id":87653,"url":"https:\/\/politicosaldesnudo.com.mx\/index.php\/2026\/08\/11\/veracruz-tendra-lluvias-estas-regiones-podrian-registrar-los-mayores-acumulados\/","url_meta":{"origin":13474,"position":1},"title":"Veracruz tendr\u00e1 lluvias; estas regiones podr\u00edan registrar los mayores acumulados","author":"Redacci\u00f3n Pol\u00edticos","date":"11 de agosto de 2026","format":false,"excerpt":"El potencial de precipitaciones aumentar\u00e1 entre mi\u00e9rcoles y jueves por el paso de una onda tropical. En el sur del estado se esperan los mayores acumulados. Veracruz, Ver. \u2014 El estado de Veracruz mantendr\u00e1 condiciones favorables para la presencia de lluvias durante los pr\u00f3ximos d\u00edas, principalmente durante las noches y\u2026","rel":"","context":"En \u00abESTADOS\u00bb","block_context":{"text":"ESTADOS","link":"https:\/\/politicosaldesnudo.com.mx\/index.php\/category\/estados\/"},"img":{"alt_text":"","src":"https:\/\/i0.wp.com\/politicosaldesnudo.com.mx\/wp-content\/uploads\/2026\/08\/LLUVIAS.jpg?fit=1200%2C740&ssl=1&resize=350%2C200","width":350,"height":200,"srcset":"https:\/\/i0.wp.com\/politicosaldesnudo.com.mx\/wp-content\/uploads\/2026\/08\/LLUVIAS.jpg?fit=1200%2C740&ssl=1&resize=350%2C200 1x, https:\/\/i0.wp.com\/politicosaldesnudo.com.mx\/wp-content\/uploads\/2026\/08\/LLUVIAS.jpg?fit=1200%2C740&ssl=1&resize=525%2C300 1.5x, https:\/\/i0.wp.com\/politicosaldesnudo.com.mx\/wp-content\/uploads\/2026\/08\/LLUVIAS.jpg?fit=1200%2C740&ssl=1&resize=700%2C400 2x, https:\/\/i0.wp.com\/politicosaldesnudo.com.mx\/wp-content\/uploads\/2026\/08\/LLUVIAS.jpg?fit=1200%2C740&ssl=1&resize=1050%2C600 3x"},"classes":[]},{"id":88173,"url":"https:\/\/politicosaldesnudo.com.mx\/index.php\/2026\/08\/30\/dea-mantiene-abierta-la-ruta-para-decomisar-mas-bienes-ligados-a-garcia-luna\/","url_meta":{"origin":13474,"position":2},"title":"DEA mantiene abierta la ruta para decomisar m\u00e1s bienes ligados a Garc\u00eda Luna","author":"Redacci\u00f3n Pol\u00edticos","date":"30 de agosto de 2026","format":false,"excerpt":"La condena contra Genaro Garc\u00eda Luna no puso punto final a las acciones judiciales en Estados Unidos. La Administraci\u00f3n para el Control de Drogas (DEA) asegur\u00f3 que todav\u00eda existen procedimientos pendientes para localizar y recuperar otros activos relacionados con el exsecretario de Seguridad P\u00fablica de M\u00e9xico. Terrance Cole, director de\u2026","rel":"","context":"En \u00abNACIONAL\u00bb","block_context":{"text":"NACIONAL","link":"https:\/\/politicosaldesnudo.com.mx\/index.php\/category\/nacional\/"},"img":{"alt_text":"","src":"https:\/\/i0.wp.com\/politicosaldesnudo.com.mx\/wp-content\/uploads\/2026\/08\/GARCIA-LUNA.png?fit=1200%2C675&ssl=1&resize=350%2C200","width":350,"height":200,"srcset":"https:\/\/i0.wp.com\/politicosaldesnudo.com.mx\/wp-content\/uploads\/2026\/08\/GARCIA-LUNA.png?fit=1200%2C675&ssl=1&resize=350%2C200 1x, https:\/\/i0.wp.com\/politicosaldesnudo.com.mx\/wp-content\/uploads\/2026\/08\/GARCIA-LUNA.png?fit=1200%2C675&ssl=1&resize=525%2C300 1.5x, https:\/\/i0.wp.com\/politicosaldesnudo.com.mx\/wp-content\/uploads\/2026\/08\/GARCIA-LUNA.png?fit=1200%2C675&ssl=1&resize=700%2C400 2x, https:\/\/i0.wp.com\/politicosaldesnudo.com.mx\/wp-content\/uploads\/2026\/08\/GARCIA-LUNA.png?fit=1200%2C675&ssl=1&resize=1050%2C600 3x"},"classes":[]},{"id":88131,"url":"https:\/\/politicosaldesnudo.com.mx\/index.php\/2026\/08\/28\/corrupcion-bajo-la-lupa-en-veracruz-96-investigaciones-y-apenas-11-sanciones\/","url_meta":{"origin":13474,"position":3},"title":"Corrupci\u00f3n bajo la lupa en Veracruz: 96 investigaciones y apenas 11 sanciones","author":"Redacci\u00f3n Pol\u00edticos","date":"28 de agosto de 2026","format":false,"excerpt":"La detecci\u00f3n de posibles actos de corrupci\u00f3n en Veracruz no siempre se traduce en castigos. Aunque las autoridades fiscalizadoras reportaron 96 investigaciones por faltas administrativas graves, el balance disponible registra \u00fanicamente nueve resoluciones definitivas y 11 sanciones. Las cifras forman parte de un estudio presentado por Transparencia Mexicana, elaborado con\u2026","rel":"","context":"En \u00abESTADOS\u00bb","block_context":{"text":"ESTADOS","link":"https:\/\/politicosaldesnudo.com.mx\/index.php\/category\/estados\/"},"img":{"alt_text":"","src":"https:\/\/i0.wp.com\/politicosaldesnudo.com.mx\/wp-content\/uploads\/2026\/08\/juz.jpg?fit=1200%2C800&ssl=1&resize=350%2C200","width":350,"height":200,"srcset":"https:\/\/i0.wp.com\/politicosaldesnudo.com.mx\/wp-content\/uploads\/2026\/08\/juz.jpg?fit=1200%2C800&ssl=1&resize=350%2C200 1x, https:\/\/i0.wp.com\/politicosaldesnudo.com.mx\/wp-content\/uploads\/2026\/08\/juz.jpg?fit=1200%2C800&ssl=1&resize=525%2C300 1.5x, https:\/\/i0.wp.com\/politicosaldesnudo.com.mx\/wp-content\/uploads\/2026\/08\/juz.jpg?fit=1200%2C800&ssl=1&resize=700%2C400 2x, https:\/\/i0.wp.com\/politicosaldesnudo.com.mx\/wp-content\/uploads\/2026\/08\/juz.jpg?fit=1200%2C800&ssl=1&resize=1050%2C600 3x"},"classes":[]},{"id":88007,"url":"https:\/\/politicosaldesnudo.com.mx\/index.php\/2026\/08\/23\/dea-lanza-grave-acusacion-funcionarios-mexicanos-de-alto-nivel-trabajan-con-los-carteles\/","url_meta":{"origin":13474,"position":4},"title":"DEA lanza grave acusaci\u00f3n: funcionarios mexicanos de alto nivel trabajan con los c\u00e1rteles","author":"Redacci\u00f3n Pol\u00edticos","date":"23 de agosto de 2026","format":false,"excerpt":"El director de la Administraci\u00f3n para el Control de Drogas de Estados Unidos (DEA), Terry Cole, afirm\u00f3 que servidores p\u00fablicos mexicanos de alto nivel presuntamente mantienen v\u00ednculos directos con organizaciones del narcotr\u00e1fico. Durante una entrevista con N+, el funcionario estadounidense asegur\u00f3 que investigaciones recientes han permitido identificar casos de corrupci\u00f3n\u2026","rel":"","context":"En \u00abINTERNACIONAL\u00bb","block_context":{"text":"INTERNACIONAL","link":"https:\/\/politicosaldesnudo.com.mx\/index.php\/category\/internacional\/"},"img":{"alt_text":"","src":"https:\/\/i0.wp.com\/politicosaldesnudo.com.mx\/wp-content\/uploads\/2026\/08\/terry.jpg?fit=600%2C400&ssl=1&resize=350%2C200","width":350,"height":200,"srcset":"https:\/\/i0.wp.com\/politicosaldesnudo.com.mx\/wp-content\/uploads\/2026\/08\/terry.jpg?fit=600%2C400&ssl=1&resize=350%2C200 1x, https:\/\/i0.wp.com\/politicosaldesnudo.com.mx\/wp-content\/uploads\/2026\/08\/terry.jpg?fit=600%2C400&ssl=1&resize=525%2C300 1.5x"},"classes":[]},{"id":49429,"url":"https:\/\/politicosaldesnudo.com.mx\/index.php\/2024\/10\/30\/petroleo-de-veracruz-a-cuba\/","url_meta":{"origin":13474,"position":5},"title":"Petr\u00f3leo de Veracruz a Cuba","author":"Redacci\u00f3n Pol\u00edticos","date":"30 de octubre de 2024","format":false,"excerpt":"\u00b7\u00a0\u00a0\u00a0\u00a0\u00a0 \u00a0400 mil barriles de crudo a Cuba para mitigar crisis energ\u00e9tica \u00b7\u00a0\u00a0\u00a0\u00a0\u00a0 \u00a0El env\u00edo es una \u201cdonaci\u00f3n\u201d del Estado mexicano \u00b7\u00a0\u00a0\u00a0\u00a0\u00a0 \u00a0El tanquero petrolero cubano Vilma parti\u00f3 del puerto de Pajaritos Por Miguel \u00c1ngel Cristiani G. El tanquero Vilma zarp\u00f3 del puerto de Pajaritos, Veracruz, con 400 mil barriles\u2026","rel":"","context":"En \u00abOPINI\u00d3N\u00bb","block_context":{"text":"OPINI\u00d3N","link":"https:\/\/politicosaldesnudo.com.mx\/index.php\/category\/columnistas\/"},"img":{"alt_text":"","src":"https:\/\/i0.wp.com\/politicosaldesnudo.com.mx\/wp-content\/uploads\/2024\/09\/CRISTIANI-2.jpg?fit=800%2C445&ssl=1&resize=350%2C200","width":350,"height":200,"srcset":"https:\/\/i0.wp.com\/politicosaldesnudo.com.mx\/wp-content\/uploads\/2024\/09\/CRISTIANI-2.jpg?fit=800%2C445&ssl=1&resize=350%2C200 1x, https:\/\/i0.wp.com\/politicosaldesnudo.com.mx\/wp-content\/uploads\/2024\/09\/CRISTIANI-2.jpg?fit=800%2C445&ssl=1&resize=525%2C300 1.5x, https:\/\/i0.wp.com\/politicosaldesnudo.com.mx\/wp-content\/uploads\/2024\/09\/CRISTIANI-2.jpg?fit=800%2C445&ssl=1&resize=700%2C400 2x"},"classes":[]}],"jetpack_sharing_enabled":true,"jetpack_featured_media_url":"https:\/\/i0.wp.com\/politicosaldesnudo.com.mx\/wp-content\/uploads\/2022\/04\/CRISTIANI.png?fit=1816%2C1016&ssl=1","_links":{"self":[{"href":"https:\/\/politicosaldesnudo.com.mx\/index.php\/wp-json\/wp\/v2\/posts\/13474","targetHints":{"allow":["GET"]}}],"collection":[{"href":"https:\/\/politicosaldesnudo.com.mx\/index.php\/wp-json\/wp\/v2\/posts"}],"about":[{"href":"https:\/\/politicosaldesnudo.com.mx\/index.php\/wp-json\/wp\/v2\/types\/post"}],"author":[{"embeddable":true,"href":"https:\/\/politicosaldesnudo.com.mx\/index.php\/wp-json\/wp\/v2\/users\/4"}],"replies":[{"embeddable":true,"href":"https:\/\/politicosaldesnudo.com.mx\/index.php\/wp-json\/wp\/v2\/comments?post=13474"}],"version-history":[{"count":0,"href":"https:\/\/politicosaldesnudo.com.mx\/index.php\/wp-json\/wp\/v2\/posts\/13474\/revisions"}],"wp:featuredmedia":[{"embeddable":true,"href":"https:\/\/politicosaldesnudo.com.mx\/index.php\/wp-json\/wp\/v2\/media\/3789"}],"wp:attachment":[{"href":"https:\/\/politicosaldesnudo.com.mx\/index.php\/wp-json\/wp\/v2\/media?parent=13474"}],"wp:term":[{"taxonomy":"category","embeddable":true,"href":"https:\/\/politicosaldesnudo.com.mx\/index.php\/wp-json\/wp\/v2\/categories?post=13474"},{"taxonomy":"post_tag","embeddable":true,"href":"https:\/\/politicosaldesnudo.com.mx\/index.php\/wp-json\/wp\/v2\/tags?post=13474"}],"curies":[{"name":"wp","href":"https:\/\/api.w.org\/{rel}","templated":true}]}}