{"id":13537,"date":"2022-12-08T19:01:00","date_gmt":"2022-12-09T01:01:00","guid":{"rendered":"https:\/\/politicosaldesnudo.com.mx\/?p=13537"},"modified":"2022-12-08T19:02:58","modified_gmt":"2022-12-09T01:02:58","slug":"proteccion-contra-la-privatizacion-sedena-administrara-tren-maya-y-aifa-amlo","status":"publish","type":"post","link":"https:\/\/politicosaldesnudo.com.mx\/index.php\/2022\/12\/08\/proteccion-contra-la-privatizacion-sedena-administrara-tren-maya-y-aifa-amlo\/","title":{"rendered":"Protecci\u00f3n contra la privatizaci\u00f3n, Sedena administrar\u00e1 Tren Maya y AIFA: L\u00f3pez Obrador"},"content":{"rendered":"<p>&nbsp;<\/p>\n<p class=\"p1\"><span style=\"font-size: 14pt;\"><em><strong>CIUDAD DE M\u00c9XICO.<\/strong><\/em> El objetivo de dejar la administraci\u00f3n del <strong>Tren Maya<\/strong> y algunos <strong>aeropuertos<\/strong> como el <strong>Felipe \u00c1ngeles<\/strong>, en manos de la <strong>Secretar\u00eda de la Defensa Nacional<\/strong> (Sedena) es <strong>para evitar que sean privatizados<\/strong>, pues se han construido con recursos p\u00fablicos.<\/span><\/p>\n<p class=\"p1\"><span style=\"font-size: 18pt;\"><strong>As\u00ed lo dio a conocer el presidente Andr\u00e9s Manuel L\u00f3pez Obrador en la ma\u00f1anera\u00a0 y subray\u00f3 que, por ejemplo, el Fondo Nacional de Fomento al Turismo (Fonatur) \u201cno aguanta el primer ca\u00f1onazo\u201d ante una insinuaci\u00f3n de privatizar esos proyectos.<\/strong><\/span><\/p>\n<p>&nbsp;<\/p>\n<blockquote>\n<p class=\"p1\"><span style=\"font-size: 14pt;\">S\u00ed estamos haciendo todo un esfuerzo de ahorro, no queremos que al paso del tiempo estas obras se privaticen. \u00bfQui\u00e9n nos puede garantizar que estos bienes de la naci\u00f3n se cuiden? Pues una instituci\u00f3n como la Sedena. No s\u00f3lo es porque ellos est\u00e1n ayudando en la construcci\u00f3n y est\u00e1n actuando con honestidad, es tambi\u00e9n dejarles todas estas obras a una instituci\u00f3n fuerte\u201d<\/span><\/p>\n<\/blockquote>\n<p>&nbsp;<\/p>\n<p class=\"p1\"><span style=\"font-size: 18pt; color: #139eca;\"><strong>Record\u00f3 <span style=\"font-size: 18pt;\">Andr\u00e9s Manuel L\u00f3pez Obrador <\/span>que durante el sexenio del panista Vicente Fox, el Fonatur vendi\u00f3 terrenos ubicados a cinco minutos del aeropuerto de Canc\u00fan, Quintana Roo, \u201cque por cierto est\u00e1 concesionado\u201d, a siete pesos el metro cuadrado en una zona de manglares. \u201cNi lo que cuesta un metro de alfombra (\u2026) y ah\u00ed los pseudoambientalistas no dijeron nada\u201d.<\/strong><\/span><\/p>\n<p>&nbsp;<\/p>\n<blockquote>\n<p class=\"p1\"><span style=\"font-size: 14pt;\">Entonces, \u00bfc\u00f3mo se lo vamos a dejar a Fonatur? No aguanta la primera insinuaci\u00f3n, ni el primer ca\u00f1onazo\u00bb<\/span><\/p>\n<\/blockquote>\n<p>&nbsp;<\/p>\n<p class=\"p1\"><span style=\"font-size: 14pt;\">Andr\u00e9s Manuel L\u00f3pez Obrador se\u00f1al\u00f3 que el Tren Maya ser\u00e1 el\u00e9ctrico de M\u00e9rida a Chetumal, y en el resto de la l\u00ednea usar\u00e1 di\u00e9sel bajo en azufre, que lo hace amigable con el medio ambiente.<\/span><\/p>\n<p class=\"p1\"><span style=\"font-size: 14pt;\">Insisti\u00f3 que estar\u00e1 listo en diciembre del pr\u00f3ximo a\u00f1o, aunque \u201csi es enero (de 2024) es igual\u201d.<\/span><\/p>\n<p>&nbsp;<\/p>\n<p>&nbsp;<\/p>\n<p class=\"p1\"><span style=\"font-size: 18pt;\">Con informaci\u00f3n de La Jornada<\/span><\/p>\n<p>&nbsp;<\/p>\n<p>&nbsp;<\/p>\n<p>&nbsp;<\/p>\n<p>&nbsp;<\/p>\n","protected":false},"excerpt":{"rendered":"<p>&nbsp; CIUDAD DE M\u00c9XICO. El objetivo de dejar la administraci\u00f3n del Tren Maya y algunos aeropuertos como el Felipe \u00c1ngeles,<\/p>\n","protected":false},"author":4,"featured_media":13538,"comment_status":"closed","ping_status":"closed","sticky":false,"template":"","format":"standard","meta":{"colormag_page_container_layout":"default_layout","colormag_page_sidebar_layout":"default_layout","_jetpack_memberships_contains_paid_content":false,"footnotes":"","jetpack_publicize_message":"","jetpack_publicize_feature_enabled":true,"jetpack_social_post_already_shared":false,"jetpack_social_options":{"image_generator_settings":{"template":"highway","default_image_id":0,"font":"","enabled":false},"version":2}},"categories":[33],"tags":[706,95,1034,808,454,1290],"class_list":["post-13537","post","type-post","status-publish","format-standard","has-post-thumbnail","hentry","category-nacional","tag-aifa","tag-andres-manuel-lopez-obrador","tag-fonatur","tag-sedena","tag-tren-maya","tag-vicente-fox"],"jetpack_publicize_connections":[],"jetpack_featured_media_url":"https:\/\/i0.wp.com\/politicosaldesnudo.com.mx\/wp-content\/uploads\/2022\/12\/P-AMLO-TREN-MAYA.png?fit=1816%2C1016&ssl=1","jetpack-related-posts":[],"jetpack_sharing_enabled":true,"_links":{"self":[{"href":"https:\/\/politicosaldesnudo.com.mx\/index.php\/wp-json\/wp\/v2\/posts\/13537","targetHints":{"allow":["GET"]}}],"collection":[{"href":"https:\/\/politicosaldesnudo.com.mx\/index.php\/wp-json\/wp\/v2\/posts"}],"about":[{"href":"https:\/\/politicosaldesnudo.com.mx\/index.php\/wp-json\/wp\/v2\/types\/post"}],"author":[{"embeddable":true,"href":"https:\/\/politicosaldesnudo.com.mx\/index.php\/wp-json\/wp\/v2\/users\/4"}],"replies":[{"embeddable":true,"href":"https:\/\/politicosaldesnudo.com.mx\/index.php\/wp-json\/wp\/v2\/comments?post=13537"}],"version-history":[{"count":0,"href":"https:\/\/politicosaldesnudo.com.mx\/index.php\/wp-json\/wp\/v2\/posts\/13537\/revisions"}],"wp:featuredmedia":[{"embeddable":true,"href":"https:\/\/politicosaldesnudo.com.mx\/index.php\/wp-json\/wp\/v2\/media\/13538"}],"wp:attachment":[{"href":"https:\/\/politicosaldesnudo.com.mx\/index.php\/wp-json\/wp\/v2\/media?parent=13537"}],"wp:term":[{"taxonomy":"category","embeddable":true,"href":"https:\/\/politicosaldesnudo.com.mx\/index.php\/wp-json\/wp\/v2\/categories?post=13537"},{"taxonomy":"post_tag","embeddable":true,"href":"https:\/\/politicosaldesnudo.com.mx\/index.php\/wp-json\/wp\/v2\/tags?post=13537"}],"curies":[{"name":"wp","href":"https:\/\/api.w.org\/{rel}","templated":true}]}}