{"id":13620,"date":"2022-12-12T00:10:00","date_gmt":"2022-12-12T06:10:00","guid":{"rendered":"https:\/\/politicosaldesnudo.com.mx\/?p=13620"},"modified":"2022-12-11T22:53:26","modified_gmt":"2022-12-12T04:53:26","slug":"justicia-o-caceria","status":"publish","type":"post","link":"https:\/\/politicosaldesnudo.com.mx\/index.php\/2022\/12\/12\/justicia-o-caceria\/","title":{"rendered":"\u00bfJusticia o cacer\u00eda?"},"content":{"rendered":"<p class=\"p1\">\n<p>&nbsp;<\/p>\n<p class=\"p1\"><span style=\"font-size: 18pt;\"><b>Por Jessica Woolrich<\/b><\/span><\/p>\n<p class=\"p1\"><span style=\"font-size: 14pt;\">Si observamos a detalle el ambiente pol\u00edtico en Latinoam\u00e9rica, podemos notar un creciente enfrentamiento entre la izquierda y la derecha, los pa\u00edses se encuentran divididos y parece que la justicia se encuentra sumergida en una enorme cacer\u00eda. Sin embargo, nada como lo que hoy ocurre en Argentina, en donde los \u00faltimos a\u00f1os, las dos corrientes pol\u00edticas m\u00e1s importantes que son el Macrismo y el Kirchnerismo se enfrentan directamente, por lo que m\u00e1s que una lucha por la justicia, parece ser una lucha por el poder, ya que las acusaciones hechas por ambos bandos son constantes y fuertes. Y en este \u00faltimo cap\u00edtulo se marc\u00f3 un precedente hist\u00f3rico, ya que es la primera vez que se juzga y sentencia a una vicepresidenta en funciones. Lo que sucedi\u00f3 fue que desde hace unos a\u00f1os Cristina Fern\u00e1ndez de Kirchner, ven\u00eda enfrentando un proceso judicial en el que se le acusaba por actos de corrupci\u00f3n por un monto superior a los 1,000 millones de d\u00f3lares, ya que seg\u00fan la fiscal\u00eda, Fern\u00e1ndez, junto con su difunto esposo N\u00e9stor Kirchner, d\u00edas antes de asumir el poder crearon una constructora a la que le otorgaron el 75% de la obra p\u00fablica del municipio de Santa Cruz, donde tienen su residencia. Y de la obra otorgada s\u00f3lo dos fueron terminadas a tiempo, y la mitad de ellas ni siquiera fue terminada, pero s\u00ed se pag\u00f3 a sobreprecio por ella, raz\u00f3n por la cual el director de la empresa fue condenado a 12 a\u00f1os de prisi\u00f3n, y el pasado 7 de noviembre un tribunal criminal argentino, conden\u00f3 a la vicepresidenta a 6 a\u00f1os de prisi\u00f3n y la inhabilit\u00f3 de por vida de cualquier cargo p\u00fablico.<\/span><\/p>\n<p class=\"p1\"><span style=\"font-size: 14pt;\">Pero \u00bfest\u00e1 sentencia significa que la Vicepresidenta va a entrar a la c\u00e1rcel pr\u00f3ximamente?, y no, la respuesta es negativa, desafortunadamente la justicia no siempre alcanza a los culpables, primero que nada porque hoy ella puede apelar la sentencia, pero sobre todo porque como vicepresidente\u00a0tiene fuero y culpable o no, ella simplemente \u00a0no puede ser detenida, y seg\u00fan algunos analistas argentinos, para evadir a la justicia incluso podr\u00eda, antes de que termine su mandato, lanzarse por un nuevo cargo p\u00fablico, para obtener fuero nuevamente, y as\u00ed evitar la c\u00e1rcel eternamente, aun cuando ella ya ha afirmado categ\u00f3ricamente que \u00e9sta no es una opci\u00f3n que pase por su mente. As\u00ed que si es verdad lo que dice, otra forma de no poner un pie en prisi\u00f3n podr\u00eda solicitar prisi\u00f3n domiciliaria, ya que<span class=\"Apple-converted-space\">\u00a0 <\/span>al estar pr\u00f3xima a cumplir 70 a\u00f1os es un derecho que tienen las personas de esa edad en Argentina, claro, esto en caso de que la sentencia quede firme, y entre una opci\u00f3n y otra, la realidad es que<span class=\"Apple-converted-space\">\u00a0 <\/span>es casi imposible que en alg\u00fan momento se le vea tras las rejas.<span class=\"Apple-converted-space\">\u00a0<\/span><\/span><\/p>\n<p class=\"p1\"><span style=\"font-size: 14pt;\">Lo que podemos concluir es que, es lamentable que as\u00ed se maneje la justicia en gran parte de Latinoam\u00e9rica, que los culpables puedan esconderse entre fueros, poderes, y dem\u00e1s, y que despu\u00e9s de tantos a\u00f1os de iniciado el caso, no haya nada que devuelva al pueblo lo tomado, algo que a los ciudadanos les haga saber que el da\u00f1o ha sido resarcido, porque el tiempo pasa y casi nada cambia y como bien dijo Seneca <span class=\"s1\">\u201c<\/span>nada se parece tanto a la injusticia, como la justicia tard\u00eda\u201d.<\/span><\/p>\n<p>&nbsp;<\/p>\n<p>&nbsp;<\/p>\n<p><span style=\"font-size: 18pt; color: #319eca;\"><em><strong>**Las columnas firmadas en este medio son responsabilidad de quienes las firman**<\/strong><\/em><\/span><\/p>\n<p>&nbsp;<\/p>\n<p>&nbsp;<\/p>\n","protected":false},"excerpt":{"rendered":"<p>&nbsp; Por Jessica Woolrich Si observamos a detalle el ambiente pol\u00edtico en Latinoam\u00e9rica, podemos notar un creciente enfrentamiento entre la<\/p>\n","protected":false},"author":4,"featured_media":13395,"comment_status":"closed","ping_status":"closed","sticky":false,"template":"","format":"standard","meta":{"colormag_page_container_layout":"default_layout","colormag_page_sidebar_layout":"default_layout","_jetpack_memberships_contains_paid_content":false,"footnotes":"","jetpack_publicize_message":"","jetpack_publicize_feature_enabled":true,"jetpack_social_post_already_shared":false,"jetpack_social_options":{"image_generator_settings":{"template":"highway","default_image_id":0,"font":"","enabled":false},"version":2}},"categories":[26],"tags":[],"class_list":["post-13620","post","type-post","status-publish","format-standard","has-post-thumbnail","hentry","category-columnistas"],"jetpack_publicize_connections":[],"jetpack_featured_media_url":"https:\/\/i0.wp.com\/politicosaldesnudo.com.mx\/wp-content\/uploads\/2022\/12\/P-JESSICA-WOOLRICH-PD.png?fit=1816%2C1016&ssl=1","jetpack-related-posts":[],"jetpack_sharing_enabled":true,"_links":{"self":[{"href":"https:\/\/politicosaldesnudo.com.mx\/index.php\/wp-json\/wp\/v2\/posts\/13620","targetHints":{"allow":["GET"]}}],"collection":[{"href":"https:\/\/politicosaldesnudo.com.mx\/index.php\/wp-json\/wp\/v2\/posts"}],"about":[{"href":"https:\/\/politicosaldesnudo.com.mx\/index.php\/wp-json\/wp\/v2\/types\/post"}],"author":[{"embeddable":true,"href":"https:\/\/politicosaldesnudo.com.mx\/index.php\/wp-json\/wp\/v2\/users\/4"}],"replies":[{"embeddable":true,"href":"https:\/\/politicosaldesnudo.com.mx\/index.php\/wp-json\/wp\/v2\/comments?post=13620"}],"version-history":[{"count":0,"href":"https:\/\/politicosaldesnudo.com.mx\/index.php\/wp-json\/wp\/v2\/posts\/13620\/revisions"}],"wp:featuredmedia":[{"embeddable":true,"href":"https:\/\/politicosaldesnudo.com.mx\/index.php\/wp-json\/wp\/v2\/media\/13395"}],"wp:attachment":[{"href":"https:\/\/politicosaldesnudo.com.mx\/index.php\/wp-json\/wp\/v2\/media?parent=13620"}],"wp:term":[{"taxonomy":"category","embeddable":true,"href":"https:\/\/politicosaldesnudo.com.mx\/index.php\/wp-json\/wp\/v2\/categories?post=13620"},{"taxonomy":"post_tag","embeddable":true,"href":"https:\/\/politicosaldesnudo.com.mx\/index.php\/wp-json\/wp\/v2\/tags?post=13620"}],"curies":[{"name":"wp","href":"https:\/\/api.w.org\/{rel}","templated":true}]}}