{"id":13716,"date":"2022-12-14T03:06:57","date_gmt":"2022-12-14T09:06:57","guid":{"rendered":"https:\/\/politicosaldesnudo.com.mx\/?p=13716"},"modified":"2022-12-14T03:09:01","modified_gmt":"2022-12-14T09:09:01","slug":"destape-de-corcholatas","status":"publish","type":"post","link":"https:\/\/politicosaldesnudo.com.mx\/index.php\/2022\/12\/14\/destape-de-corcholatas\/","title":{"rendered":"Destape de corcholatas"},"content":{"rendered":"<p>&nbsp;<\/p>\n<p class=\"p1\"><span style=\"font-size: 18pt;\"><b>Por \u00c1ngel \u00c1lvaro Pe\u00f1a<\/b><\/span><\/p>\n<p class=\"p1\">L<span style=\"font-size: 14pt;\">as presiones externas e internas llevaron al Presidente de la Rep\u00fablica a hacer un retrato hablado de los candidatos de Morena a la Presidencia de la Rep\u00fablica.<\/span><\/p>\n<p class=\"p1\"><span style=\"font-size: 14pt;\"><span style=\"font-size: 18pt;\"><strong>Desde adentro ten\u00eda la presi\u00f3n de algunos que, sin tener posibilidades de que volteara a verlos el Jefe de Ejecutivo o bien de que nadie pudiera siquiera conocerlos, se esforzaban por figurar a como diera lugar. Uno de ellos, tal vez el m\u00e1s insistente, era Ricardo Monreal, quien, al parecer no estar\u00e1 en los debates ni en las encuestas para la candidatura del partido en el poder<\/strong><\/span>.<\/span><\/p>\n<p class=\"p1\"><span style=\"font-size: 14pt;\">Por fuera, las presiones no eran menos y el Presidente deb\u00eda no s\u00f3lo responder para calmar los \u00e1nimos sino para poner l\u00edmites a una lista que todos los d\u00edas crec\u00eda dentro de su propio partido.<\/span><\/p>\n<p class=\"p1\"><span style=\"font-size: 14pt;\"><img data-recalc-dims=\"1\" loading=\"lazy\" decoding=\"async\" class=\"aligncenter wp-image-13717 size-large\" src=\"https:\/\/i0.wp.com\/politicosaldesnudo.com.mx\/wp-content\/uploads\/2022\/12\/P-MARCELO-CLAUDIA-ADAN-1024x573.png?resize=800%2C448&#038;ssl=1\" alt=\"\" width=\"800\" height=\"448\" srcset=\"https:\/\/i0.wp.com\/politicosaldesnudo.com.mx\/wp-content\/uploads\/2022\/12\/P-MARCELO-CLAUDIA-ADAN.png?resize=1024%2C573&amp;ssl=1 1024w, https:\/\/i0.wp.com\/politicosaldesnudo.com.mx\/wp-content\/uploads\/2022\/12\/P-MARCELO-CLAUDIA-ADAN.png?resize=300%2C168&amp;ssl=1 300w, https:\/\/i0.wp.com\/politicosaldesnudo.com.mx\/wp-content\/uploads\/2022\/12\/P-MARCELO-CLAUDIA-ADAN.png?resize=768%2C430&amp;ssl=1 768w, https:\/\/i0.wp.com\/politicosaldesnudo.com.mx\/wp-content\/uploads\/2022\/12\/P-MARCELO-CLAUDIA-ADAN.png?resize=1536%2C859&amp;ssl=1 1536w, https:\/\/i0.wp.com\/politicosaldesnudo.com.mx\/wp-content\/uploads\/2022\/12\/P-MARCELO-CLAUDIA-ADAN.png?w=1816&amp;ssl=1 1816w, https:\/\/i0.wp.com\/politicosaldesnudo.com.mx\/wp-content\/uploads\/2022\/12\/P-MARCELO-CLAUDIA-ADAN.png?w=1600&amp;ssl=1 1600w\" sizes=\"auto, (max-width: 800px) 100vw, 800px\" \/><\/span><\/p>\n<p>&nbsp;<\/p>\n<p class=\"p1\"><span style=\"font-size: 18pt; color: #139eca;\"><strong>L\u00f3pez Obrador mencion\u00f3 a quienes tiene no s\u00f3lo cerca de sus sentimientos sino de la continuidad de su obra a trav\u00e9s de la Cuarta Transformaci\u00f3n y nombr\u00f3 a tres: Claudia Sheinbaum, Marcelo Ebrard y Ad\u00e1n Augusto L\u00f3pez.<\/strong><\/span><\/p>\n<p class=\"p1\"><span style=\"font-size: 18pt;\"><strong>El Presidente habl\u00f3 de la confiabilidad de las encuestas, de su m\u00e9todo preciso y esto seguramente lo hizo para confirmar el triunfo en la supuesta encuesta en Coahuila del senador Armando Guadiana Tijerina, como candidato de Morena a la gubernatura de su tierra natal, Coahuila, quien provoc\u00f3 una gran inconformidad porque dentro y fuera del estado, el favorito era, sin duda alguna, Ricardo Mej\u00eda Berdeja, subsecretario de Seguridad Ciudadana.<\/strong><\/span><\/p>\n<p class=\"p1\"><span style=\"font-size: 14pt;\">Mej\u00eda estaba seguro de ser \u00e9l y hasta convoc\u00f3 a una multitudinaria marcha el fin de semana pasado en su apoyo, sobre todo porque la figura de Guadiana est\u00e1 asociada con los Moreira, con Monreal y, lo peor, con X\u00f3chitl G\u00e1lvez. Es decir, los enemigos de un proyecto que exige definici\u00f3n y claridad.<\/span><\/p>\n<p class=\"p1\"><span style=\"font-size: 18pt;\"><strong>El \u00fanico apoyo que tiene Guadiana en Coahuila, son los maestros, que no llenan las expectativas como para ganar las elecciones. Por eso se dice en Morena que escogieron a Guadiana para que perdiera, producto de una negociaci\u00f3n en la que Morena gana el Estado de M\u00e9xico y la alianza opositora, Coahuila.<\/strong><\/span><\/p>\n<p>&nbsp;<\/p>\n<p><img data-recalc-dims=\"1\" loading=\"lazy\" decoding=\"async\" class=\"aligncenter wp-image-13718 size-large\" src=\"https:\/\/i0.wp.com\/politicosaldesnudo.com.mx\/wp-content\/uploads\/2022\/12\/P-BERDEJA-GUADIANA-1024x573.png?resize=800%2C448&#038;ssl=1\" alt=\"\" width=\"800\" height=\"448\" srcset=\"https:\/\/i0.wp.com\/politicosaldesnudo.com.mx\/wp-content\/uploads\/2022\/12\/P-BERDEJA-GUADIANA.png?resize=1024%2C573&amp;ssl=1 1024w, https:\/\/i0.wp.com\/politicosaldesnudo.com.mx\/wp-content\/uploads\/2022\/12\/P-BERDEJA-GUADIANA.png?resize=300%2C168&amp;ssl=1 300w, https:\/\/i0.wp.com\/politicosaldesnudo.com.mx\/wp-content\/uploads\/2022\/12\/P-BERDEJA-GUADIANA.png?resize=768%2C430&amp;ssl=1 768w, https:\/\/i0.wp.com\/politicosaldesnudo.com.mx\/wp-content\/uploads\/2022\/12\/P-BERDEJA-GUADIANA.png?resize=1536%2C859&amp;ssl=1 1536w, https:\/\/i0.wp.com\/politicosaldesnudo.com.mx\/wp-content\/uploads\/2022\/12\/P-BERDEJA-GUADIANA.png?w=1816&amp;ssl=1 1816w, https:\/\/i0.wp.com\/politicosaldesnudo.com.mx\/wp-content\/uploads\/2022\/12\/P-BERDEJA-GUADIANA.png?w=1600&amp;ssl=1 1600w\" sizes=\"auto, (max-width: 800px) 100vw, 800px\" \/><\/p>\n<p>&nbsp;<\/p>\n<p class=\"p1\"><span style=\"font-size: 14pt;\">Volviendo a las corcholatas, que fueron nombradas, designadas y asignados a la competencia por la Presidencia de la Rep\u00fablica con mucho tacto porque al decir sus nombres fue a trav\u00e9s de sus sentimientos y continuidad, pero no de un hecho consumado, porque nunca excluy\u00f3 a nadie, aunque, al buen entendedor pocas palabras.<\/span><\/p>\n<p class=\"p1\"><span style=\"font-size: 14pt;\">Hab\u00eda algunos nombrados que ni quer\u00edan ni pod\u00edan, pero el ruido que provoca la sucesi\u00f3n presidencial acumula certezas y absurdos cada seis a\u00f1os en M\u00e9xico. Lo triste no son ellos sino quienes quer\u00edan y pod\u00edan que ya a estas alturas ni dentro ni fuera de Morena pueden ser designados candidatos al puesto pol\u00edtico m\u00e1s importante del pa\u00eds.<\/span><\/p>\n<p class=\"p1\"><span style=\"font-size: 18pt;\"><strong>La oposici\u00f3n prepara sus candidatos sin tomar en cuenta desertores de Morena, que puede haberlos, sobre todo si la inconformidad que se produjo de Coahuila contin\u00faa y crece, porque Berdeja tiene muchas simpat\u00edas dentro y fuera de la entidad y era garant\u00eda de triunfo electoral.<\/strong><\/span><\/p>\n<p>&nbsp;<\/p>\n<p class=\"p1\"><span style=\"font-size: 18pt; color: #139eca;\"><b>PEGA Y CORRE<\/b><\/span><\/p>\n<p class=\"p1\"><span style=\"font-size: 14pt;\">El ex dirigente del PAN, ex comisionado en el Servicio de Protecci\u00f3n, Manuel Espino ahora ser\u00e1 director general de los planteles Colegio Nacional de Educaci\u00f3n Profesional T\u00e9cnica (Conalep), perteneciente a la SEP. Si no sab\u00eda nada de seguridad menos va a saber algo de educaci\u00f3n media. Por favor.<\/span><\/p>\n<p>&nbsp;<\/p>\n<p>&nbsp;<\/p>\n<p class=\"p1\"><span style=\"font-size: 18pt;\"><strong>Esta columna se publica los lunes, mi\u00e9rcoles y viernes<\/strong><\/span><\/p>\n<p>&nbsp;<\/p>\n<p><span style=\"font-size: 18pt; color: #319eca;\"><em><strong>**Las columnas firmadas en este medio son responsabilidad de quienes las firman**<\/strong><\/em><\/span><\/p>\n<p>&nbsp;<\/p>\n<p>&nbsp;<\/p>\n<p>&nbsp;<\/p>\n","protected":false},"excerpt":{"rendered":"<p>&nbsp; Por \u00c1ngel \u00c1lvaro Pe\u00f1a Las presiones externas e internas llevaron al Presidente de la Rep\u00fablica a hacer un retrato<\/p>\n","protected":false},"author":4,"featured_media":3775,"comment_status":"closed","ping_status":"closed","sticky":false,"template":"","format":"standard","meta":{"colormag_page_container_layout":"default_layout","colormag_page_sidebar_layout":"default_layout","_jetpack_memberships_contains_paid_content":false,"footnotes":"","jetpack_publicize_message":"","jetpack_publicize_feature_enabled":true,"jetpack_social_post_already_shared":false,"jetpack_social_options":{"image_generator_settings":{"template":"highway","default_image_id":0,"font":"","enabled":false},"version":2}},"categories":[26],"tags":[1930,1268,1929,63,283,981],"class_list":["post-13716","post","type-post","status-publish","format-standard","has-post-thumbnail","hentry","category-columnistas","tag-armando-guadiana","tag-coahuila","tag-corcholatas","tag-morena","tag-presidente","tag-ricardo-mejia-berdeja"],"jetpack_publicize_connections":[],"jetpack_featured_media_url":"https:\/\/i0.wp.com\/politicosaldesnudo.com.mx\/wp-content\/uploads\/2022\/04\/A%CC%81NGEL-A%CC%81LVARO-PEN%CC%83A1.png?fit=1816%2C1016&ssl=1","jetpack-related-posts":[],"jetpack_sharing_enabled":true,"_links":{"self":[{"href":"https:\/\/politicosaldesnudo.com.mx\/index.php\/wp-json\/wp\/v2\/posts\/13716","targetHints":{"allow":["GET"]}}],"collection":[{"href":"https:\/\/politicosaldesnudo.com.mx\/index.php\/wp-json\/wp\/v2\/posts"}],"about":[{"href":"https:\/\/politicosaldesnudo.com.mx\/index.php\/wp-json\/wp\/v2\/types\/post"}],"author":[{"embeddable":true,"href":"https:\/\/politicosaldesnudo.com.mx\/index.php\/wp-json\/wp\/v2\/users\/4"}],"replies":[{"embeddable":true,"href":"https:\/\/politicosaldesnudo.com.mx\/index.php\/wp-json\/wp\/v2\/comments?post=13716"}],"version-history":[{"count":0,"href":"https:\/\/politicosaldesnudo.com.mx\/index.php\/wp-json\/wp\/v2\/posts\/13716\/revisions"}],"wp:featuredmedia":[{"embeddable":true,"href":"https:\/\/politicosaldesnudo.com.mx\/index.php\/wp-json\/wp\/v2\/media\/3775"}],"wp:attachment":[{"href":"https:\/\/politicosaldesnudo.com.mx\/index.php\/wp-json\/wp\/v2\/media?parent=13716"}],"wp:term":[{"taxonomy":"category","embeddable":true,"href":"https:\/\/politicosaldesnudo.com.mx\/index.php\/wp-json\/wp\/v2\/categories?post=13716"},{"taxonomy":"post_tag","embeddable":true,"href":"https:\/\/politicosaldesnudo.com.mx\/index.php\/wp-json\/wp\/v2\/tags?post=13716"}],"curies":[{"name":"wp","href":"https:\/\/api.w.org\/{rel}","templated":true}]}}