{"id":13749,"date":"2022-12-15T08:00:18","date_gmt":"2022-12-15T14:00:18","guid":{"rendered":"https:\/\/politicosaldesnudo.com.mx\/?p=13749"},"modified":"2022-12-15T08:00:18","modified_gmt":"2022-12-15T14:00:18","slug":"senado-aprueba-12-dias-continuos-de-vacaciones-para-trabajadores","status":"publish","type":"post","link":"https:\/\/politicosaldesnudo.com.mx\/index.php\/2022\/12\/15\/senado-aprueba-12-dias-continuos-de-vacaciones-para-trabajadores\/","title":{"rendered":"Senado aprueba 12 d\u00edas continuos de vacaciones para trabajadores"},"content":{"rendered":"<p class=\"p1\">\n<p class=\"p1\"><span style=\"font-size: 14pt;\"><em><span class=\"s1\"><strong>CIUDAD DE M\u00c9XICO.<\/strong> <\/span><\/em><span class=\"s2\">El <strong>Pleno del Senado de la Rep\u00fablica aprob\u00f3 por unanimidad<\/strong> la minuta remitida por la C\u00e1mara de Diputados para que los <strong>trabajadores del sector privado en su primer a\u00f1o de labores gocen de 12 d\u00edas continuos de vacaciones.<\/strong><\/span><\/span><\/p>\n<p class=\"p4\"><span style=\"font-size: 18pt;\"><strong>Con esto, se modifican los art\u00edculos 76 y 78 de la Ley Federal del Trabajo (LFT) en materia de \u201cvacaciones dignas\u201d, y se ampl\u00eda de 6 a 12 d\u00edas el periodo vacacional ininterrumpido de los trabajadores, el cual podr\u00e1n tomar de manera continua o fraccionado seg\u00fan les convenga, despu\u00e9s de su primer a\u00f1o de labores.<\/strong><\/span><\/p>\n<p class=\"p4\"><span style=\"font-size: 14pt;\">La ampliaci\u00f3n de las vacaciones entrar\u00e1 en vigor a partir del 1 de enero, una vez que las modificaciones a la Ley Federal del Trabajo sean publicadas en el Diario Oficial de la Federaci\u00f3n.<\/span><\/p>\n<p class=\"p4\"><span style=\"font-size: 14pt;\">De acuerdo con las modificaciones a los art\u00edculos 76 y 78 de la LFT, el empleado que cumpla un a\u00f1o de labores pasar\u00e1 de gozar 6 d\u00edas de vacaciones que tiene actualmente, a tener 12; mientras, quien tenga de 5 a 9 a\u00f1os de antig\u00fcedad, gozar\u00e1 de 20 d\u00edas de descanso en lugar de los 14 actuales.<\/span><\/p>\n<p class=\"p4\"><span style=\"font-size: 14pt;\">Mientras que un trabajador al cumplir de 31 a 35 de antig\u00fcedad en el mismo empleo el descanso llegar\u00e1 al tope de 32 d\u00edas.<\/span><\/p>\n<p class=\"p4\"><span style=\"font-size: 18pt;\"><strong>Dicha reforma beneficiar\u00e1 a poco m\u00e1s de 20 millones de trabajadores formales que existen en el pa\u00eds, pero no a 33 millones de trabajadores informales pues no se rigen por la LFT.<\/strong><\/span><\/p>\n<p class=\"p4\"><span style=\"font-size: 14pt;\">Sin embargo, en el Senado se destac\u00f3 que al menos 33 millones de trabajadores mexicanos que laboran en la informalidad no ser\u00e1n beneficiados, ya que no se rigen por la LFT.<\/span><\/p>\n<p>&nbsp;<\/p>\n<p>&nbsp;<\/p>\n<p>&nbsp;<\/p>\n","protected":false},"excerpt":{"rendered":"<p>CIUDAD DE M\u00c9XICO. El Pleno del Senado de la Rep\u00fablica aprob\u00f3 por unanimidad la minuta remitida por la C\u00e1mara de<\/p>\n","protected":false},"author":4,"featured_media":13750,"comment_status":"closed","ping_status":"closed","sticky":false,"template":"","format":"standard","meta":{"colormag_page_container_layout":"default_layout","colormag_page_sidebar_layout":"default_layout","_jetpack_memberships_contains_paid_content":false,"footnotes":"","jetpack_publicize_message":"","jetpack_publicize_feature_enabled":true,"jetpack_social_post_already_shared":false,"jetpack_social_options":{"image_generator_settings":{"template":"highway","default_image_id":0,"font":"","enabled":false},"version":2}},"categories":[33],"tags":[357,1253,1936],"class_list":["post-13749","post","type-post","status-publish","format-standard","has-post-thumbnail","hentry","category-nacional","tag-senado","tag-vacaciones","tag-vacaciones-dignas"],"jetpack_publicize_connections":[],"jetpack_featured_media_url":"https:\/\/i0.wp.com\/politicosaldesnudo.com.mx\/wp-content\/uploads\/2022\/12\/P-TURISMO.png?fit=1816%2C1016&ssl=1","jetpack-related-posts":[],"jetpack_sharing_enabled":true,"_links":{"self":[{"href":"https:\/\/politicosaldesnudo.com.mx\/index.php\/wp-json\/wp\/v2\/posts\/13749","targetHints":{"allow":["GET"]}}],"collection":[{"href":"https:\/\/politicosaldesnudo.com.mx\/index.php\/wp-json\/wp\/v2\/posts"}],"about":[{"href":"https:\/\/politicosaldesnudo.com.mx\/index.php\/wp-json\/wp\/v2\/types\/post"}],"author":[{"embeddable":true,"href":"https:\/\/politicosaldesnudo.com.mx\/index.php\/wp-json\/wp\/v2\/users\/4"}],"replies":[{"embeddable":true,"href":"https:\/\/politicosaldesnudo.com.mx\/index.php\/wp-json\/wp\/v2\/comments?post=13749"}],"version-history":[{"count":0,"href":"https:\/\/politicosaldesnudo.com.mx\/index.php\/wp-json\/wp\/v2\/posts\/13749\/revisions"}],"wp:featuredmedia":[{"embeddable":true,"href":"https:\/\/politicosaldesnudo.com.mx\/index.php\/wp-json\/wp\/v2\/media\/13750"}],"wp:attachment":[{"href":"https:\/\/politicosaldesnudo.com.mx\/index.php\/wp-json\/wp\/v2\/media?parent=13749"}],"wp:term":[{"taxonomy":"category","embeddable":true,"href":"https:\/\/politicosaldesnudo.com.mx\/index.php\/wp-json\/wp\/v2\/categories?post=13749"},{"taxonomy":"post_tag","embeddable":true,"href":"https:\/\/politicosaldesnudo.com.mx\/index.php\/wp-json\/wp\/v2\/tags?post=13749"}],"curies":[{"name":"wp","href":"https:\/\/api.w.org\/{rel}","templated":true}]}}