{"id":13762,"date":"2022-12-15T20:16:51","date_gmt":"2022-12-16T02:16:51","guid":{"rendered":"https:\/\/politicosaldesnudo.com.mx\/?p=13762"},"modified":"2022-12-15T20:16:51","modified_gmt":"2022-12-16T02:16:51","slug":"presidente-agradece-a-senadores-aprobacion-de-reformas-en-ley-electoral","status":"publish","type":"post","link":"https:\/\/politicosaldesnudo.com.mx\/index.php\/2022\/12\/15\/presidente-agradece-a-senadores-aprobacion-de-reformas-en-ley-electoral\/","title":{"rendered":"Presidente agradece a senadores aprobaci\u00f3n de reformas en Ley Electoral"},"content":{"rendered":"<p>&nbsp;<\/p>\n<p class=\"p1\"><span style=\"font-size: 14pt;\"><em><strong>CIUDAD DE M\u00c9XICO.<\/strong><\/em> El presidente<strong> Andr\u00e9s Manuel L\u00f3pez Obrador<\/strong> reconoci\u00f3 a las y los <strong>senadores<\/strong> por<strong> aprobar en lo general y en lo particular el\u00a0proyecto con el que se reforman<\/strong> diversas disposiciones en <strong>materia electoral<\/strong> que garantizar\u00e1n democracia, austeridad y eficiencia en los comicios.<\/span><\/p>\n<p>&nbsp;<\/p>\n<blockquote>\n<p class=\"p1\"><span style=\"font-size: 14pt;\">Yo le doy las gracias a los senadores y ahora, cuando terminen, va a pasar esta minuta a la C\u00e1mara de Diputados y significa que se va a mejorar el sistema de elecciones\u201d<\/span><\/p>\n<\/blockquote>\n<p>&nbsp;<\/p>\n<p class=\"p1\"><span style=\"font-size: 18pt; color: #139eca;\"><strong>Con 69 votos a favor y 53 en contra, el Senado de la Rep\u00fablica aprob\u00f3 modificaciones en la Ley General de Instituciones y Procedimientos Electorales; de la Ley General de Partidos Pol\u00edticos; de la Ley Org\u00e1nica del Poder Judicial de la Federaci\u00f3n y expide la Ley General de los Medios de Impugnaci\u00f3n en Materia Electoral.<\/strong><\/span><\/p>\n<p>&nbsp;<\/p>\n<p class=\"p1\"><span style=\"font-size: 18pt;\"><strong>En conferencia de prensa matutina, el presidente\u00a0Andr\u00e9s Manuel L\u00f3pez Obrador asegur\u00f3 que el proyecto de reformas en las leyes secundarias en materia electoral, promovido por el Ejecutivo, significar\u00e1 cambios importantes en beneficio del pueblo.<\/strong><\/span><\/p>\n<p>&nbsp;<\/p>\n<blockquote>\n<p class=\"p1\"><span style=\"font-size: 14pt;\">Que haya austeridad en el manejo del presupuesto del Instituto Nacional Electoral porque tienen un gran aparato burocr\u00e1tico con sueldos elevad\u00edsimos, entonces ahora con esta reforma se logran compactar algunas \u00e1reas para que se haga m\u00e1s con menos, como todos\u201d<\/span><\/p>\n<\/blockquote>\n<p>&nbsp;<\/p>\n<p class=\"p1\"><span style=\"font-size: 18pt;\"><strong>Las modificaciones evitar\u00e1n pr\u00e1cticas que se llevan a cabo para cometer fraudes, como la entrega de monederos electr\u00f3nicos, dinero en efectivo o tarjetas de prepago. De esta manera, dijo, se respetar\u00e1 la voluntad popular y los derechos ciudadanos.<\/strong><\/span><\/p>\n<p>&nbsp;<\/p>\n<blockquote>\n<p class=\"p1\"><span style=\"font-size: 14pt;\">Es una verg\u00fcenza lo que han significado los fraudes electorales en nuestro pa\u00eds; ha sido M\u00e9xico uno de los pa\u00edses con m\u00e1s fraudes en el mundo y eso es lo que defendieron ahora los conservadores\u201d<\/span><\/p>\n<\/blockquote>\n<p>&nbsp;<\/p>\n<p class=\"p1\"><span style=\"font-size: 18pt;\"><strong>Sobre la inclusi\u00f3n de la llamada transferencia de votos entre partidos pol\u00edticos, <span style=\"font-size: 18pt;\"> Andr\u00e9s Manuel L\u00f3pez Obrador <\/span>sostuvo que podr\u00eda vetar esta iniciativa al ser contradictoria con los valores democr\u00e1ticos.<\/strong><\/span><\/p>\n<p>&nbsp;<\/p>\n<blockquote>\n<p class=\"p1\"><span style=\"font-size: 14pt;\">Si lo considero, la puedo vetar. Si es un asunto de principios, lo hago porque somos dem\u00f3cratas aut\u00e9nticos, no farsantes, entonces lo que nos importa son los principios. Cuando uno tiene que decidir entre eficacia pol\u00edtica y principios; no hay que titubear. (\u2026) Son cosas que tienen que ver con las convicciones y la autoridad moral\u201d<\/span><\/p>\n<\/blockquote>\n<p>&nbsp;<\/p>\n<p class=\"p1\"><span style=\"font-size: 14pt;\">Confi\u00f3 en que las y los legisladores de la C\u00e1mara de Diputados debatir\u00e1n y har\u00e1n las correcciones pertinentes con el objetivo de preservar una aut\u00e9ntica democracia.<\/span><\/p>\n<p>&nbsp;<\/p>\n<blockquote>\n<p class=\"p1\"><span style=\"font-size: 14pt;\">Que ellos lo debatan y se defiendan primero los principios. Aqu\u00ed hay algo fundamental, la democracia en M\u00e9xico es el pueblo, ya no es la oligarqu\u00eda. (\u2026) Si no lo mejoran en la C\u00e1mara, me pasan esto y considero que si es una contradicci\u00f3n y afecta \u2013como dice el compa\u00f1ero\u2013, la veto, aunque se invalide todo, por eso encima de los principios, nada\u201d<\/span><\/p>\n<\/blockquote>\n","protected":false},"excerpt":{"rendered":"<p>&nbsp; CIUDAD DE M\u00c9XICO. El presidente Andr\u00e9s Manuel L\u00f3pez Obrador reconoci\u00f3 a las y los senadores por aprobar en lo<\/p>\n","protected":false},"author":4,"featured_media":13763,"comment_status":"closed","ping_status":"closed","sticky":false,"template":"","format":"standard","meta":{"colormag_page_container_layout":"default_layout","colormag_page_sidebar_layout":"default_layout","_jetpack_memberships_contains_paid_content":false,"footnotes":"","jetpack_publicize_message":"","jetpack_publicize_feature_enabled":true,"jetpack_social_post_already_shared":false,"jetpack_social_options":{"image_generator_settings":{"template":"highway","default_image_id":0,"font":"","enabled":false},"version":2}},"categories":[33],"tags":[95,561,357],"class_list":["post-13762","post","type-post","status-publish","format-standard","has-post-thumbnail","hentry","category-nacional","tag-andres-manuel-lopez-obrador","tag-reforma-electoral","tag-senado"],"jetpack_publicize_connections":[],"jetpack_featured_media_url":"https:\/\/i0.wp.com\/politicosaldesnudo.com.mx\/wp-content\/uploads\/2022\/12\/P-PRESIDENTE-LEY-ELECTORAL-1.png?fit=1816%2C1016&ssl=1","jetpack-related-posts":[],"jetpack_sharing_enabled":true,"_links":{"self":[{"href":"https:\/\/politicosaldesnudo.com.mx\/index.php\/wp-json\/wp\/v2\/posts\/13762","targetHints":{"allow":["GET"]}}],"collection":[{"href":"https:\/\/politicosaldesnudo.com.mx\/index.php\/wp-json\/wp\/v2\/posts"}],"about":[{"href":"https:\/\/politicosaldesnudo.com.mx\/index.php\/wp-json\/wp\/v2\/types\/post"}],"author":[{"embeddable":true,"href":"https:\/\/politicosaldesnudo.com.mx\/index.php\/wp-json\/wp\/v2\/users\/4"}],"replies":[{"embeddable":true,"href":"https:\/\/politicosaldesnudo.com.mx\/index.php\/wp-json\/wp\/v2\/comments?post=13762"}],"version-history":[{"count":0,"href":"https:\/\/politicosaldesnudo.com.mx\/index.php\/wp-json\/wp\/v2\/posts\/13762\/revisions"}],"wp:featuredmedia":[{"embeddable":true,"href":"https:\/\/politicosaldesnudo.com.mx\/index.php\/wp-json\/wp\/v2\/media\/13763"}],"wp:attachment":[{"href":"https:\/\/politicosaldesnudo.com.mx\/index.php\/wp-json\/wp\/v2\/media?parent=13762"}],"wp:term":[{"taxonomy":"category","embeddable":true,"href":"https:\/\/politicosaldesnudo.com.mx\/index.php\/wp-json\/wp\/v2\/categories?post=13762"},{"taxonomy":"post_tag","embeddable":true,"href":"https:\/\/politicosaldesnudo.com.mx\/index.php\/wp-json\/wp\/v2\/tags?post=13762"}],"curies":[{"name":"wp","href":"https:\/\/api.w.org\/{rel}","templated":true}]}}