{"id":13994,"date":"2022-12-21T05:20:49","date_gmt":"2022-12-21T11:20:49","guid":{"rendered":"https:\/\/politicosaldesnudo.com.mx\/?p=13994"},"modified":"2022-12-22T19:11:04","modified_gmt":"2022-12-23T01:11:04","slug":"justicia-y-legalidad-a-la-medida","status":"publish","type":"post","link":"https:\/\/politicosaldesnudo.com.mx\/index.php\/2022\/12\/21\/justicia-y-legalidad-a-la-medida\/","title":{"rendered":"Justicia y legalidad a la medida"},"content":{"rendered":"<p>&nbsp;<\/p>\n<p class=\"p1\"><span style=\"font-size: 18pt;\"><b>Por \u00c1ngel \u00c1lvaro Pe\u00f1a<\/b><\/span><\/p>\n<p class=\"p1\"><span style=\"font-size: 14pt;\">La denuncia p\u00fablica de una mujer condenada a 50 a\u00f1os de prisi\u00f3n por abortar, luego de ser violada por el comisario de Chilapa, Guerrero, es una muestra de c\u00f3mo se aplica la justicia en M\u00e9xico. Sin importar si est\u00e1 lejos o cerca del centro del pa\u00eds, las violaciones a las leyes empiezan a cometerse principalmente por los encargados de administrar la justicia.<\/span><\/p>\n<p class=\"p1\"><span style=\"font-size: 18pt;\"><strong>Es com\u00fan escuchar decir al Presidente que los conservadores viven en una esfera de cristal de la que no salen porque no tienen contacto con el pueblo; sin embargo, la complejidad de la realidad en M\u00e9xico impide que una sola persona conozca la totalidad de los conflictos. En primer lugar, porque los colaboradores no informan todo al Presidente. La jerarquizaci\u00f3n de los problemas obedece a la visi\u00f3n personal de quienes le informan y, sobre todo, de sus intereses, en la mayor parte en cuestiones electorales.<\/strong><\/span><\/p>\n<p class=\"p1\"><span style=\"font-size: 18pt;\"><strong>Ante esta realidad, donde le vendan los ojos al Presidente, es para crear puntos negros, sobre todo en la impartici\u00f3n de justicia, donde, si bien el Poder Judicial es un poder paralelo y similar; el propio L\u00f3pez Obrador confes\u00f3, en esa misma denuncia, que tiene una buena relaci\u00f3n.<\/strong><\/span><\/p>\n<p><img data-recalc-dims=\"1\" loading=\"lazy\" decoding=\"async\" class=\"aligncenter wp-image-13995 size-large\" src=\"https:\/\/i0.wp.com\/politicosaldesnudo.com.mx\/wp-content\/uploads\/2022\/12\/P-PRESIDENTE-AMLO-1-1024x573.png?resize=800%2C448&#038;ssl=1\" alt=\"\" width=\"800\" height=\"448\" srcset=\"https:\/\/i0.wp.com\/politicosaldesnudo.com.mx\/wp-content\/uploads\/2022\/12\/P-PRESIDENTE-AMLO-1.png?resize=1024%2C573&amp;ssl=1 1024w, https:\/\/i0.wp.com\/politicosaldesnudo.com.mx\/wp-content\/uploads\/2022\/12\/P-PRESIDENTE-AMLO-1.png?resize=300%2C168&amp;ssl=1 300w, https:\/\/i0.wp.com\/politicosaldesnudo.com.mx\/wp-content\/uploads\/2022\/12\/P-PRESIDENTE-AMLO-1.png?resize=768%2C430&amp;ssl=1 768w, https:\/\/i0.wp.com\/politicosaldesnudo.com.mx\/wp-content\/uploads\/2022\/12\/P-PRESIDENTE-AMLO-1.png?resize=1536%2C859&amp;ssl=1 1536w, https:\/\/i0.wp.com\/politicosaldesnudo.com.mx\/wp-content\/uploads\/2022\/12\/P-PRESIDENTE-AMLO-1.png?w=1816&amp;ssl=1 1816w, https:\/\/i0.wp.com\/politicosaldesnudo.com.mx\/wp-content\/uploads\/2022\/12\/P-PRESIDENTE-AMLO-1.png?w=1600&amp;ssl=1 1600w\" sizes=\"auto, (max-width: 800px) 100vw, 800px\" \/><\/p>\n<p>&nbsp;<\/p>\n<p class=\"p1\"><span style=\"font-size: 14pt;\">Ya no son tiempos en los que el Legislativo y el Judicial est\u00e9n bajo el mando del Ejecutivo, pero ante el pa\u00eds y el mundo, los tres poderes representan una misma imagen. Son partes de un todo que debe ser congruente uno con el otro. No puede avanzar un poder m\u00e1s all\u00e1 que el resto, y esto es lo que, lamentablemente, sucede en M\u00e9xico, donde el Poder Judicial, es el principal ejecutor de ilegalidades e injusticias.<\/span><\/p>\n<p class=\"p1\"><span style=\"font-size: 18pt;\"><strong>Aqu\u00ed el problema radica en que quieren levantar el vuelo, pero el lastre del resto de los poderes se lo impiden, porque la justicia es el tema m\u00e1s rezagado en la pol\u00edtica y la administraci\u00f3n p\u00fablica el pa\u00eds. Mientras el Presidente habla acerca de la justicia en M\u00e9xico, el Poder Judicial fabrica delincuentes como siempre lo ha hecho, se trata de una tradici\u00f3n que no puede terminar en esos espacios de la administraci\u00f3n p\u00fabica, donde el propio Presidente asegura que hay una buena relaci\u00f3n, lo cual lo convierte en c\u00f3mplice solidario de las acciones o las omisiones de la justicia, como el caso arriba denunciado.<\/strong><\/span><\/p>\n<p class=\"p1\"><span style=\"font-size: 14pt;\">Para nadie es un secreto que en algunos estados de la Rep\u00fablica son los gobernadores los que sugieren, escogen y designan a sus fiscales generales y les dan \u00f3rdenes, tanto as\u00ed que llegan a tener presos pol\u00edticos en sus penales. Es decir, el Poder Judicial no es s\u00f3lo la Suprema Corte o los magistrados de la capital, sino toda una serie de personajes que en el anonimato que les permite su cargo en el interior del pa\u00eds, est\u00e1n no s\u00f3lo bajo las \u00f3rdenes de los gobernadores y sus secretarios de gobierno, sino que llega a pensarse que reciben \u00f3rdenes de m\u00e1s arriba.<\/span><\/p>\n<p class=\"p1\"><span style=\"font-size: 18pt; color: #139eca;\"><strong>Un poco el enga\u00f1o al Presidente, otro poco la falta de inter\u00e9s de \u00e9ste, por conocer m\u00e1s all\u00e1 de los que dicen los medios y otro que las costumbres hacen vicios y tardan en erradicarse. Debe haber justicia para todos, pero para todos sin excepci\u00f3n.<\/strong><\/span><\/p>\n<p>&nbsp;<\/p>\n<p class=\"p1\"><span style=\"font-size: 18pt; color: #139eca;\"><b>PEGA Y CORRE<\/b><\/span><\/p>\n<p class=\"p1\"><span style=\"font-size: 14pt;\">El Alto Comisionado para los Derechos Humanos de la ONU, Volker T\u00fcrk convoc\u00f3 a las autoridades mexicanas a proteger a los periodistas de las agresiones que sufren y coment\u00f3 que no necesitan m\u00e1s ataques de las mismas autoridades. Dijo que las autoridades mexicanas no son capaces de brindar dicha seguridad.<\/span><\/p>\n<p>&nbsp;<\/p>\n<p>&nbsp;<\/p>\n<p class=\"p1\"><span style=\"font-size: 18pt;\"><strong>Esta columna se publica los lunes, mi\u00e9rcoles y viernes<\/strong><\/span><\/p>\n<p>&nbsp;<\/p>\n<p><span style=\"font-size: 18pt; color: #319eca;\"><em><strong>**Las columnas firmadas en este medio son responsabilidad de quienes las firman**<\/strong><\/em><\/span><\/p>\n<p>&nbsp;<\/p>\n<p>&nbsp;<\/p>\n<p>&nbsp;<\/p>\n","protected":false},"excerpt":{"rendered":"<p>&nbsp; Por \u00c1ngel \u00c1lvaro Pe\u00f1a La denuncia p\u00fablica de una mujer condenada a 50 a\u00f1os de prisi\u00f3n por abortar, luego<\/p>\n","protected":false},"author":4,"featured_media":3775,"comment_status":"closed","ping_status":"closed","sticky":false,"template":"","format":"standard","meta":{"colormag_page_container_layout":"default_layout","colormag_page_sidebar_layout":"default_layout","_jetpack_memberships_contains_paid_content":false,"footnotes":"","jetpack_publicize_message":"","jetpack_publicize_feature_enabled":true,"jetpack_social_post_already_shared":false,"jetpack_social_options":{"image_generator_settings":{"template":"highway","default_image_id":0,"font":"","enabled":false},"version":2}},"categories":[26],"tags":[95,1752],"class_list":["post-13994","post","type-post","status-publish","format-standard","has-post-thumbnail","hentry","category-columnistas","tag-andres-manuel-lopez-obrador","tag-justicia"],"jetpack_publicize_connections":[],"jetpack_featured_media_url":"https:\/\/i0.wp.com\/politicosaldesnudo.com.mx\/wp-content\/uploads\/2022\/04\/A%CC%81NGEL-A%CC%81LVARO-PEN%CC%83A1.png?fit=1816%2C1016&ssl=1","jetpack-related-posts":[],"jetpack_sharing_enabled":true,"_links":{"self":[{"href":"https:\/\/politicosaldesnudo.com.mx\/index.php\/wp-json\/wp\/v2\/posts\/13994","targetHints":{"allow":["GET"]}}],"collection":[{"href":"https:\/\/politicosaldesnudo.com.mx\/index.php\/wp-json\/wp\/v2\/posts"}],"about":[{"href":"https:\/\/politicosaldesnudo.com.mx\/index.php\/wp-json\/wp\/v2\/types\/post"}],"author":[{"embeddable":true,"href":"https:\/\/politicosaldesnudo.com.mx\/index.php\/wp-json\/wp\/v2\/users\/4"}],"replies":[{"embeddable":true,"href":"https:\/\/politicosaldesnudo.com.mx\/index.php\/wp-json\/wp\/v2\/comments?post=13994"}],"version-history":[{"count":0,"href":"https:\/\/politicosaldesnudo.com.mx\/index.php\/wp-json\/wp\/v2\/posts\/13994\/revisions"}],"wp:featuredmedia":[{"embeddable":true,"href":"https:\/\/politicosaldesnudo.com.mx\/index.php\/wp-json\/wp\/v2\/media\/3775"}],"wp:attachment":[{"href":"https:\/\/politicosaldesnudo.com.mx\/index.php\/wp-json\/wp\/v2\/media?parent=13994"}],"wp:term":[{"taxonomy":"category","embeddable":true,"href":"https:\/\/politicosaldesnudo.com.mx\/index.php\/wp-json\/wp\/v2\/categories?post=13994"},{"taxonomy":"post_tag","embeddable":true,"href":"https:\/\/politicosaldesnudo.com.mx\/index.php\/wp-json\/wp\/v2\/tags?post=13994"}],"curies":[{"name":"wp","href":"https:\/\/api.w.org\/{rel}","templated":true}]}}