{"id":14062,"date":"2022-12-22T03:40:11","date_gmt":"2022-12-22T09:40:11","guid":{"rendered":"https:\/\/politicosaldesnudo.com.mx\/?p=14062"},"modified":"2022-12-24T06:45:30","modified_gmt":"2022-12-24T12:45:30","slug":"urge-lider-para-el-pri","status":"publish","type":"post","link":"https:\/\/politicosaldesnudo.com.mx\/index.php\/2022\/12\/22\/urge-lider-para-el-pri\/","title":{"rendered":"Urge l\u00edder para el PRI"},"content":{"rendered":"<p>&nbsp;<\/p>\n<p class=\"p1\"><span style=\"font-size: 18pt;\"><b>Por \u00c1ngel \u00c1lvaro Pe\u00f1a<\/b><\/span><\/p>\n<p class=\"p1\"><span style=\"font-size: 18pt;\"><strong>La sorpresiva reforma a los documentos b\u00e1sicos, propuesta por Alejandro Moreno C\u00e1rdenas, para prolongar su mandato provoca rechazo entre quienes quieren que esa decisi\u00f3n sea revocada por las autoridades correspondientes que incluyen al INE o al Tribunal Electoral. Aunque hay dudas sobre la imparcialidad de estos \u00f3rganos debido a la amistad del l\u00edder nacional del PRI con ministros de ese tribunal y consejeros electorales del \u00e1rbitro electoral.<\/strong><\/span><\/p>\n<p class=\"p1\"><span style=\"font-size: 18pt; color: #139eca;\"><strong>Los cambios que Alejandro Moreno someti\u00f3 a votaci\u00f3n en una asamblea nacional, implican que su liderazgo perdure hasta 2024, con el objetivo de poder designar candidaturas para los cargos de elecci\u00f3n popular de ese a\u00f1o.<\/strong><\/span><\/p>\n<p>&nbsp;<\/p>\n<p><img data-recalc-dims=\"1\" loading=\"lazy\" decoding=\"async\" class=\"aligncenter wp-image-14063 size-large\" src=\"https:\/\/i0.wp.com\/politicosaldesnudo.com.mx\/wp-content\/uploads\/2022\/12\/P-ALEJANDRO-MORENO-2-1024x573.png?resize=800%2C448&#038;ssl=1\" alt=\"\" width=\"800\" height=\"448\" srcset=\"https:\/\/i0.wp.com\/politicosaldesnudo.com.mx\/wp-content\/uploads\/2022\/12\/P-ALEJANDRO-MORENO-2.png?resize=1024%2C573&amp;ssl=1 1024w, https:\/\/i0.wp.com\/politicosaldesnudo.com.mx\/wp-content\/uploads\/2022\/12\/P-ALEJANDRO-MORENO-2.png?resize=300%2C168&amp;ssl=1 300w, https:\/\/i0.wp.com\/politicosaldesnudo.com.mx\/wp-content\/uploads\/2022\/12\/P-ALEJANDRO-MORENO-2.png?resize=768%2C430&amp;ssl=1 768w, https:\/\/i0.wp.com\/politicosaldesnudo.com.mx\/wp-content\/uploads\/2022\/12\/P-ALEJANDRO-MORENO-2.png?resize=1536%2C859&amp;ssl=1 1536w, https:\/\/i0.wp.com\/politicosaldesnudo.com.mx\/wp-content\/uploads\/2022\/12\/P-ALEJANDRO-MORENO-2.png?w=1816&amp;ssl=1 1816w, https:\/\/i0.wp.com\/politicosaldesnudo.com.mx\/wp-content\/uploads\/2022\/12\/P-ALEJANDRO-MORENO-2.png?w=1600&amp;ssl=1 1600w\" sizes=\"auto, (max-width: 800px) 100vw, 800px\" \/><\/p>\n<p>&nbsp;<\/p>\n<p class=\"p1\"><span style=\"font-size: 18pt;\"><strong>Por su parte, la ex presidenta del PRI, Dulce Mar\u00eda Sauri Riancho, advirti\u00f3 que los pri\u00edstas tienen que acudir a las instancias legales a su alcance para controvertir las recientes reformas a los estatutos y reglamentos de su partido, que permiten prolongar el periodo de la dirigencia nacional que encabeza Moreno C\u00e1rdenas.<\/strong><\/span><\/p>\n<p class=\"p1\"><span style=\"font-size: 18pt; color: #139eca;\"><strong>Por su parte, la senadora Beatriz Paredes, ex dirigente del PRI, coincidi\u00f3 en que \u201ccualquier intento de pr\u00f3rroga, de quien fuese, tiene como elemento esencial, como principal condici\u00f3n, alcanzar el m\u00e1s alto grado de consenso. Entonces, creo que es un asunto que genera innecesariamente nuevas tensiones hacia el interior del partido\u201d.<\/strong><\/span><\/p>\n<p class=\"p1\"><span style=\"font-size: 14pt;\">La diputada local en Tlaxcala del PRI,\u00a0Blanca \u00c1guila Lima, rechaz\u00f3 las reformas que se aprobaron en el Consejo Pol\u00edtico Nacional y recomend\u00f3 que el presidente nacional del partido renuncie a su cargo, en lugar de extender su periodo.<\/span><\/p>\n<p class=\"p1\"><span style=\"font-size: 18pt;\"><strong>Omar Fayad, exgobernador de Hidalgo, asegur\u00f3 que, con la extensi\u00f3n en el cargo y decisiones del dirigente nacional del PRI, Alejandro Moreno, se corre el riesgo de que el tricolor se quede sin candidatura presidencial y \u00e9sta sea liderada por el PAN, en una posible alianza partidista.<\/strong><\/span><\/p>\n<p class=\"p1\"><span style=\"font-size: 14pt;\">Pero no s\u00f3lo hay reclamos, tambi\u00e9n hay renuncias de dirigentes como la del ex gobernador de Gurrero, H\u00e9ctor Astudillo, quien renunci\u00f3 a su cargo en el Consejo Pol\u00edtico Nacional y se prev\u00e9 una desbandada de militantes del tricolor, ya sea a otros partidos o a la vida civil sin militancia.<\/span><\/p>\n<p class=\"p1\"><span style=\"font-size: 18pt;\"><strong>La ruptura en el PRI, provocada por la ambici\u00f3n personal de Alejandro Moreno puede se resarcida s\u00f3lo por un liderazgo fuerte, m\u00e1s all\u00e1 de la batalla que encabeza el ex secretario de Gobernaci\u00f3n, Miguel \u00c1ngel Osorio Chong, quien lidera la parte opositora del pri\u00edsmo contra Moreno C\u00e1rdenas.<\/strong><\/span><\/p>\n<p class=\"p1\"><span style=\"font-size: 14pt;\">Chong no habla de unificaci\u00f3n, de reconciliaci\u00f3n o de crear frentes comunes para fortalecer la vida interna y electoral del tricolor, sino de dividirlo en dos. De ah\u00ed que haga falta un voluntario que en el PRI hay varios, que convoque a la unidad y que establezca los equilibrios necesarios para la reconciliaci\u00f3n, \u00fanica v\u00eda para fortalecer al partido que se mantuvo en el poder por casi 80 a\u00f1os.<\/span><\/p>\n<p class=\"p1\"><span style=\"font-size: 18pt;\"><strong>As\u00ed, en este proceso de descomposici\u00f3n surgen figuras que establecen un liderazgo que no por discreto es menos s\u00f3lido, como es el caso de H\u00e9ctor Yunes Landa, quien compitiera por la gubernatura de Veracruz en las elecciones pasadas y tuvo que resistir la ola de votaci\u00f3n en favor de Morena que, en muchos casos, sin reparar en los candidatos, se volcaron por los colores del partido, pero no por la fortaleza de sus candidatos.<\/strong><\/span><\/p>\n<p>&nbsp;<\/p>\n<p><img data-recalc-dims=\"1\" loading=\"lazy\" decoding=\"async\" class=\"aligncenter wp-image-14065 size-large\" src=\"https:\/\/i0.wp.com\/politicosaldesnudo.com.mx\/wp-content\/uploads\/2022\/12\/P-PRI-HECTOR-YUNES-1024x573.png?resize=800%2C448&#038;ssl=1\" alt=\"\" width=\"800\" height=\"448\" srcset=\"https:\/\/i0.wp.com\/politicosaldesnudo.com.mx\/wp-content\/uploads\/2022\/12\/P-PRI-HECTOR-YUNES.png?resize=1024%2C573&amp;ssl=1 1024w, https:\/\/i0.wp.com\/politicosaldesnudo.com.mx\/wp-content\/uploads\/2022\/12\/P-PRI-HECTOR-YUNES.png?resize=300%2C168&amp;ssl=1 300w, https:\/\/i0.wp.com\/politicosaldesnudo.com.mx\/wp-content\/uploads\/2022\/12\/P-PRI-HECTOR-YUNES.png?resize=768%2C430&amp;ssl=1 768w, https:\/\/i0.wp.com\/politicosaldesnudo.com.mx\/wp-content\/uploads\/2022\/12\/P-PRI-HECTOR-YUNES.png?resize=1536%2C859&amp;ssl=1 1536w, https:\/\/i0.wp.com\/politicosaldesnudo.com.mx\/wp-content\/uploads\/2022\/12\/P-PRI-HECTOR-YUNES.png?w=1816&amp;ssl=1 1816w, https:\/\/i0.wp.com\/politicosaldesnudo.com.mx\/wp-content\/uploads\/2022\/12\/P-PRI-HECTOR-YUNES.png?w=1600&amp;ssl=1 1600w\" sizes=\"auto, (max-width: 800px) 100vw, 800px\" \/><\/p>\n<p>&nbsp;<\/p>\n<p class=\"p1\"><span style=\"font-size: 14pt;\">H\u00e9ctor Yunes Landa ingresa al PRI a los 19 a\u00f1os y recorre diferentes cargos de elecci\u00f3n popular como dos veces diputado local en el Congreso de Veracruz, senador de la Rep\u00fablica. En 1981 se convierte en el secretario general del Movimiento Nacional de J\u00f3venes Revolucionarios del Estado; de 1982 a 1989, fue el secretario general nacional de la Organizaci\u00f3n Revolucionaria Popular Juvenil.<\/span><\/p>\n<p class=\"p1\"><span style=\"font-size: 14pt;\">Entre 1985 y 1988, H\u00e9ctor Yunes Landa se desempe\u00f1\u00f3 como diputado federal por primera vez en la LIII Legislatura del Congreso de la Uni\u00f3n de M\u00e9xico; se sent\u00f3 en comit\u00e9s relacionados con la Marina, Pesca, Medio Ambiente, Ecolog\u00eda, Asuntos Fronterizos, Justicia e Informaci\u00f3n, Administraci\u00f3n y Quejas.<\/span><\/p>\n<p class=\"p1\"><span style=\"font-size: 18pt; color: #139eca;\"><strong>Es un l\u00edder natural del pri\u00edsmo, no s\u00f3lo en Veracruz donde todav\u00eda el tricolor tiene bases fuertes y con mucha actividad pol\u00edtica, sino que puede ser un factor de unidad nacional, dado el conocimiento de su partido y el liderazgo y respeto que ostenta en las filas de su partido. De hecho, en 2018 sucedi\u00f3 la primera derrota del PRI en la entidad.<\/strong><\/span><\/p>\n<p class=\"p1\"><span style=\"font-size: 18pt;\"><strong>El PRI tiene dos caminos: la divisi\u00f3n y crear una alianza trunca con otros partidos o la unidad para convertirse en la punta de lanza de la coalici\u00f3n electoral de la oposici\u00f3n. La divisi\u00f3n es m\u00e1s f\u00e1cil y r\u00e1pida pero no deja de ser un riesgo no s\u00f3lo para la sobrevivencia de un partido pol\u00edtico que sent\u00f3 las bases de las instituciones en el pa\u00eds sino para la democracia de M\u00e9xico que exige de una oposici\u00f3n fuerte en su interior y con empuje electoral en su exterior.<\/strong><\/span><\/p>\n<p class=\"p1\"><span style=\"font-size: 14pt;\">La oposici\u00f3n guarda debilidades no siempre conocidas del todo como es el hecho de que el PAN, cuyo registro como partido est\u00e1 en peligro por la falta de militancia,\u00a0pues su n\u00famero de militantes es \u00ednfimo, suma 270 mil 799, que representan el 0.28 por ciento del Padr\u00f3n Electoral Federal y la Ley General de Partidos Pol\u00edticos establece que el n\u00famero de militantes no puede ser inferior al 0.26 por ciento; sin embargo, debe tomarse en cuenta que esos n\u00fameros son de hace m\u00e1s de un a\u00f1o y debe tomarse en cuenta que el padr\u00f3n creci\u00f3 y las desbandadas en el blanquiazul no han sido pocas, de tal manera que la c\u00fapula panista convoc\u00f3 a la sociedad a afiliarse a ese partido.<\/span><\/p>\n<p class=\"p1\"><span style=\"font-size: 18pt;\"><strong>Hay mucho trabajo en el PRI y en el PAN y poco tiempo para concretarlo con el objetivo de fortalecerlo en comicios pr\u00f3ximos, primero, el 4 de junio, en las elecciones estatales del Estado de M\u00e9xico y Coahuila, para renovar gobernadores y luego, en 2024, donde, adem\u00e1s de la Presidencia de la Rep\u00fablica, estar\u00e1n el juego nueve gubernaturas, donde podr\u00eda jugarse el fortalecimiento de la oposici\u00f3n o su decadencia.<\/strong><\/span><\/p>\n<p class=\"p1\"><span style=\"font-size: 14pt;\">En ambos partidos hace falta un l\u00edder fuerte, que sea respetado en todos los rincones del pa\u00eds y que sepa m\u00e1s de reconciliaci\u00f3n que de divisi\u00f3n, para poder generar, desde el interior de esos dos partidos, fortaleza que, al unirse, pueda tener verdaderas perspectivas de triunfo en las urnas.<\/span><\/p>\n<p>&nbsp;<\/p>\n<p class=\"p1\"><span style=\"font-size: 18pt; color: #139eca;\"><strong>PEGA Y CORRE<\/strong><\/span><\/p>\n<p class=\"p1\"><span style=\"font-size: 14pt;\">A pesar de la crisis econ\u00f3mica de Estados Unidos, el Senado autoriz\u00f3 45 mil millones de d\u00f3lares en ayuda a Ucrania, luego de la visita del presidente de ese pa\u00eds, Voldimir Zelensky, quien saludara a Joe Biden en la Casa Blanca.<\/span><\/p>\n<p>&nbsp;<\/p>\n<p>&nbsp;<\/p>\n<p class=\"p1\"><span style=\"font-size: 18pt;\"><strong>Esta columna se publica los lunes, mi\u00e9rcoles y viernes<\/strong><\/span><\/p>\n<p>&nbsp;<\/p>\n<p><span style=\"font-size: 18pt; color: #319eca;\"><em><strong>**Las columnas firmadas en este medio son responsabilidad de quienes las firman**<\/strong><\/em><\/span><\/p>\n<p>&nbsp;<\/p>\n<p>&nbsp;<\/p>\n<p>&nbsp;<\/p>\n<p>&nbsp;<\/p>\n<p>&nbsp;<\/p>\n<p>&nbsp;<\/p>\n","protected":false},"excerpt":{"rendered":"<p>&nbsp; Por \u00c1ngel \u00c1lvaro Pe\u00f1a La sorpresiva reforma a los documentos b\u00e1sicos, propuesta por Alejandro Moreno C\u00e1rdenas, para prolongar su<\/p>\n","protected":false},"author":4,"featured_media":3775,"comment_status":"closed","ping_status":"closed","sticky":false,"template":"","format":"standard","meta":{"colormag_page_container_layout":"default_layout","colormag_page_sidebar_layout":"default_layout","_jetpack_memberships_contains_paid_content":false,"footnotes":"","jetpack_publicize_message":"","jetpack_publicize_feature_enabled":true,"jetpack_social_post_already_shared":false,"jetpack_social_options":{"image_generator_settings":{"template":"highway","default_image_id":0,"font":"","enabled":false},"version":2}},"categories":[26],"tags":[447,1643,1972,242,226],"class_list":["post-14062","post","type-post","status-publish","format-standard","has-post-thumbnail","hentry","category-columnistas","tag-alejandro-moreno","tag-beatriz-paredes","tag-hector-yunes-landa","tag-omar-fayad","tag-pri"],"jetpack_publicize_connections":[],"jetpack_featured_media_url":"https:\/\/i0.wp.com\/politicosaldesnudo.com.mx\/wp-content\/uploads\/2022\/04\/A%CC%81NGEL-A%CC%81LVARO-PEN%CC%83A1.png?fit=1816%2C1016&ssl=1","jetpack-related-posts":[],"jetpack_sharing_enabled":true,"_links":{"self":[{"href":"https:\/\/politicosaldesnudo.com.mx\/index.php\/wp-json\/wp\/v2\/posts\/14062","targetHints":{"allow":["GET"]}}],"collection":[{"href":"https:\/\/politicosaldesnudo.com.mx\/index.php\/wp-json\/wp\/v2\/posts"}],"about":[{"href":"https:\/\/politicosaldesnudo.com.mx\/index.php\/wp-json\/wp\/v2\/types\/post"}],"author":[{"embeddable":true,"href":"https:\/\/politicosaldesnudo.com.mx\/index.php\/wp-json\/wp\/v2\/users\/4"}],"replies":[{"embeddable":true,"href":"https:\/\/politicosaldesnudo.com.mx\/index.php\/wp-json\/wp\/v2\/comments?post=14062"}],"version-history":[{"count":0,"href":"https:\/\/politicosaldesnudo.com.mx\/index.php\/wp-json\/wp\/v2\/posts\/14062\/revisions"}],"wp:featuredmedia":[{"embeddable":true,"href":"https:\/\/politicosaldesnudo.com.mx\/index.php\/wp-json\/wp\/v2\/media\/3775"}],"wp:attachment":[{"href":"https:\/\/politicosaldesnudo.com.mx\/index.php\/wp-json\/wp\/v2\/media?parent=14062"}],"wp:term":[{"taxonomy":"category","embeddable":true,"href":"https:\/\/politicosaldesnudo.com.mx\/index.php\/wp-json\/wp\/v2\/categories?post=14062"},{"taxonomy":"post_tag","embeddable":true,"href":"https:\/\/politicosaldesnudo.com.mx\/index.php\/wp-json\/wp\/v2\/tags?post=14062"}],"curies":[{"name":"wp","href":"https:\/\/api.w.org\/{rel}","templated":true}]}}