{"id":14077,"date":"2022-12-23T07:00:42","date_gmt":"2022-12-23T13:00:42","guid":{"rendered":"https:\/\/politicosaldesnudo.com.mx\/?p=14077"},"modified":"2022-12-26T10:19:55","modified_gmt":"2022-12-26T16:19:55","slug":"proteccion-civil-de-tuxpan-en-alerta-por-el-paso-del-frente-frio-no19","status":"publish","type":"post","link":"https:\/\/politicosaldesnudo.com.mx\/index.php\/2022\/12\/23\/proteccion-civil-de-tuxpan-en-alerta-por-el-paso-del-frente-frio-no19\/","title":{"rendered":"Afectar\u00e1 toda la semana, Protecci\u00f3n Civil de Tuxpan en alerta por el Frente Fr\u00edo N\u00ba19"},"content":{"rendered":"<p>&nbsp;<\/p>\n<p>&nbsp;<\/p>\n<p class=\"p1\" style=\"text-align: center;\"><span style=\"font-size: 18pt;\"><strong>&lt;&lt; Desde temprana hora se atiende ca\u00edda de \u00e1rboles en colonias y comunidades &gt;&gt;<\/strong><\/span><\/p>\n<p class=\"p1\" style=\"text-align: center;\"><span style=\"font-size: 18pt;\"><strong>&lt;&lt; PC, Bomberos y SSPM realizan recorridos para asistir a personas en situaci\u00f3n de calle &gt;&gt;<\/strong><\/span><\/p>\n<p>&nbsp;<\/p>\n<p class=\"p1\"><span style=\"font-size: 14pt;\"><em><strong>TUXPAN, VERACRUZ.<\/strong> <\/em><strong>Por instrucciones del presidente municipal Jos\u00e9 Manuel Pozos Castro todas las dependencias del gobierno municipal se encuentran en alerta permanente<\/strong>, as\u00ed como Protecci\u00f3n Civil, para <strong>atender en forma inmediata cualquier solicitud de ayuda de la poblaci\u00f3n, ante los efectos del Frente Fr\u00edo N\u00ba19 y su masa de aire \u00e1rtica.<\/strong><\/span><\/p>\n<p class=\"p1\"><span style=\"font-size: 18pt;\"><strong>Desde temprana hora, elementos de Protecci\u00f3n Civil, Bomberos y de Seguridad P\u00fablica Municipal acudieron a la comunidad Banderas y a la calle \u00c1lvaro Obreg\u00f3n de la colonia Adolfo Ruiz Cortines, donde realizaron labores para retirar \u00e1rboles que cayeron a causa de los fuertes vientos.<\/strong><\/span><\/p>\n<p class=\"p1\"><span style=\"font-size: 14pt;\">Asimismo, las cuadrillas de auxilio se encuentran realizando recorridos por toda la ciudad para apoyar en forma inmediata a la poblaci\u00f3n m\u00e1s vulnerable.<span class=\"Apple-converted-space\">\u00a0<\/span><\/span><\/p>\n<p class=\"p1\"><span style=\"font-size: 18pt; color: #139eca;\"><strong>Se exhorta a la ciudadan\u00eda a cuidar y abrigar a los ni\u00f1os, adultos mayores y animales de compa\u00f1\u00eda, ya que la temperatura continuar\u00e1 descendiendo en las pr\u00f3ximas horas y las condiciones g\u00e9lidas seguir\u00e1n durante todo el fin de semana.<\/strong><\/span><\/p>\n<p class=\"p1\"><span style=\"font-size: 14pt;\">Se mantendr\u00e1n habilitados los albergues que sean necesarios, y las personas en situaci\u00f3n de calle recibir\u00e1n especial atenci\u00f3n.<span class=\"Apple-converted-space\">\u00a0<\/span><\/span><\/p>\n<p class=\"p1\"><span style=\"font-size: 18pt;\"><strong>Quedan a disposici\u00f3n de la poblaci\u00f3n los tel\u00e9fonos de emergencia 911, 783-83 50127 (Protecci\u00f3n Civil), 783-83 40646 (Bomberos), para realizar reportes o solicitar auxilios.<\/strong><\/span><\/p>\n<p>&nbsp;<\/p>\n<p><img data-recalc-dims=\"1\" loading=\"lazy\" decoding=\"async\" class=\"aligncenter wp-image-14079\" src=\"https:\/\/i0.wp.com\/politicosaldesnudo.com.mx\/wp-content\/uploads\/2022\/12\/WhatsApp-Image-2022-12-23-at-2.48.53-PM-300x300.jpeg?resize=600%2C600&#038;ssl=1\" alt=\"\" width=\"600\" height=\"600\" srcset=\"https:\/\/i0.wp.com\/politicosaldesnudo.com.mx\/wp-content\/uploads\/2022\/12\/WhatsApp-Image-2022-12-23-at-2.48.53-PM.jpeg?resize=300%2C300&amp;ssl=1 300w, https:\/\/i0.wp.com\/politicosaldesnudo.com.mx\/wp-content\/uploads\/2022\/12\/WhatsApp-Image-2022-12-23-at-2.48.53-PM.jpeg?resize=1024%2C1024&amp;ssl=1 1024w, https:\/\/i0.wp.com\/politicosaldesnudo.com.mx\/wp-content\/uploads\/2022\/12\/WhatsApp-Image-2022-12-23-at-2.48.53-PM.jpeg?resize=150%2C150&amp;ssl=1 150w, https:\/\/i0.wp.com\/politicosaldesnudo.com.mx\/wp-content\/uploads\/2022\/12\/WhatsApp-Image-2022-12-23-at-2.48.53-PM.jpeg?resize=768%2C767&amp;ssl=1 768w, https:\/\/i0.wp.com\/politicosaldesnudo.com.mx\/wp-content\/uploads\/2022\/12\/WhatsApp-Image-2022-12-23-at-2.48.53-PM.jpeg?w=1280&amp;ssl=1 1280w\" sizes=\"auto, (max-width: 600px) 100vw, 600px\" \/><\/p>\n<p>&nbsp;<\/p>\n<p>&nbsp;<\/p>\n<p>&nbsp;<\/p>\n<p>&nbsp;<\/p>\n<p>&nbsp;<\/p>\n","protected":false},"excerpt":{"rendered":"<p>&nbsp; &nbsp; &lt;&lt; Desde temprana hora se atiende ca\u00edda de \u00e1rboles en colonias y comunidades &gt;&gt; &lt;&lt; PC, Bomberos y<\/p>\n","protected":false},"author":4,"featured_media":14078,"comment_status":"closed","ping_status":"closed","sticky":false,"template":"","format":"standard","meta":{"colormag_page_container_layout":"default_layout","colormag_page_sidebar_layout":"default_layout","_jetpack_memberships_contains_paid_content":false,"footnotes":"","jetpack_publicize_message":"","jetpack_publicize_feature_enabled":true,"jetpack_social_post_already_shared":false,"jetpack_social_options":{"image_generator_settings":{"template":"highway","default_image_id":0,"font":"","enabled":false},"version":2}},"categories":[1082],"tags":[1354,1975,576,851,70,100],"class_list":["post-14077","post","type-post","status-publish","format-standard","has-post-thumbnail","hentry","category-tuxpan","tag-bomberos","tag-frente-frio-19","tag-jose-manuel-pozos","tag-proteccion-civil","tag-tuxpan","tag-veracruz"],"jetpack_publicize_connections":[],"jetpack_featured_media_url":"https:\/\/i0.wp.com\/politicosaldesnudo.com.mx\/wp-content\/uploads\/2022\/12\/P-PC-TUXPAN-1.png?fit=1816%2C1016&ssl=1","jetpack-related-posts":[],"jetpack_sharing_enabled":true,"_links":{"self":[{"href":"https:\/\/politicosaldesnudo.com.mx\/index.php\/wp-json\/wp\/v2\/posts\/14077","targetHints":{"allow":["GET"]}}],"collection":[{"href":"https:\/\/politicosaldesnudo.com.mx\/index.php\/wp-json\/wp\/v2\/posts"}],"about":[{"href":"https:\/\/politicosaldesnudo.com.mx\/index.php\/wp-json\/wp\/v2\/types\/post"}],"author":[{"embeddable":true,"href":"https:\/\/politicosaldesnudo.com.mx\/index.php\/wp-json\/wp\/v2\/users\/4"}],"replies":[{"embeddable":true,"href":"https:\/\/politicosaldesnudo.com.mx\/index.php\/wp-json\/wp\/v2\/comments?post=14077"}],"version-history":[{"count":0,"href":"https:\/\/politicosaldesnudo.com.mx\/index.php\/wp-json\/wp\/v2\/posts\/14077\/revisions"}],"wp:featuredmedia":[{"embeddable":true,"href":"https:\/\/politicosaldesnudo.com.mx\/index.php\/wp-json\/wp\/v2\/media\/14078"}],"wp:attachment":[{"href":"https:\/\/politicosaldesnudo.com.mx\/index.php\/wp-json\/wp\/v2\/media?parent=14077"}],"wp:term":[{"taxonomy":"category","embeddable":true,"href":"https:\/\/politicosaldesnudo.com.mx\/index.php\/wp-json\/wp\/v2\/categories?post=14077"},{"taxonomy":"post_tag","embeddable":true,"href":"https:\/\/politicosaldesnudo.com.mx\/index.php\/wp-json\/wp\/v2\/tags?post=14077"}],"curies":[{"name":"wp","href":"https:\/\/api.w.org\/{rel}","templated":true}]}}