{"id":14122,"date":"2022-12-26T10:18:57","date_gmt":"2022-12-26T16:18:57","guid":{"rendered":"https:\/\/politicosaldesnudo.com.mx\/?p=14122"},"modified":"2022-12-26T10:20:58","modified_gmt":"2022-12-26T16:20:58","slug":"por-el-paso-del-frente-frio-proteccion-civil-salvaguarda-iguanas-del-santuario-de-tuxpan","status":"publish","type":"post","link":"https:\/\/politicosaldesnudo.com.mx\/index.php\/2022\/12\/26\/por-el-paso-del-frente-frio-proteccion-civil-salvaguarda-iguanas-del-santuario-de-tuxpan\/","title":{"rendered":"Por el paso del Frente Fr\u00edo, Protecci\u00f3n Civil salvaguarda iguanas del Santuario de Tuxpan\u00a0"},"content":{"rendered":"<p>&nbsp;<\/p>\n<p style=\"text-align: center;\"><span style=\"font-size: 18pt;\"><strong>&lt;&lt; Jos\u00e9 Manuel Pozos Castro ordena que el operativo de protecci\u00f3n a las iguanas sea permanente &gt;&gt;<\/strong><\/span><\/p>\n<p>&nbsp;<\/p>\n<p><span style=\"font-size: 14pt;\"><em><strong>TUXPAN, VERACRUZ.<\/strong> <\/em>Protecci\u00f3n Civil, Bomberos y Ecolog\u00eda realizaron un <strong>operativo especial para salvaguardar la integridad de las iguanas<\/strong> que entraron en letargo debido a las bajas temperaturas.<\/span><\/p>\n<p><span style=\"font-size: 18pt; color: #139eca;\"><strong>Los ejemplares rescatados en el Santuario de las Iguanas fueron conducidos bajo un manejo especial a un lugar seguro y c\u00e1lido en las instalaciones de Bomberos para que recuperen su temperatura, funciones org\u00e1nicas y musculares.<\/strong><\/span><\/p>\n<p>&nbsp;<\/p>\n<p><img data-recalc-dims=\"1\" loading=\"lazy\" decoding=\"async\" class=\"aligncenter wp-image-14124 size-large\" src=\"https:\/\/i0.wp.com\/politicosaldesnudo.com.mx\/wp-content\/uploads\/2022\/12\/P-TUXPAN-SANTURARIO-2-1024x573.png?resize=800%2C448&#038;ssl=1\" alt=\"\" width=\"800\" height=\"448\" srcset=\"https:\/\/i0.wp.com\/politicosaldesnudo.com.mx\/wp-content\/uploads\/2022\/12\/P-TUXPAN-SANTURARIO-2.png?resize=1024%2C573&amp;ssl=1 1024w, https:\/\/i0.wp.com\/politicosaldesnudo.com.mx\/wp-content\/uploads\/2022\/12\/P-TUXPAN-SANTURARIO-2.png?resize=300%2C168&amp;ssl=1 300w, https:\/\/i0.wp.com\/politicosaldesnudo.com.mx\/wp-content\/uploads\/2022\/12\/P-TUXPAN-SANTURARIO-2.png?resize=768%2C430&amp;ssl=1 768w, https:\/\/i0.wp.com\/politicosaldesnudo.com.mx\/wp-content\/uploads\/2022\/12\/P-TUXPAN-SANTURARIO-2.png?resize=1536%2C859&amp;ssl=1 1536w, https:\/\/i0.wp.com\/politicosaldesnudo.com.mx\/wp-content\/uploads\/2022\/12\/P-TUXPAN-SANTURARIO-2.png?w=1816&amp;ssl=1 1816w, https:\/\/i0.wp.com\/politicosaldesnudo.com.mx\/wp-content\/uploads\/2022\/12\/P-TUXPAN-SANTURARIO-2.png?w=1600&amp;ssl=1 1600w\" sizes=\"auto, (max-width: 800px) 100vw, 800px\" \/><\/p>\n<p>&nbsp;<\/p>\n<p><span style=\"font-size: 18pt;\"><strong>Debemos recordar que las iguanas son reptiles de sangre fr\u00eda que requieren del calor y los rayos del sol son esenciales. Con el fr\u00edo entran en una fase de letargo y llegan a caer de los \u00e1rboles.<\/strong><\/span><\/p>\n<p><span style=\"font-size: 18pt;\"><strong>Una vez que pase el fr\u00edo y est\u00e9n en condiciones \u00f3ptimas, las iguanas ser\u00e1n devueltas a su h\u00e1bitat, en el Santuario.<\/strong><\/span><\/p>\n<p><span style=\"font-size: 14pt;\">Por instrucciones del presidente municipal Jos\u00e9 Manuel Pozos Castro los operativos especiales de protecci\u00f3n a las iguanas se mantendr\u00e1n hasta que pase el fr\u00edo.<\/span><\/p>\n<p>&nbsp;<\/p>\n<p>&nbsp;<\/p>\n<p>&nbsp;<\/p>\n","protected":false},"excerpt":{"rendered":"<p>&nbsp; &lt;&lt; Jos\u00e9 Manuel Pozos Castro ordena que el operativo de protecci\u00f3n a las iguanas sea permanente &gt;&gt; &nbsp; TUXPAN,<\/p>\n","protected":false},"author":4,"featured_media":14125,"comment_status":"closed","ping_status":"closed","sticky":false,"template":"","format":"standard","meta":{"colormag_page_container_layout":"default_layout","colormag_page_sidebar_layout":"default_layout","_jetpack_memberships_contains_paid_content":false,"footnotes":"","jetpack_publicize_message":"","jetpack_publicize_feature_enabled":true,"jetpack_social_post_already_shared":false,"jetpack_social_options":{"image_generator_settings":{"template":"highway","default_image_id":0,"font":"","enabled":false},"version":2}},"categories":[1082],"tags":[1977,576,851,1976,70,100],"class_list":["post-14122","post","type-post","status-publish","format-standard","has-post-thumbnail","hentry","category-tuxpan","tag-iguanas","tag-jose-manuel-pozos","tag-proteccion-civil","tag-santuario-iguanas","tag-tuxpan","tag-veracruz"],"jetpack_publicize_connections":[],"jetpack_featured_media_url":"https:\/\/i0.wp.com\/politicosaldesnudo.com.mx\/wp-content\/uploads\/2022\/12\/P-TUXPAN-SANTURARIO-1-1.png?fit=1816%2C1016&ssl=1","jetpack-related-posts":[],"jetpack_sharing_enabled":true,"_links":{"self":[{"href":"https:\/\/politicosaldesnudo.com.mx\/index.php\/wp-json\/wp\/v2\/posts\/14122","targetHints":{"allow":["GET"]}}],"collection":[{"href":"https:\/\/politicosaldesnudo.com.mx\/index.php\/wp-json\/wp\/v2\/posts"}],"about":[{"href":"https:\/\/politicosaldesnudo.com.mx\/index.php\/wp-json\/wp\/v2\/types\/post"}],"author":[{"embeddable":true,"href":"https:\/\/politicosaldesnudo.com.mx\/index.php\/wp-json\/wp\/v2\/users\/4"}],"replies":[{"embeddable":true,"href":"https:\/\/politicosaldesnudo.com.mx\/index.php\/wp-json\/wp\/v2\/comments?post=14122"}],"version-history":[{"count":0,"href":"https:\/\/politicosaldesnudo.com.mx\/index.php\/wp-json\/wp\/v2\/posts\/14122\/revisions"}],"wp:featuredmedia":[{"embeddable":true,"href":"https:\/\/politicosaldesnudo.com.mx\/index.php\/wp-json\/wp\/v2\/media\/14125"}],"wp:attachment":[{"href":"https:\/\/politicosaldesnudo.com.mx\/index.php\/wp-json\/wp\/v2\/media?parent=14122"}],"wp:term":[{"taxonomy":"category","embeddable":true,"href":"https:\/\/politicosaldesnudo.com.mx\/index.php\/wp-json\/wp\/v2\/categories?post=14122"},{"taxonomy":"post_tag","embeddable":true,"href":"https:\/\/politicosaldesnudo.com.mx\/index.php\/wp-json\/wp\/v2\/tags?post=14122"}],"curies":[{"name":"wp","href":"https:\/\/api.w.org\/{rel}","templated":true}]}}