{"id":1419,"date":"2022-01-04T13:45:54","date_gmt":"2022-01-04T19:45:54","guid":{"rendered":"https:\/\/politicosaldesnudo.com.mx\/?p=1419"},"modified":"2023-03-24T20:15:23","modified_gmt":"2023-03-25T02:15:23","slug":"accidente-colapsa-carretera-en-nuevo-leon","status":"publish","type":"post","link":"https:\/\/politicosaldesnudo.com.mx\/index.php\/2022\/01\/04\/accidente-colapsa-carretera-en-nuevo-leon\/","title":{"rendered":"Accidente colapsa carretera en Nuevo Le\u00f3n"},"content":{"rendered":"<p class=\"p1\"><strong>MONTERREY. La carretera Nacional<\/strong>, en su circulaci\u00f3n de norte a sur, se encuentra <strong>colapsada<\/strong> entre los municipios de <strong>Montemorelos y Hualahuises<\/strong> debido a un accidente entre un tr\u00e1iler y un autom\u00f3vil.<\/p>\n<p class=\"p1\"><strong>Param\u00e9dicos, bomberos y rescatistas de ambos municipios atienden el accidente desde las 5:00 de la ma\u00f1ana, en el kil\u00f3metro 170 de la vialidad.<\/strong><\/p>\n<p class=\"p1\">El tr\u00e1iler transportaba alimentos y abarrotes, y al ser impactado, tanto su carga como restos del veh\u00edculo quedaron esparcidos en la cinta asf\u00e1ltica, lo que colaps\u00f3 el tr\u00e1nsito.<\/p>\n<p class=\"p1\">Elementos de la Guardia Nacional se encuentran en el sector realizando un operativo para disminuir el tr\u00e1fico en la zona. Como parte de las acciones implementadas por la corporaci\u00f3n, se abri\u00f3 un carril de contraflujo para permitir el paso vehicular.<\/p>\n<p class=\"p1\"><strong>Se espera que despu\u00e9s de las 13:00 horas se normalice la circulaci\u00f3n en la zona, una vez que los veh\u00edculos siniestrados sean retirados por una gr\u00faa.<\/strong><\/p>\n<p class=\"p1\">Las autoridades no han informado el estado de salud de las personas que viajaban en ambas unidades.<\/p>\n<p>&nbsp;<\/p>\n<p>&nbsp;<\/p>\n<p><strong>Con informaci\u00f3n de La Jornada<\/strong><\/p>\n<p>&nbsp;<\/p>\n<p>&nbsp;<\/p>\n<p>&nbsp;<\/p>\n<p>&nbsp;<\/p>\n","protected":false},"excerpt":{"rendered":"<p>MONTERREY. La carretera Nacional, en su circulaci\u00f3n de norte a sur, se encuentra colapsada entre los municipios de Montemorelos y<\/p>\n","protected":false},"author":1,"featured_media":1420,"comment_status":"closed","ping_status":"closed","sticky":false,"template":"","format":"standard","meta":{"colormag_page_container_layout":"default_layout","colormag_page_sidebar_layout":"default_layout","_jetpack_memberships_contains_paid_content":false,"footnotes":"","jetpack_publicize_message":"","jetpack_publicize_feature_enabled":true,"jetpack_social_post_already_shared":false,"jetpack_social_options":{"image_generator_settings":{"template":"highway","default_image_id":0,"font":"","enabled":false},"version":2}},"categories":[30],"tags":[313,66],"class_list":["post-1419","post","type-post","status-publish","format-standard","has-post-thumbnail","hentry","category-estados","tag-accidente","tag-nuevo-leon"],"jetpack_publicize_connections":[],"jetpack_featured_media_url":"https:\/\/i0.wp.com\/politicosaldesnudo.com.mx\/wp-content\/uploads\/2022\/01\/ACCIDENTE.png?fit=1816%2C1016&ssl=1","jetpack-related-posts":[],"jetpack_sharing_enabled":true,"_links":{"self":[{"href":"https:\/\/politicosaldesnudo.com.mx\/index.php\/wp-json\/wp\/v2\/posts\/1419","targetHints":{"allow":["GET"]}}],"collection":[{"href":"https:\/\/politicosaldesnudo.com.mx\/index.php\/wp-json\/wp\/v2\/posts"}],"about":[{"href":"https:\/\/politicosaldesnudo.com.mx\/index.php\/wp-json\/wp\/v2\/types\/post"}],"author":[{"embeddable":true,"href":"https:\/\/politicosaldesnudo.com.mx\/index.php\/wp-json\/wp\/v2\/users\/1"}],"replies":[{"embeddable":true,"href":"https:\/\/politicosaldesnudo.com.mx\/index.php\/wp-json\/wp\/v2\/comments?post=1419"}],"version-history":[{"count":0,"href":"https:\/\/politicosaldesnudo.com.mx\/index.php\/wp-json\/wp\/v2\/posts\/1419\/revisions"}],"wp:featuredmedia":[{"embeddable":true,"href":"https:\/\/politicosaldesnudo.com.mx\/index.php\/wp-json\/wp\/v2\/media\/1420"}],"wp:attachment":[{"href":"https:\/\/politicosaldesnudo.com.mx\/index.php\/wp-json\/wp\/v2\/media?parent=1419"}],"wp:term":[{"taxonomy":"category","embeddable":true,"href":"https:\/\/politicosaldesnudo.com.mx\/index.php\/wp-json\/wp\/v2\/categories?post=1419"},{"taxonomy":"post_tag","embeddable":true,"href":"https:\/\/politicosaldesnudo.com.mx\/index.php\/wp-json\/wp\/v2\/tags?post=1419"}],"curies":[{"name":"wp","href":"https:\/\/api.w.org\/{rel}","templated":true}]}}