{"id":14212,"date":"2022-12-29T05:02:52","date_gmt":"2022-12-29T11:02:52","guid":{"rendered":"https:\/\/politicosaldesnudo.com.mx\/?p=14212"},"modified":"2022-12-29T07:05:58","modified_gmt":"2022-12-29T13:05:58","slug":"desenmascarando-togas-corruptas","status":"publish","type":"post","link":"https:\/\/politicosaldesnudo.com.mx\/index.php\/2022\/12\/29\/desenmascarando-togas-corruptas\/","title":{"rendered":"Desenmascarando togas corruptas"},"content":{"rendered":"<p class=\"p1\">\n<p>&nbsp;<\/p>\n<p><span style=\"font-size: 18pt;\"><strong>Por Alberto Woolrich Ort\u00edz<\/strong><\/span><\/p>\n<p class=\"p1\"><span style=\"font-size: 14pt;\">Para los colegios, ateneos, barras, academias y confederaciones de abogados de toda la Rep\u00fablica, es tarea imposible la de unificar los criterios de \u00e9sta digna profesi\u00f3n, ello se debe al arrebato que ponen las partes que intervenimos en los litigios, los cu\u00e1les dan lugar al acaloramiento de los contendientes; las togas que imparten justicia, a diferencia de nosotros los litigantes, no pueden lograr su obra si no es en un entorno sereno, apaciguado, aquietado, sencillo, los postulantes no estamos ni estaremos acostumbrados a ese contexto, nos exasperamos, sobresaltamos, argumentamos, colerizamos y defendemos nuestra postura, la emoci\u00f3n jam\u00e1s borra nuestra lucidez, nuestras convicciones siempre se encuentran vivas en busca de una impartici\u00f3n de justicia limpia, decente, eficiente y gratuita.<span class=\"Apple-converted-space\">\u00a0<\/span><\/span><\/p>\n<p class=\"p1\"><span style=\"font-size: 14pt;\">No han sido escasas las ocasiones en que en determinadas actuaciones y resoluciones de la Suprema Corte de Justicia de la Naci\u00f3n, especialmente aquellas vinculadas con tutelas efectivas de los derechos e intereses leg\u00edtimos de nuestros clientes, han causado severos enfrentamientos, muchas veces enconados cuando se perturba la justicia por causa de la corrupci\u00f3n. Se ha llegado a decir y sostener que una que otra toga que portan los ministros se encuentra manchada por actos de corrupci\u00f3n, colocando a esa instituci\u00f3n de impartici\u00f3n de justicia en la situaci\u00f3n vicaria de una agencia del ministerio p\u00fablico.<\/span><\/p>\n<p class=\"p1\"><span style=\"font-size: 14pt;\">Antes de exhibir la putrefacci\u00f3n de algunas togas de hoy y de ayer de esa Suprema Corte de Justicia de la Naci\u00f3n, la Academia de Derecho Penal del Colegio Nacional de Abogados Foro de M\u00e9xico, solicita la venia de sus amables lectores a fin de sostener y repetir su tesis y forma de pensar; por ello tenemos que escribir con tinta indeleble que: \u201cCualquier fen\u00f3meno de corrupci\u00f3n es criticable, pero los fen\u00f3menos de corrupci\u00f3n cometidos en el \u00e1mbito de procuraci\u00f3n e impartici\u00f3n de justicia, son censurables, reprochables y punibles. La justicia es la principal columna de la Soberan\u00eda del Estado, en su entorno se ejerce el control y constitucionalidad de todos los actos y leyes emitidas por la autoridad; por ello resulta indispensable e imprescindible que los funcionarios que procuran e imparten justicia honren la vestimenta que se les impone, que la porten con decoro para enaltecer la funci\u00f3n que representan, contribuyendo con ello al prestigio de proveer justicia\u201d.<span class=\"Apple-converted-space\">\u00a0<\/span><\/span><\/p>\n<p class=\"p1\"><span style=\"font-size: 14pt;\">Por desgracia y desventura de nuestro M\u00e9xico, no siempre acontece as\u00ed, existen fen\u00f3menos de corrupci\u00f3n que bien merecen ser denunciados, investigados, acreditados y sancionados.<\/span><\/p>\n<p class=\"p1\"><span style=\"font-size: 14pt;\">Concretemos el grave se\u00f1alamiento diciendo: Durante la \u00e9poca del neoliberalismo todo un se\u00f1or &#8212;que no result\u00f3 tal&#8212; Presidente Constitucional de los Estados Unidos Mexicanos, propuso, dispuso, apoy\u00f3 y aplaudi\u00f3 la designaci\u00f3n de un ministro de la Suprema Corte de Justicia de la Naci\u00f3n, persona non grata para la justicia, por sus antecedentes de proclividad a la corrupci\u00f3n.<\/span><\/p>\n<p class=\"p1\"><span style=\"font-size: 14pt;\">Juzguen mis respetables lectores sino.<\/span><\/p>\n<p class=\"p1\"><span style=\"font-size: 14pt;\">Siendo un alto funcionario en el \u00e1mbito de procuraci\u00f3n de justicia, aqu\u00e9l forajido del derecho, solicit\u00f3 la entrega de $150\u2019000,000.00 (ciento cincuenta millones de pesos 00\/100 m.n.), y un automotor del a\u00f1o y de lujo a fin de resolver a favor de quien le asist\u00eda la raz\u00f3n y el derecho en un caso de naturaleza penal. Acrecentando lo expuesto, tambi\u00e9n hay que referir que al dejar el cargo que le hab\u00eda sido conferido por instrucciones presidenciales \u201carras\u00f3 con todo\u201d, llev\u00e1ndose para su peculio las camionetas, escritorios, libros, macetas, computadoras, impresoras y presupuesto no gastado y no resolviendo, por desde luego, el asunto tan delicado y de trascendencia nacional que se le hab\u00eda encargado; en raz\u00f3n a que dicho bandolero del derecho substrajo de las constancias procesales un informe policiaco determinante para haber fincado responsabilidades de orden criminal a quienes protegi\u00f3 y brind\u00f3 impunidad.<span class=\"Apple-converted-space\">\u00a0<\/span><\/span><\/p>\n<p class=\"p1\"><span style=\"font-size: 14pt;\">Por todo ello el Ateneo de Estudios Jur\u00eddico-Penales del Colegio Nacional de Abogados Foro de M\u00e9xico, A.C. ahora est\u00e1 obligado por ley a probar lo expuesto y dada la secrec\u00eda en la que se debe manejar la investigaci\u00f3n, en su momento procesal y ante la autoridad competente se allegar\u00e1n las pruebas exponiendo los datos pertinentes a fin de llevar con \u00e9xito la referida indagatoria. Es cuanto.<span class=\"Apple-converted-space\">\u00a0<\/span><\/span><\/p>\n<p class=\"p1\">\n<p>&nbsp;<\/p>\n<p class=\"p1\"><strong><span style=\"font-size: 18pt;\">Lic. Alberto Woolrich Ort\u00edz<\/span><\/strong><\/p>\n<p class=\"p1\"><strong><span style=\"font-size: 18pt;\">Presidente de la Academia de Derecho Penal<\/span><\/strong><\/p>\n<p class=\"p1\"><strong><span style=\"font-size: 18pt;\">del Colegio de Abogados de M\u00e9xico, A.C.<\/span><\/strong><\/p>\n<p>&nbsp;<\/p>\n<p><span style=\"font-size: 18pt; color: #139eca;\"><em><strong>**Las columnas firmadas en este medio son responsabilidad de quienes las firman**<\/strong><\/em><\/span><\/p>\n<p>&nbsp;<\/p>\n<p>&nbsp;<\/p>\n","protected":false},"excerpt":{"rendered":"<p>&nbsp; Por Alberto Woolrich Ort\u00edz Para los colegios, ateneos, barras, academias y confederaciones de abogados de toda la Rep\u00fablica, es<\/p>\n","protected":false},"author":4,"featured_media":3845,"comment_status":"closed","ping_status":"closed","sticky":false,"template":"","format":"standard","meta":{"colormag_page_container_layout":"default_layout","colormag_page_sidebar_layout":"default_layout","_jetpack_memberships_contains_paid_content":false,"footnotes":"","jetpack_publicize_message":"","jetpack_publicize_feature_enabled":true,"jetpack_social_post_already_shared":false,"jetpack_social_options":{"image_generator_settings":{"template":"highway","default_image_id":0,"font":"","enabled":false},"version":2}},"categories":[26],"tags":[],"class_list":["post-14212","post","type-post","status-publish","format-standard","has-post-thumbnail","hentry","category-columnistas"],"jetpack_publicize_connections":[],"jetpack_featured_media_url":"https:\/\/i0.wp.com\/politicosaldesnudo.com.mx\/wp-content\/uploads\/2022\/04\/CABEZAL-ALBERTO-WOOD.png?fit=1816%2C1016&ssl=1","jetpack-related-posts":[],"jetpack_sharing_enabled":true,"_links":{"self":[{"href":"https:\/\/politicosaldesnudo.com.mx\/index.php\/wp-json\/wp\/v2\/posts\/14212","targetHints":{"allow":["GET"]}}],"collection":[{"href":"https:\/\/politicosaldesnudo.com.mx\/index.php\/wp-json\/wp\/v2\/posts"}],"about":[{"href":"https:\/\/politicosaldesnudo.com.mx\/index.php\/wp-json\/wp\/v2\/types\/post"}],"author":[{"embeddable":true,"href":"https:\/\/politicosaldesnudo.com.mx\/index.php\/wp-json\/wp\/v2\/users\/4"}],"replies":[{"embeddable":true,"href":"https:\/\/politicosaldesnudo.com.mx\/index.php\/wp-json\/wp\/v2\/comments?post=14212"}],"version-history":[{"count":0,"href":"https:\/\/politicosaldesnudo.com.mx\/index.php\/wp-json\/wp\/v2\/posts\/14212\/revisions"}],"wp:featuredmedia":[{"embeddable":true,"href":"https:\/\/politicosaldesnudo.com.mx\/index.php\/wp-json\/wp\/v2\/media\/3845"}],"wp:attachment":[{"href":"https:\/\/politicosaldesnudo.com.mx\/index.php\/wp-json\/wp\/v2\/media?parent=14212"}],"wp:term":[{"taxonomy":"category","embeddable":true,"href":"https:\/\/politicosaldesnudo.com.mx\/index.php\/wp-json\/wp\/v2\/categories?post=14212"},{"taxonomy":"post_tag","embeddable":true,"href":"https:\/\/politicosaldesnudo.com.mx\/index.php\/wp-json\/wp\/v2\/tags?post=14212"}],"curies":[{"name":"wp","href":"https:\/\/api.w.org\/{rel}","templated":true}]}}