{"id":14250,"date":"2023-01-09T01:22:12","date_gmt":"2023-01-09T07:22:12","guid":{"rendered":"https:\/\/politicosaldesnudo.com.mx\/?p=14250"},"modified":"2023-01-09T01:27:02","modified_gmt":"2023-01-09T07:27:02","slug":"la-sombra-del-presidente-amlo","status":"publish","type":"post","link":"https:\/\/politicosaldesnudo.com.mx\/index.php\/2023\/01\/09\/la-sombra-del-presidente-amlo\/","title":{"rendered":"La sombra del presidente AMLO"},"content":{"rendered":"<p>&nbsp;<\/p>\n<p class=\"p2\"><span style=\"font-size: 18pt;\"><strong>Por Carlos O. Silva Bandala<\/strong><\/span><\/p>\n<p class=\"p2\"><span style=\"font-size: 14pt;\">Dice un refr\u00e1n pueblerino: el que a buen \u00e1rbol se arrima, buena sombra lo cobija.<span class=\"Apple-converted-space\"> \u00a0<\/span><\/span><\/p>\n<p class=\"p2\"><span style=\"font-size: 14pt;\">En los reg\u00edmenes presidencialistas del PRI, m\u00e1s de 70 a\u00f1os, el liderazgo del Presidente de la Rep\u00fablica en la gobernanza del pa\u00eds como en el PRI era fundamental e incuestionablemente necesario contar con su apoyo incondicional para ser precandidato y seguidamente, candidato presidencial. Esa posibilidad no alcanzaba para los gobernadores ni para el Regente de la CdMx (Ahora gobernador). Dicha circunstancia solo fue para los Secretarios de Estado, tambi\u00e9n llamados \u201cSecretarios del gabinete presidencial\u201d.<span class=\"Apple-converted-space\">\u00a0<\/span><\/span><\/p>\n<p class=\"p2\"><span style=\"font-size: 14pt;\">Los candidatos presidenciales deb\u00edan haber completado una preparaci\u00f3n en las labores pol\u00edticas y de administraci\u00f3n p\u00fablica desde las responsabilidades de primer nivel al lado del Presidente, de ah\u00ed la frase: para ser Papa se necesita ser Cardenal. Circunstancialmente Ernesto P. Uruchurtu que ven\u00eda siendo Regente de la CdMx (por 14 a\u00f1os, se le mencion\u00f3 como posible candidato presidencial. Sin embargo, tanto \u00e9l como el resto de los gobernadores formaban parte del siguiente nivel por debajo de los \u201cSecretarios del gabinete presidencial\u201d.<span class=\"Apple-converted-space\">\u00a0<\/span><\/span><\/p>\n<p class=\"p2\"><span style=\"font-size: 18pt;\"><strong>Hoy vemos en las precandidaturas de Morena a dos Secretarios de Estado y a una gobernadora: Ad\u00e1n Augusto L\u00f3pez, Secretario de Gobernaci\u00f3n y Marcelo Ebrard, Secretario de Relaciones Exteriores, adem\u00e1s la Gobernadora de la CdMx, Claudia Sheinbaum. El gobierno de la CdMx desde siempre ha tenido un significado sobresaliente en el comando del poder pol\u00edtico presidencial. Por dem\u00e1s hay razones para entenderlo. En la CdMx est\u00e1n asentados los tres poderes m\u00e1s importantes del ejercicio y equilibrio pol\u00edtico nacional: el Ejecutivo, el Legislativo y el Judicial. Para mayor explicaci\u00f3n, el Presidente de la Rep\u00fablica, el Congreso de la Uni\u00f3n (C\u00e1mara de Senadores y C\u00e1mara de Diputados) y la Suprema Corte de Justicia de la Naci\u00f3n. Es la Capital de todos los mexicanos.<\/strong><\/span><\/p>\n<p class=\"p2\"><span style=\"font-size: 14pt;\">La gran marcha del 27 de noviembre dej\u00f3 el mensaje inequ\u00edvoco de la capacidad de liderazgo del Presidente en la clases medias bajas y pobres de la naci\u00f3n, sin embargo, el Presidente no ir\u00e1 en las boletas electorales del 2024, situaci\u00f3n que de entrada crea un sentimiento de frustraci\u00f3n en la gente que simpatiza, agradecida de su gobierno. En la simbolog\u00eda de la marcha, los tres precandidatos presidenciales morenistas, solamente quedaron de manera presencial. El Presidente atrajo la atenci\u00f3n y la solidaridad de cientos de miles de manifestantes, que antes de empezar a relatar los logros de su gobierno a grito ensordecedor le ped\u00edan (miles y miles) 6 a\u00f1os m\u00e1s, 6 a\u00f1os m\u00e1s, 6 a\u00f1os m\u00e1s. Empero el Presidente ataj\u00f3 ese clamor con \u201cNo a la reelecci\u00f3n, somos juaristas, maderistas\u201d.<\/span><\/p>\n<p class=\"p2\"><span style=\"font-size: 18pt;\"><strong>Por eso es tan importante la sombra del Presidente, que se vuelve indispensable, fundamental e ineludible para quien resulte candidato presidencial de Morena en el 2024. Ya se ha analizado en otras entregas del dicente, lo relacionado al liderazgo pers\u00e9. Ninguno de los tres precandidatos posee el carisma y el liderazgo para ganar la elecci\u00f3n presidencial sin esa sombra pol\u00edtica al comento. Pero no es tan simple abanderar a Morena y considerarse triunfador presidencial, pues, un muy considerable n\u00famero de millones de mexicanos simpatizan con los partidos de oposici\u00f3n.<span class=\"Apple-converted-space\">\u00a0<\/span><\/strong><\/span><\/p>\n<p class=\"p2\"><span style=\"font-size: 14pt;\">En el otro riel de la locomotora presidencial, tan importante y de transcendencia en el ejercicio del poder pol\u00edtico gobernante, en la sombra del Presidente, es de considerarse a quienes logren ser los candidatos morenistas para 9 gobernadores a elegirse, senadores y diputados federales. Dif\u00edcil, que Morena pierda la elecci\u00f3n presidencial, pero el punto de reflexi\u00f3n y preocupaci\u00f3n estar\u00e1 en lo concerniente a llegar a tener al menos mayor\u00eda simple en la composici\u00f3n de las C\u00e1mara de Senadores y Diputados. Esa parte es la m\u00e1s complicada, pues si bien han permeado con eficacia los nombres de los tres candidatos presidenciales, a los cuales se les asocia cercanos al Presidente, que ha llamado \u201chermanos\u201d, en los dem\u00e1s hay un desconocimiento total.<\/span><\/p>\n<p>&nbsp;<\/p>\n<p><img data-recalc-dims=\"1\" loading=\"lazy\" decoding=\"async\" class=\"aligncenter wp-image-14251 size-large\" src=\"https:\/\/i0.wp.com\/politicosaldesnudo.com.mx\/wp-content\/uploads\/2023\/01\/P-CONAGO-2021-TABASCO-1024x573.png?resize=800%2C448&#038;ssl=1\" alt=\"\" width=\"800\" height=\"448\" srcset=\"https:\/\/i0.wp.com\/politicosaldesnudo.com.mx\/wp-content\/uploads\/2023\/01\/P-CONAGO-2021-TABASCO.png?resize=1024%2C573&amp;ssl=1 1024w, https:\/\/i0.wp.com\/politicosaldesnudo.com.mx\/wp-content\/uploads\/2023\/01\/P-CONAGO-2021-TABASCO.png?resize=300%2C168&amp;ssl=1 300w, https:\/\/i0.wp.com\/politicosaldesnudo.com.mx\/wp-content\/uploads\/2023\/01\/P-CONAGO-2021-TABASCO.png?resize=768%2C430&amp;ssl=1 768w, https:\/\/i0.wp.com\/politicosaldesnudo.com.mx\/wp-content\/uploads\/2023\/01\/P-CONAGO-2021-TABASCO.png?resize=1536%2C859&amp;ssl=1 1536w, https:\/\/i0.wp.com\/politicosaldesnudo.com.mx\/wp-content\/uploads\/2023\/01\/P-CONAGO-2021-TABASCO.png?w=1816&amp;ssl=1 1816w, https:\/\/i0.wp.com\/politicosaldesnudo.com.mx\/wp-content\/uploads\/2023\/01\/P-CONAGO-2021-TABASCO.png?w=1600&amp;ssl=1 1600w\" sizes=\"auto, (max-width: 800px) 100vw, 800px\" \/><\/p>\n<p>&nbsp;<\/p>\n<p class=\"p2\"><span style=\"font-size: 18pt; color: #139eca;\"><strong>LOS GOBERNADORES MORENISTAS<\/strong><\/span><\/p>\n<p class=\"p2\"><span style=\"font-size: 14pt;\">Es en esta parte donde puede presentarse un alto riesgo de descomposici\u00f3n interpartidista por la ambici\u00f3n de alcanzar alguna candidatura, y es all\u00ed, donde la veintena de gobernadores morenistas, que est\u00e1n del lado del Presidente, que escuchan y atienden las se\u00f1aladas de ruta a seguir, que en el lenguaje cifrado deben de entender para la unidad, disciplina y mano dura, para controlar el desorden que pudiesen presentarse por esas pasiones ambiciosas, se hace impostergable la participaci\u00f3n de los gobernadores, dado que el Presidente se apoya en mucho en ellos para la selecci\u00f3n de los candidatos al Congreso de la Uni\u00f3n. Son, en mucho, los gobernadores, los responsables de presentar las listas de posibles candidatos al Presidente de la Rep\u00fablica, quien es el que da el palomazo, final. Mucho de responsabilidad queda en los gobernadores de la buena, regular o mala campa\u00f1a electoral de esas candidaturas, donde el Presidente deposita su confianza en la eficacia promocional.<\/span><\/p>\n<p class=\"p2\"><span style=\"font-size: 18pt;\"><strong>Lo anterior, ya que no se conoce promoci\u00f3n alguna al particular, como lo es con los candidatos presidenciales. Que si bien, hoy los pron\u00f3sticos dan por ganador a Morena, la presidencial 2024-2030, la numerolog\u00eda de la composici\u00f3n morenista en el Congreso de la Uni\u00f3n es la otra circunstancia de mucho cuidado para avanzar en el proyecto de naci\u00f3n propuesto. Pues, como hemos visto en los pesos y contrapesos del poder pol\u00edtico, se vuelve complicado y en ocasiones insuperable llegar a consensos con las otras fuerzas pol\u00edticas para implementar programas de gobierno.<\/strong><\/span><\/p>\n<p class=\"p2\"><span style=\"font-size: 14pt;\">Los partidos pol\u00edticos PAN\/PRI\/PRD est\u00e1n enfocados en la puja de una alianza opositora, en la insistencia centrada a una candidatura presidencial, com\u00fan. No les interesa por ahora lo que corresponda a las candidaturas al Congreso de la Uni\u00f3n; actitud convenenciera, ya que al haber sido rechazada la reforma pol\u00edtica electoral propuesta por el Presidente, las diputaciones y senadur\u00edas plurinominales, 200 y 36 respectivamente se mantendr\u00e1n en la integraci\u00f3n total de ambas C\u00e1maras y en esas condiciones, protegieron, de manera tramposa, los espacios de los que se apoderar\u00e1n para ser candidatos plurinominales, especialmente las elites partidistas, sin riesgo alguno, como lo es una candidatura uninominal, dicho de otra manera de elecci\u00f3n de participaci\u00f3n ciudadana. A pesar de ello, no se justifica que Morena se duerma en sus laureles y act\u00fae en similares condiciones, pues en los hechos uno de los tres precandidatos presidenciales, ser\u00e1 el candidato\/a. El punto es, lo que sigue: los precandidatos a diputados y senadores, que vayan, como el caso de los presidenciales, posicion\u00e1ndose en la consideraci\u00f3n ciudadana. Es muy simple entender esta urgencia, si observamos como el Presidente de la Rep\u00fablica con todo y todo de alrededor del 70% de aceptaci\u00f3n a su gobierno, en el Congreso de la Uni\u00f3n, iniciativas de trascendencia de su proyecto pol\u00edtico, algunas de ellas no prosperaron. Y todo por no contar con esa mayor\u00eda de legisladores que validaran sus pretensiones, a\u00fan con aliados pol\u00edtico-partidistas. Y miren cuanto poder tiene el Presidente.<\/span><\/p>\n<p class=\"p2\"><span style=\"font-size: 18pt;\"><strong>La sombra del Presidente ha de alcanzar no solamente a los presidenciales y en su caso al futuro candidato\/a presidencial. Los hechos hablan por si mismo, por eso, la sombra del Presidente debe alcanzar hasta los candidatos a diputados federales y senadores, a los 9 gobernadores. Circunstancias motivacionales que han de quedar firmes en los m\u00e1s- menos 30 millones de beneficiarios de asistencia social de su gobierno, ese es el meollo.<\/strong><\/span><\/p>\n<p>&nbsp;<\/p>\n<hr \/>\n<p>&nbsp;<\/p>\n<p><strong><span style=\"font-size: 18pt;\">Correo: <span class=\"s1\"><a href=\"mailto:flormarcc2@gmail.com\">flormarcc2@gmail.com<\/a><\/span><\/span><\/strong><\/p>\n<p>&nbsp;<\/p>\n<p><img data-recalc-dims=\"1\" loading=\"lazy\" decoding=\"async\" class=\"aligncenter wp-image-14351\" src=\"https:\/\/i0.wp.com\/politicosaldesnudo.com.mx\/wp-content\/uploads\/2023\/01\/FIRMA-EDITORIAL-PD-300x37.png?resize=800%2C98&#038;ssl=1\" alt=\"\" width=\"800\" height=\"98\" srcset=\"https:\/\/i0.wp.com\/politicosaldesnudo.com.mx\/wp-content\/uploads\/2023\/01\/FIRMA-EDITORIAL-PD.png?resize=300%2C37&amp;ssl=1 300w, https:\/\/i0.wp.com\/politicosaldesnudo.com.mx\/wp-content\/uploads\/2023\/01\/FIRMA-EDITORIAL-PD.png?resize=1024%2C125&amp;ssl=1 1024w, https:\/\/i0.wp.com\/politicosaldesnudo.com.mx\/wp-content\/uploads\/2023\/01\/FIRMA-EDITORIAL-PD.png?resize=768%2C94&amp;ssl=1 768w, https:\/\/i0.wp.com\/politicosaldesnudo.com.mx\/wp-content\/uploads\/2023\/01\/FIRMA-EDITORIAL-PD.png?resize=1536%2C188&amp;ssl=1 1536w, https:\/\/i0.wp.com\/politicosaldesnudo.com.mx\/wp-content\/uploads\/2023\/01\/FIRMA-EDITORIAL-PD.png?resize=2048%2C250&amp;ssl=1 2048w, https:\/\/i0.wp.com\/politicosaldesnudo.com.mx\/wp-content\/uploads\/2023\/01\/FIRMA-EDITORIAL-PD.png?w=1600&amp;ssl=1 1600w, https:\/\/i0.wp.com\/politicosaldesnudo.com.mx\/wp-content\/uploads\/2023\/01\/FIRMA-EDITORIAL-PD.png?w=2400&amp;ssl=1 2400w\" sizes=\"auto, (max-width: 800px) 100vw, 800px\" \/><\/p>\n<p>&nbsp;<\/p>\n<p>&nbsp;<\/p>\n<p>&nbsp;<\/p>\n","protected":false},"excerpt":{"rendered":"<p>&nbsp; Por Carlos O. Silva Bandala Dice un refr\u00e1n pueblerino: el que a buen \u00e1rbol se arrima, buena sombra lo<\/p>\n","protected":false},"author":4,"featured_media":11705,"comment_status":"closed","ping_status":"closed","sticky":false,"template":"","format":"standard","meta":{"colormag_page_container_layout":"default_layout","colormag_page_sidebar_layout":"default_layout","_jetpack_memberships_contains_paid_content":false,"footnotes":"","jetpack_publicize_message":"","jetpack_publicize_feature_enabled":true,"jetpack_social_post_already_shared":false,"jetpack_social_options":{"image_generator_settings":{"template":"highway","default_image_id":0,"font":"","enabled":false},"version":2}},"categories":[26],"tags":[],"class_list":["post-14250","post","type-post","status-publish","format-standard","has-post-thumbnail","hentry","category-columnistas"],"jetpack_publicize_connections":[],"jetpack_featured_media_url":"https:\/\/i0.wp.com\/politicosaldesnudo.com.mx\/wp-content\/uploads\/2022\/10\/CARLOS-O.-SILVA-BANDALA.png?fit=1816%2C1016&ssl=1","jetpack-related-posts":[],"jetpack_sharing_enabled":true,"_links":{"self":[{"href":"https:\/\/politicosaldesnudo.com.mx\/index.php\/wp-json\/wp\/v2\/posts\/14250","targetHints":{"allow":["GET"]}}],"collection":[{"href":"https:\/\/politicosaldesnudo.com.mx\/index.php\/wp-json\/wp\/v2\/posts"}],"about":[{"href":"https:\/\/politicosaldesnudo.com.mx\/index.php\/wp-json\/wp\/v2\/types\/post"}],"author":[{"embeddable":true,"href":"https:\/\/politicosaldesnudo.com.mx\/index.php\/wp-json\/wp\/v2\/users\/4"}],"replies":[{"embeddable":true,"href":"https:\/\/politicosaldesnudo.com.mx\/index.php\/wp-json\/wp\/v2\/comments?post=14250"}],"version-history":[{"count":0,"href":"https:\/\/politicosaldesnudo.com.mx\/index.php\/wp-json\/wp\/v2\/posts\/14250\/revisions"}],"wp:featuredmedia":[{"embeddable":true,"href":"https:\/\/politicosaldesnudo.com.mx\/index.php\/wp-json\/wp\/v2\/media\/11705"}],"wp:attachment":[{"href":"https:\/\/politicosaldesnudo.com.mx\/index.php\/wp-json\/wp\/v2\/media?parent=14250"}],"wp:term":[{"taxonomy":"category","embeddable":true,"href":"https:\/\/politicosaldesnudo.com.mx\/index.php\/wp-json\/wp\/v2\/categories?post=14250"},{"taxonomy":"post_tag","embeddable":true,"href":"https:\/\/politicosaldesnudo.com.mx\/index.php\/wp-json\/wp\/v2\/tags?post=14250"}],"curies":[{"name":"wp","href":"https:\/\/api.w.org\/{rel}","templated":true}]}}