{"id":14266,"date":"2023-01-02T14:04:55","date_gmt":"2023-01-02T20:04:55","guid":{"rendered":"https:\/\/politicosaldesnudo.com.mx\/?p=14266"},"modified":"2023-01-02T14:40:34","modified_gmt":"2023-01-02T20:40:34","slug":"es-norma-lucia-pina-la-primera-mujer-en-presidir-la-suprema-corte-de-justicia-de-la-nacion","status":"publish","type":"post","link":"https:\/\/politicosaldesnudo.com.mx\/index.php\/2023\/01\/02\/es-norma-lucia-pina-la-primera-mujer-en-presidir-la-suprema-corte-de-justicia-de-la-nacion\/","title":{"rendered":"Es Norma Luc\u00eda Pi\u00f1a, la primera mujer en presidir la Suprema Corte de Justicia de la Naci\u00f3n\u00a0"},"content":{"rendered":"<p>&nbsp;<\/p>\n<p class=\"p1\"><span style=\"font-size: 14pt;\"><em><strong>CIUDAD DE M\u00c9XICO.<\/strong> <\/em><strong>Norma Luc\u00eda Pi\u00f1a Hern\u00e1ndez\u00a0fue elegida como la nueva presidenta de la\u00a0Suprema Corte de Justicia de la Naci\u00f3n\u00a0<\/strong>(SCJN); convirti\u00e9ndose as\u00ed en\u00a0la primera mujer en presidir el Poder Judicial.<\/span><\/p>\n<p>&nbsp;<\/p>\n<blockquote><p><span style=\"font-size: 14pt;\">Nos colocamos en primera vez al centro de la herradura de este Tribunal Pleno, demostrando y demostr\u00e1ndonos que s\u00ed podemos\u201d<\/span><\/p><\/blockquote>\n<p>&nbsp;<\/p>\n<p class=\"p1\"><span style=\"font-size: 18pt;\"><strong>La ministra presidenta logr\u00f3 juntar los\u00a0seis votos m\u00ednimos\u00a0que necesitaba para su nombramiento en una \u00faltima ronda de votaci\u00f3n, a la cual lleg\u00f3 junto a su cercano,\u00a0Alfredo Guti\u00e9rrez\u00a0Ortiz,\u00a0en la sesi\u00f3n del Pleno de este 2 de enero.<\/strong><\/span><\/p>\n<p>&nbsp;<\/p>\n<p><img data-recalc-dims=\"1\" loading=\"lazy\" decoding=\"async\" class=\"aligncenter wp-image-14267 size-large\" src=\"https:\/\/i0.wp.com\/politicosaldesnudo.com.mx\/wp-content\/uploads\/2023\/01\/P-NORMA-LUCIA-PINA-MINISTRA-1-1024x573.png?resize=800%2C448&#038;ssl=1\" alt=\"\" width=\"800\" height=\"448\" srcset=\"https:\/\/i0.wp.com\/politicosaldesnudo.com.mx\/wp-content\/uploads\/2023\/01\/P-NORMA-LUCIA-PINA-MINISTRA-1.png?resize=1024%2C573&amp;ssl=1 1024w, https:\/\/i0.wp.com\/politicosaldesnudo.com.mx\/wp-content\/uploads\/2023\/01\/P-NORMA-LUCIA-PINA-MINISTRA-1.png?resize=300%2C168&amp;ssl=1 300w, https:\/\/i0.wp.com\/politicosaldesnudo.com.mx\/wp-content\/uploads\/2023\/01\/P-NORMA-LUCIA-PINA-MINISTRA-1.png?resize=768%2C430&amp;ssl=1 768w, https:\/\/i0.wp.com\/politicosaldesnudo.com.mx\/wp-content\/uploads\/2023\/01\/P-NORMA-LUCIA-PINA-MINISTRA-1.png?resize=1536%2C859&amp;ssl=1 1536w, https:\/\/i0.wp.com\/politicosaldesnudo.com.mx\/wp-content\/uploads\/2023\/01\/P-NORMA-LUCIA-PINA-MINISTRA-1.png?w=1816&amp;ssl=1 1816w, https:\/\/i0.wp.com\/politicosaldesnudo.com.mx\/wp-content\/uploads\/2023\/01\/P-NORMA-LUCIA-PINA-MINISTRA-1.png?w=1600&amp;ssl=1 1600w\" sizes=\"auto, (max-width: 800px) 100vw, 800px\" \/><\/p>\n<p>&nbsp;<\/p>\n<blockquote>\n<p class=\"p1\"><span style=\"font-size: 14pt;\">Ni victoriosa, ni triunfante. Hoy me dirijo a ustedes honrada, comprometida, responsabilizada, obligada, jur\u00eddica y moralmente a representar al Poder Judicial de la Federaci\u00f3n\u201d, declar\u00f3 en su primer discurso como ministra presidenta.<\/span><\/p>\n<\/blockquote>\n<p>&nbsp;<\/p>\n<p class=\"p1\"><span style=\"font-size: 18pt;\"><strong>Norma Luc\u00eda Pi\u00f1a fue una de las cinco aspirantes a suceder al antes presidente, Arturo Zald\u00edvar, quien propuso cinco l\u00edneas de trabajo entre las cuales destacaba el fortalecimiento de la funci\u00f3n jurisdiccional y la reingenier\u00eda y en la actividad administrativa de la SCJN y del\u00a0Consejo de la Judicatura Federal (CJF).<\/strong><\/span><\/p>\n<p>&nbsp;<\/p>\n<p><img data-recalc-dims=\"1\" loading=\"lazy\" decoding=\"async\" class=\"aligncenter wp-image-14269 size-large\" src=\"https:\/\/i0.wp.com\/politicosaldesnudo.com.mx\/wp-content\/uploads\/2023\/01\/P-NORMA-LUCIA-PINA-MINISTRA-3-1024x573.png?resize=800%2C448&#038;ssl=1\" alt=\"\" width=\"800\" height=\"448\" srcset=\"https:\/\/i0.wp.com\/politicosaldesnudo.com.mx\/wp-content\/uploads\/2023\/01\/P-NORMA-LUCIA-PINA-MINISTRA-3.png?resize=1024%2C573&amp;ssl=1 1024w, https:\/\/i0.wp.com\/politicosaldesnudo.com.mx\/wp-content\/uploads\/2023\/01\/P-NORMA-LUCIA-PINA-MINISTRA-3.png?resize=300%2C168&amp;ssl=1 300w, https:\/\/i0.wp.com\/politicosaldesnudo.com.mx\/wp-content\/uploads\/2023\/01\/P-NORMA-LUCIA-PINA-MINISTRA-3.png?resize=768%2C430&amp;ssl=1 768w, https:\/\/i0.wp.com\/politicosaldesnudo.com.mx\/wp-content\/uploads\/2023\/01\/P-NORMA-LUCIA-PINA-MINISTRA-3.png?resize=1536%2C859&amp;ssl=1 1536w, https:\/\/i0.wp.com\/politicosaldesnudo.com.mx\/wp-content\/uploads\/2023\/01\/P-NORMA-LUCIA-PINA-MINISTRA-3.png?w=1816&amp;ssl=1 1816w, https:\/\/i0.wp.com\/politicosaldesnudo.com.mx\/wp-content\/uploads\/2023\/01\/P-NORMA-LUCIA-PINA-MINISTRA-3.png?w=1600&amp;ssl=1 1600w\" sizes=\"auto, (max-width: 800px) 100vw, 800px\" \/><\/p>\n<p>&nbsp;<\/p>\n<p><span style=\"font-size: 18pt; color: #139eca;\"><strong>ELIMINADOS EN LA SEGUNDA VUELTA<\/strong><\/span><\/p>\n<p class=\"p1\"><span style=\"font-size: 18pt;\"><strong>Yasm\u00edn Esquivel Mossa,\u00a0Javier Laynez Potisek y Alberto P\u00e9rez Day\u00e1n quedaron eliminados de la carrera en la segunda vuelta ante Luc\u00eda Pi\u00f1a y Guti\u00e9rrez Ortiz, quienes juntaron la mayor cantidad de sufragios &#8211; con tres y cuatro respectivamente &#8211; m\u00e1s no los m\u00ednimos. Esto, luego de que cada aspirante sumara dos votos en una ronda inicial &#8211; a excepci\u00f3n de Pi\u00f1a, quien obtuvo tres.<\/strong><\/span><\/p>\n<p class=\"p1\"><span style=\"font-size: 14pt;\">Finalmente, Pi\u00f1a Hern\u00e1ndez fue elegida por seis de los once ministros que conforman en Pleno y se consagr\u00f3 como la primera ministra presidenta de la SCJN. En ese tenor, la abogada agradeci\u00f3 la decisi\u00f3n del Pleno de \u201cromper lo que parec\u00eda un inaccesible techo de cristal\u201d.<\/span><\/p>\n<p>&nbsp;<\/p>\n<blockquote class=\"twitter-tweet\" data-width=\"550\" data-dnt=\"true\">\n<p lang=\"es\" dir=\"ltr\">D\u00eda hist\u00f3rico, el pleno de la <a href=\"https:\/\/twitter.com\/SCJN?ref_src=twsrc%5Etfw\">@SCJN<\/a> eligi\u00f3 a la primera mujer, la Ministra Norma Luc\u00eda Pi\u00f1a Hern\u00e1ndez para presidir la <a href=\"https:\/\/twitter.com\/SCJN?ref_src=twsrc%5Etfw\">@SCJN<\/a>.<\/p>\n<p>Estoy segura que har\u00e1 una gran labor. Le deseo todo el \u00e9xito por un M\u00e9xico de Justicia para todas y todos. <\/p>\n<p>Felicidades Ministra Presidenta.<\/p>\n<p>&mdash; Yasmin Esquivel Mossa (@YasminEsquivel_) <a href=\"https:\/\/twitter.com\/YasminEsquivel_\/status\/1609997559359062018?ref_src=twsrc%5Etfw\">January 2, 2023<\/a><\/p><\/blockquote>\n<p><script async src=\"https:\/\/platform.twitter.com\/widgets.js\" charset=\"utf-8\"><\/script><\/p>\n<p>&nbsp;<\/p>\n<blockquote>\n<p class=\"p1\"><span style=\"font-size: 14pt;\">Agradezco a las que siempre han cre\u00eddo. A las que no se han cansado de intentar cambios que poco a poco arrinconan nuestra cultura patriarcal. Honro en este momento a las que ya no est\u00e1n\u201d, asever\u00f3<\/span><\/p>\n<\/blockquote>\n<p>&nbsp;<\/p>\n<blockquote>\n<p class=\"p1\"><span style=\"font-size: 14pt;\">Represento tambi\u00e9n a las mujeres. (&#8230;) Me siento acompa\u00f1ada, respaldada, acuerpada por todas ellas; todas nosotras. Me siento muy fuerte porque s\u00e9 que estamos todas aqu\u00ed\u201d<\/span><\/p>\n<\/blockquote>\n<p>&nbsp;<\/p>\n<p class=\"p1\">\n<p>&nbsp;<\/p>\n<p>&nbsp;<\/p>\n<p>&nbsp;<\/p>\n<p>&nbsp;<\/p>\n","protected":false},"excerpt":{"rendered":"<p>&nbsp; CIUDAD DE M\u00c9XICO. Norma Luc\u00eda Pi\u00f1a Hern\u00e1ndez\u00a0fue elegida como la nueva presidenta de la\u00a0Suprema Corte de Justicia de la<\/p>\n","protected":false},"author":4,"featured_media":14268,"comment_status":"closed","ping_status":"closed","sticky":false,"template":"","format":"standard","meta":{"colormag_page_container_layout":"default_layout","colormag_page_sidebar_layout":"default_layout","_jetpack_memberships_contains_paid_content":false,"footnotes":"","jetpack_publicize_message":"","jetpack_publicize_feature_enabled":true,"jetpack_social_post_already_shared":false,"jetpack_social_options":{"image_generator_settings":{"template":"highway","default_image_id":0,"font":"","enabled":false},"version":2}},"categories":[33],"tags":[1974,1996,1418,1997],"class_list":["post-14266","post","type-post","status-publish","format-standard","has-post-thumbnail","hentry","category-nacional","tag-ministra","tag-norma-lucia-pina-hernandez","tag-scnj","tag-yasmin-esquivel-mossa"],"jetpack_publicize_connections":[],"jetpack_featured_media_url":"https:\/\/i0.wp.com\/politicosaldesnudo.com.mx\/wp-content\/uploads\/2023\/01\/P-NORMA-LUCIA-PINA-MINISTRA-2.png?fit=1816%2C1016&ssl=1","jetpack-related-posts":[],"jetpack_sharing_enabled":true,"_links":{"self":[{"href":"https:\/\/politicosaldesnudo.com.mx\/index.php\/wp-json\/wp\/v2\/posts\/14266","targetHints":{"allow":["GET"]}}],"collection":[{"href":"https:\/\/politicosaldesnudo.com.mx\/index.php\/wp-json\/wp\/v2\/posts"}],"about":[{"href":"https:\/\/politicosaldesnudo.com.mx\/index.php\/wp-json\/wp\/v2\/types\/post"}],"author":[{"embeddable":true,"href":"https:\/\/politicosaldesnudo.com.mx\/index.php\/wp-json\/wp\/v2\/users\/4"}],"replies":[{"embeddable":true,"href":"https:\/\/politicosaldesnudo.com.mx\/index.php\/wp-json\/wp\/v2\/comments?post=14266"}],"version-history":[{"count":0,"href":"https:\/\/politicosaldesnudo.com.mx\/index.php\/wp-json\/wp\/v2\/posts\/14266\/revisions"}],"wp:featuredmedia":[{"embeddable":true,"href":"https:\/\/politicosaldesnudo.com.mx\/index.php\/wp-json\/wp\/v2\/media\/14268"}],"wp:attachment":[{"href":"https:\/\/politicosaldesnudo.com.mx\/index.php\/wp-json\/wp\/v2\/media?parent=14266"}],"wp:term":[{"taxonomy":"category","embeddable":true,"href":"https:\/\/politicosaldesnudo.com.mx\/index.php\/wp-json\/wp\/v2\/categories?post=14266"},{"taxonomy":"post_tag","embeddable":true,"href":"https:\/\/politicosaldesnudo.com.mx\/index.php\/wp-json\/wp\/v2\/tags?post=14266"}],"curies":[{"name":"wp","href":"https:\/\/api.w.org\/{rel}","templated":true}]}}