{"id":14617,"date":"2023-01-07T17:14:42","date_gmt":"2023-01-07T23:14:42","guid":{"rendered":"https:\/\/politicosaldesnudo.com.mx\/?p=14617"},"modified":"2023-01-23T16:08:30","modified_gmt":"2023-01-23T22:08:30","slug":"retoma-el-vuelo-mexicana-de-aviacion-con-el-gobierno-federal-lo-adquieren-por-811-mdp","status":"publish","type":"post","link":"https:\/\/politicosaldesnudo.com.mx\/index.php\/2023\/01\/07\/retoma-el-vuelo-mexicana-de-aviacion-con-el-gobierno-federal-lo-adquieren-por-811-mdp\/","title":{"rendered":"Retomar\u00e1 el vuelo Mexicana de Aviaci\u00f3n con el Gobierno Federal, lo adquieren por 811 mdp"},"content":{"rendered":"<p>&nbsp;<\/p>\n<p><span style=\"font-size: 18pt;\"><strong>Por Olivia Blanco<\/strong><\/span><\/p>\n<p class=\"p1\"><span style=\"font-size: 14pt;\"><em><strong>CIUDAD DE MEXICO.\u00a0<\/strong><\/em>Doce a\u00f1os sin volar, pero este viernes <strong>los Sindicatos de la extinta Mexicana de Aviaci\u00f3n<\/strong> llegaron a un acuerdo con el <strong>Gobierno Federal<\/strong> para ceder varios activos de la compa\u00f1\u00eda por\u00a0m\u00e1s de <strong>811 millones de pesos<\/strong>.<\/span><\/p>\n<p class=\"p1\"><span style=\"font-size: 18pt; color: #139eca;\"><strong>Es decir, finalmente Mexicana retomar\u00e1 el vuelo, los activos\u00a0pasar\u00e1n a manos de la Secretar\u00eda de Defensa Nacional\u00a0(Sedena), quien ser\u00e1 la encargada del relanzamiento de la aerol\u00ednea bandera mexicana.<\/strong><\/span><\/p>\n<p class=\"p1\"><span style=\"font-size: 18pt;\"><strong>Se acord\u00f3 con la Secretar\u00eda de Infraestructura, Comunicaciones y Transportes (SICT) la compra de la marca y de instalaciones de la extinta aerol\u00ednea que incluye los\u00a0derechos de uso de la marca\u00a0como\u00a0MexicanaLink\u00a0y\u00a0MexicanaClick, entre otras; as\u00ed como\u00a0dos bienes inmuebles: un centro de adiestramiento, un edificio en Guadalajara, Jalisco y un piso en Balderas en la Ciudad de M\u00e9xico. Adem\u00e1s, se suma\u00a0un simulador de vuelo\u00a0que a\u00fan se encuentra en revisiones.<\/strong><\/span><\/p>\n<p class=\"p1\"><span style=\"font-size: 14pt;\">Cabe mencionar que la propuesta de compra fue presentada por\u00a0Luisa Mar\u00eda Alcalde Luj\u00e1n, secretar\u00eda del Trabajo y Previsi\u00f3n Social (STPS), a los trabajadores de la aerol\u00ednea, que est\u00e1n en\u00a0huelga\u00a0desde hace m\u00e1s de una d\u00e9cada.<\/span><\/p>\n<p class=\"p1\"><span style=\"font-size: 18pt;\"><strong>Por su parte, Fausto Guerrero, l\u00edder de la Asociaci\u00f3n de Jubilados, Trabajadores y Extrabajadores de la Aviaci\u00f3n Mexicana (AJTEAM), dijo que que el dinero de la transacci\u00f3n ser\u00e1 considerado como parte de la liquidaci\u00f3n de los ex trabajadores.<\/strong><\/span><\/p>\n<p>&nbsp;<\/p>\n<blockquote>\n<p class=\"p1\"><span style=\"font-size: 14pt;\">Originalmente eran 8 mil 500 trabajadores y 650 jubilados. Los laudos marcan un adeudo de unos 9 mil millones, evidentemente ante la circunstancia de que no existen bienes suficientes para cubrir el adeudo, estos 817 millones ser\u00e1n repartidos entre los ex empleados\u201d<\/span><\/p>\n<\/blockquote>\n<p>&nbsp;<\/p>\n<p class=\"p1\"><span style=\"font-size: 18pt; color: #139eca;\"><strong>AEROLINEA DE M\u00c9XICO<\/strong><\/span><\/p>\n<p class=\"p1\"><span style=\"font-size: 18pt;\"><strong>Recordemos que el pasado diciembre de 2022, el presidente Andr\u00e9s Manuel L\u00f3pez Obrador dijo que la aerol\u00ednea estaba lista para lanzar operaciones en 2023, por lo que tambi\u00e9n est\u00e1n en conversaciones con la compa\u00f1\u00eda Boeing sobre el alquiler de aviones.<\/strong><\/span><\/p>\n<p class=\"p1\"><span style=\"font-size: 14pt;\">Luego de 12 a\u00f1os de permanecer en huelga, el pasado 2 de septiembre elementos de la Secretar\u00eda de Marina (Semar)\u00a0desalojaron a extrabajadores\u00a0de la extinta aerol\u00ednea de los espacios que ocupaban en el interior del Aeropuerto Internacional de la Ciudad de M\u00e9xico (AICM).<\/span><\/p>\n<p>&nbsp;<\/p>\n<p>&nbsp;<\/p>\n<p>&nbsp;<\/p>\n<p>&nbsp;<\/p>\n","protected":false},"excerpt":{"rendered":"<p>&nbsp; Por Olivia Blanco CIUDAD DE MEXICO.\u00a0Doce a\u00f1os sin volar, pero este viernes los Sindicatos de la extinta Mexicana de<\/p>\n","protected":false},"author":4,"featured_media":14618,"comment_status":"closed","ping_status":"closed","sticky":false,"template":"","format":"standard","meta":{"colormag_page_container_layout":"default_layout","colormag_page_sidebar_layout":"default_layout","_jetpack_memberships_contains_paid_content":false,"footnotes":"","jetpack_publicize_message":"","jetpack_publicize_feature_enabled":true,"jetpack_social_post_already_shared":false,"jetpack_social_options":{"image_generator_settings":{"template":"highway","default_image_id":0,"font":"","enabled":false},"version":2}},"categories":[2050],"tags":[95,296,2035,42],"class_list":["post-14617","post","type-post","status-publish","format-standard","has-post-thumbnail","hentry","category-economia","tag-andres-manuel-lopez-obrador","tag-gobierno-federal","tag-mexicana-de-aviacion","tag-mexico"],"jetpack_publicize_connections":[],"jetpack_featured_media_url":"https:\/\/i0.wp.com\/politicosaldesnudo.com.mx\/wp-content\/uploads\/2023\/01\/P-MEXICANA-GOBIERNO.png?fit=1816%2C1016&ssl=1","jetpack-related-posts":[],"jetpack_sharing_enabled":true,"_links":{"self":[{"href":"https:\/\/politicosaldesnudo.com.mx\/index.php\/wp-json\/wp\/v2\/posts\/14617","targetHints":{"allow":["GET"]}}],"collection":[{"href":"https:\/\/politicosaldesnudo.com.mx\/index.php\/wp-json\/wp\/v2\/posts"}],"about":[{"href":"https:\/\/politicosaldesnudo.com.mx\/index.php\/wp-json\/wp\/v2\/types\/post"}],"author":[{"embeddable":true,"href":"https:\/\/politicosaldesnudo.com.mx\/index.php\/wp-json\/wp\/v2\/users\/4"}],"replies":[{"embeddable":true,"href":"https:\/\/politicosaldesnudo.com.mx\/index.php\/wp-json\/wp\/v2\/comments?post=14617"}],"version-history":[{"count":0,"href":"https:\/\/politicosaldesnudo.com.mx\/index.php\/wp-json\/wp\/v2\/posts\/14617\/revisions"}],"wp:featuredmedia":[{"embeddable":true,"href":"https:\/\/politicosaldesnudo.com.mx\/index.php\/wp-json\/wp\/v2\/media\/14618"}],"wp:attachment":[{"href":"https:\/\/politicosaldesnudo.com.mx\/index.php\/wp-json\/wp\/v2\/media?parent=14617"}],"wp:term":[{"taxonomy":"category","embeddable":true,"href":"https:\/\/politicosaldesnudo.com.mx\/index.php\/wp-json\/wp\/v2\/categories?post=14617"},{"taxonomy":"post_tag","embeddable":true,"href":"https:\/\/politicosaldesnudo.com.mx\/index.php\/wp-json\/wp\/v2\/tags?post=14617"}],"curies":[{"name":"wp","href":"https:\/\/api.w.org\/{rel}","templated":true}]}}