{"id":14633,"date":"2023-01-09T00:38:04","date_gmt":"2023-01-09T06:38:04","guid":{"rendered":"https:\/\/politicosaldesnudo.com.mx\/?p=14633"},"modified":"2023-01-09T00:42:53","modified_gmt":"2023-01-09T06:42:53","slug":"el-costo-del-descuido","status":"publish","type":"post","link":"https:\/\/politicosaldesnudo.com.mx\/index.php\/2023\/01\/09\/el-costo-del-descuido\/","title":{"rendered":"El costo del descuido"},"content":{"rendered":"<p>&nbsp;<\/p>\n<p class=\"p1\"><span style=\"font-size: 18pt;\"><b>Por Ricardo Homs<\/b><\/span><\/p>\n<p class=\"p1\"><span style=\"font-size: 14pt;\">El accidente de la L\u00ednea 3 del Sistema de Transporte Colectivo \u201cMetro\u201d, -de la Ciudad de M\u00e9xico-, de este s\u00e1bado 7 de enero representa un doloroso aviso de los riesgos que hoy se viven en M\u00e9xico.<\/span><\/p>\n<p class=\"p1\"><span style=\"font-size: 14pt;\">La visi\u00f3n populista de gobierno, -enfocada en la grilla pol\u00edtica-, ha representado grandes olvidos en el \u00e1mbito de la administraci\u00f3n p\u00fablica y entre ellos est\u00e1 la falta de inversi\u00f3n en mantenimiento a la infraestructura de servicios p\u00fablicos de todo el pa\u00eds.<\/span><\/p>\n<p class=\"p1\"><span style=\"font-size: 14pt;\">Habr\u00e1 muchos \u00e1mbitos donde este descuido signifique s\u00f3lo retrocesos en la calidad de los servicios p\u00fablicos. Sin embargo, existen otros \u00e1mbitos donde la falta de mantenimiento a la infraestructura podr\u00e1n tener funestas consecuencias, como lo ha sido el Metro.<\/span><\/p>\n<p class=\"p1\"><span style=\"font-size: 14pt;\">Este accidente no es el \u00fanico que ha sucedido durante en la administraci\u00f3n de Claudia Sheinbaum.<\/span><\/p>\n<p class=\"p1\"><span style=\"font-size: 14pt;\">El reciente accidente tuvo un fatal desenlace de un fallecido, cuatro pasajeros prensados y 10 lesionados. Tomemos en cuenta que sucedi\u00f3 en d\u00eda inh\u00e1bil, -o sea s\u00e1bado- y a las 11:30 de la ma\u00f1ana, y no en hora pico.<\/span><\/p>\n<p class=\"p1\"><span style=\"font-size: 14pt;\">Sin embargo, tambi\u00e9n debemos recordar el desplome de la l\u00ednea 12 del Metro el 03 de mayo del 2021, a partir del colapso de una estructura en la zona elevada del metro. Este accidente tuvo un saldo de 20 fallecidos y hasta 100 pasajeros lesionados.<\/span><\/p>\n<p class=\"p1\"><span style=\"font-size: 14pt;\">El incendio del Centro de Control 1 del Metro, sucedido a las 5:40 horas del 09 de enero del 2021<span class=\"Apple-converted-space\">\u00a0 <\/span>tuvo como resultado 30 pasajeros lesionados y se report\u00f3 como origen un cortocircuito en el sistema el\u00e9ctrico.<\/span><\/p>\n<p class=\"p1\"><span style=\"font-size: 14pt;\">Tambi\u00e9n debemos a\u00f1adir el choque de dos trenes del Metro ocurrido el 10 de marzo del 2020, con una persona fallecida y 41 lesionadas. El l\u00edder del sindicato de trabajadores, -Fernando Espino-, declar\u00f3 que el accidente se origin\u00f3 porque uno de los dos convoyes se qued\u00f3 sin control de mandos. Sin embargo, la fiscal\u00eda de la Ciudad de M\u00e9xico acredit\u00f3 el accidente a errores humanos y ejerci\u00f3 acci\u00f3n penal en contra del conductor del tren 33 y de la reguladora de l\u00ednea de este sistema de transporte, lo cual es sospechoso en un sistema de alta tecnolog\u00eda que no se opera manualmente como si fuese un autob\u00fas en las calles.<\/span><\/p>\n<p class=\"p1\"><span style=\"font-size: 14pt;\">Un gobierno que ha focalizado su atenci\u00f3n s\u00f3lo en mantener el control pol\u00edtico y social del pa\u00eds para retener el poder y ha tomado como pol\u00edtica de gobierno el ahorro por encima de la eficiencia, cancelando fideicomisos, est\u00e1 generando graves riesgos.<span class=\"Apple-converted-space\">\u00a0<\/span><\/span><\/p>\n<p class=\"p1\"><span style=\"font-size: 14pt;\">Sin embargo, la infraestructura tecnol\u00f3gica envejece igual que todo lo que nos rodea y por tanto, necesita mantenimiento pero al no recibirlo, en alg\u00fan momento colapsa.<\/span><\/p>\n<p class=\"p1\"><span style=\"font-size: 14pt;\">El envejecimiento de los equipos de CFE, as\u00ed como los de PEMEX, -si no reciben cirug\u00eda mayor los m\u00e1s antiguos-, pueden provocar accidentes que pueden representar tragedias de alcance fatal.<\/span><\/p>\n<p class=\"p1\"><span style=\"font-size: 14pt;\">Sin embargo, el grave riesgo lo representar\u00e1 la cercan\u00eda del momento crucial de las elecciones del 2024, lo cual exigir\u00e1 recursos econ\u00f3micos importantes, por lo que podremos esperar que la visi\u00f3n ahorrativa y pichicatera se recrudezca, aumentando el riesgo de grandes tragedias.<\/span><\/p>\n<p class=\"p1\"><span style=\"font-size: 14pt;\">Este es el momento de reconsiderar una pol\u00edtica equivocada que puede provocar graves descalabros electorales a partir de acontecimientos provocados por falta de mantenimiento a la infraestructura p\u00fablica.<\/span><\/p>\n<p>&nbsp;<\/p>\n<p class=\"p1\"><span style=\"font-size: 18pt;\"><strong>\u00bfA usted qu\u00e9 le parece?<\/strong><\/span><\/p>\n<p>&nbsp;<\/p>\n<hr \/>\n<p>&nbsp;<\/p>\n<p class=\"p1\"><span style=\"font-size: 18pt;\"><strong>Facebook:<a href=\"https:\/\/www.facebook.com\/Ricardo.Homs1\">@Ricardo.Homs1<\/a><\/strong><\/span><\/p>\n<p class=\"p1\"><span style=\"font-size: 18pt;\"><strong>Twitter:\u00a0<\/strong><a href=\"https:\/\/twitter.com\/homsricardo\"><strong>@homsricardo<\/strong><\/a><\/span><\/p>\n<p class=\"p1\"><span style=\"font-size: 18pt;\"><strong>Linkedin:\u00a0<a href=\"https:\/\/www.linkedin.com\/in\/ricardo-homs-3920449\/?originalSubdomain=mx\">RicardoHoms<\/a><\/strong><\/span><\/p>\n<p class=\"p1\"><span style=\"font-size: 18pt;\"><a href=\"https:\/\/ricardohoms.com\/\"><strong>www.ricardohoms.com<\/strong><\/a><\/span><\/p>\n<p>&nbsp;<\/p>\n<p><img data-recalc-dims=\"1\" loading=\"lazy\" decoding=\"async\" class=\"aligncenter wp-image-14351\" src=\"https:\/\/i0.wp.com\/politicosaldesnudo.com.mx\/wp-content\/uploads\/2023\/01\/FIRMA-EDITORIAL-PD-1024x125.png?resize=800%2C98&#038;ssl=1\" alt=\"\" width=\"800\" height=\"98\" srcset=\"https:\/\/i0.wp.com\/politicosaldesnudo.com.mx\/wp-content\/uploads\/2023\/01\/FIRMA-EDITORIAL-PD.png?resize=1024%2C125&amp;ssl=1 1024w, https:\/\/i0.wp.com\/politicosaldesnudo.com.mx\/wp-content\/uploads\/2023\/01\/FIRMA-EDITORIAL-PD.png?resize=300%2C37&amp;ssl=1 300w, https:\/\/i0.wp.com\/politicosaldesnudo.com.mx\/wp-content\/uploads\/2023\/01\/FIRMA-EDITORIAL-PD.png?resize=768%2C94&amp;ssl=1 768w, https:\/\/i0.wp.com\/politicosaldesnudo.com.mx\/wp-content\/uploads\/2023\/01\/FIRMA-EDITORIAL-PD.png?resize=1536%2C188&amp;ssl=1 1536w, https:\/\/i0.wp.com\/politicosaldesnudo.com.mx\/wp-content\/uploads\/2023\/01\/FIRMA-EDITORIAL-PD.png?resize=2048%2C250&amp;ssl=1 2048w, https:\/\/i0.wp.com\/politicosaldesnudo.com.mx\/wp-content\/uploads\/2023\/01\/FIRMA-EDITORIAL-PD.png?w=1600&amp;ssl=1 1600w, https:\/\/i0.wp.com\/politicosaldesnudo.com.mx\/wp-content\/uploads\/2023\/01\/FIRMA-EDITORIAL-PD.png?w=2400&amp;ssl=1 2400w\" sizes=\"auto, (max-width: 800px) 100vw, 800px\" \/><\/p>\n<p>&nbsp;<\/p>\n<p>&nbsp;<\/p>\n","protected":false},"excerpt":{"rendered":"<p>&nbsp; Por Ricardo Homs El accidente de la L\u00ednea 3 del Sistema de Transporte Colectivo \u201cMetro\u201d, -de la Ciudad de<\/p>\n","protected":false},"author":4,"featured_media":3778,"comment_status":"closed","ping_status":"closed","sticky":false,"template":"","format":"standard","meta":{"colormag_page_container_layout":"default_layout","colormag_page_sidebar_layout":"default_layout","_jetpack_memberships_contains_paid_content":false,"footnotes":"","jetpack_publicize_message":"","jetpack_publicize_feature_enabled":true,"jetpack_social_post_already_shared":false,"jetpack_social_options":{"image_generator_settings":{"template":"highway","default_image_id":0,"font":"","enabled":false},"version":2}},"categories":[26],"tags":[],"class_list":["post-14633","post","type-post","status-publish","format-standard","has-post-thumbnail","hentry","category-columnistas"],"jetpack_publicize_connections":[],"jetpack_featured_media_url":"https:\/\/i0.wp.com\/politicosaldesnudo.com.mx\/wp-content\/uploads\/2022\/04\/RICARDO-HOMS.png?fit=1816%2C1016&ssl=1","jetpack-related-posts":[],"jetpack_sharing_enabled":true,"_links":{"self":[{"href":"https:\/\/politicosaldesnudo.com.mx\/index.php\/wp-json\/wp\/v2\/posts\/14633","targetHints":{"allow":["GET"]}}],"collection":[{"href":"https:\/\/politicosaldesnudo.com.mx\/index.php\/wp-json\/wp\/v2\/posts"}],"about":[{"href":"https:\/\/politicosaldesnudo.com.mx\/index.php\/wp-json\/wp\/v2\/types\/post"}],"author":[{"embeddable":true,"href":"https:\/\/politicosaldesnudo.com.mx\/index.php\/wp-json\/wp\/v2\/users\/4"}],"replies":[{"embeddable":true,"href":"https:\/\/politicosaldesnudo.com.mx\/index.php\/wp-json\/wp\/v2\/comments?post=14633"}],"version-history":[{"count":0,"href":"https:\/\/politicosaldesnudo.com.mx\/index.php\/wp-json\/wp\/v2\/posts\/14633\/revisions"}],"wp:featuredmedia":[{"embeddable":true,"href":"https:\/\/politicosaldesnudo.com.mx\/index.php\/wp-json\/wp\/v2\/media\/3778"}],"wp:attachment":[{"href":"https:\/\/politicosaldesnudo.com.mx\/index.php\/wp-json\/wp\/v2\/media?parent=14633"}],"wp:term":[{"taxonomy":"category","embeddable":true,"href":"https:\/\/politicosaldesnudo.com.mx\/index.php\/wp-json\/wp\/v2\/categories?post=14633"},{"taxonomy":"post_tag","embeddable":true,"href":"https:\/\/politicosaldesnudo.com.mx\/index.php\/wp-json\/wp\/v2\/tags?post=14633"}],"curies":[{"name":"wp","href":"https:\/\/api.w.org\/{rel}","templated":true}]}}