{"id":14639,"date":"2023-01-09T01:03:34","date_gmt":"2023-01-09T07:03:34","guid":{"rendered":"https:\/\/politicosaldesnudo.com.mx\/?p=14639"},"modified":"2023-01-09T01:03:34","modified_gmt":"2023-01-09T07:03:34","slug":"mexico-y-estados-unidos-enlazados-por-la-historia","status":"publish","type":"post","link":"https:\/\/politicosaldesnudo.com.mx\/index.php\/2023\/01\/09\/mexico-y-estados-unidos-enlazados-por-la-historia\/","title":{"rendered":"M\u00e9xico y Estados Unidos enlazados por la historia"},"content":{"rendered":"<p class=\"p1\">\n<p>&nbsp;<\/p>\n<p class=\"p1\"><span style=\"font-size: 18pt;\"><b>Por Ra\u00fal L\u00f3pez G\u00f3mez<\/b><\/span><\/p>\n<p class=\"p1\"><span style=\"font-size: 14pt;\">La hist\u00f3rica visita a M\u00e9xico del presidente de Estados Unidos, Joe Biden, posiciona en gran forma al presidente Andr\u00e9s Manuel L\u00f3pez Obrador.<\/span><\/p>\n<p class=\"p1\"><span style=\"font-size: 14pt;\">A qui\u00e9n se le ve tranquilo y sereno, luego de los hechos lamentables en Culiac\u00e1n en donde de nuevo se desat\u00f3 la violencia y retorn\u00f3 la paz, favorablemente.<\/span><\/p>\n<p class=\"p1\"><span style=\"font-size: 14pt;\">Entre las diversas opiniones de los expertos, destaca la visi\u00f3n siempre objetiva del abogado veracruzano,<span class=\"Apple-converted-space\">\u00a0 <\/span>Ignacio Morales Lechuga, qui\u00e9n en entrevista radiof\u00f3nica en el noticiero local que conduce, el colega Hugo Gallardo San Gabriel, explic\u00f3 de forma directa los alcances de dicho operativo.<\/span><\/p>\n<p class=\"p1\"><span style=\"font-size: 14pt;\">Nacho Morales, se explay\u00f3 en conceptos y el an\u00e1lisis puntual en donde reconoce a las instituciones federales, estatales y municipales para dar un paso importante, nunca jam\u00e1s pensado, por aquello de los abrazos y balazos que ya quedaron en el pasado en la ret\u00f3rica de las conferencias Ma\u00f1aneras del presidente.<\/span><\/p>\n<p class=\"p1\"><span style=\"font-size: 14pt;\">El uso de la fuerza del Estado en toda su magnitud, establece que se seguir\u00e1n con ese objetivo en todos lados del territorio nacional.<\/span><\/p>\n<p class=\"p1\"><span style=\"font-size: 14pt;\">Por cierto, Ignacio Morales Lechuga, estuvo de manteles largos el seis de enero por su onom\u00e1stico.<\/span><\/p>\n<p class=\"p1\"><span style=\"font-size: 14pt;\">La gran demostraci\u00f3n sencilla y objetiva de la situaci\u00f3n en M\u00e9xico, por parte del ex fiscal federal, en este tipo de sucesos, marca un cambio de rumbo en todo lo relativo a la seguridad p\u00fablica y la procuraci\u00f3n de justicia en el pa\u00eds.<\/span><\/p>\n<p class=\"p1\"><span style=\"font-size: 14pt;\">Adem\u00e1s, el abogado Morales Lechuga, tiene varios r\u00e9cords como titular en la PGR,<span class=\"Apple-converted-space\">\u00a0 <\/span>entre otros el de haber logrado la extradici\u00f3n de EU del doctor Humberto \u00c1lvarez Machain, a quien la DEA lo detuvo y lo traslad\u00f3 a aquel pa\u00eds, por sus propios medios y tuvieron que dar marcha atr\u00e1s en ese desprop\u00f3sito y retornar a suelo mexicano al galeno, que dicen que ahora vende tortas en Guadalajara con mucho \u00e9xito.<\/span><\/p>\n<p class=\"p1\"><span style=\"font-size: 14pt;\">Y en estos lares, los Reyes Magos anduvieron muy correteados y pudieron cumplir con su delicada misi\u00f3n de llevar alegr\u00eda a ni\u00f1os y ni\u00f1as.<\/span><\/p>\n<p class=\"p1\"><span style=\"font-size: 14pt;\">En ese sentido, el alcalde boque\u00f1o Juan Manuel Un\u00e1nue y su esposa Melina Rivera de Un\u00e1nue, hicieron que la alegr\u00eda llegara a las colonias de Boca del R\u00edo en un evento macro en el parque Bomberos del Dren B.<\/span><\/p>\n<p class=\"p1\"><span style=\"font-size: 14pt;\">En Mart\u00ednez de la Torre, el legislador veracruzano Sergio Guti\u00e9rrez Luna, se entreg\u00f3 con mucha fuerza a festejar los Reyes Magos a ni\u00f1as y ni\u00f1os con gran sentimiento de reconocimiento a las familias de las colonias populares.<\/span><\/p>\n<p class=\"p1\"><span style=\"font-size: 14pt;\">Las correspondientes acciones de los personajes como Juan Manuel Un\u00e1nue Abascal, en Boca del R\u00edo dan ejemplo a los servidores p\u00fablicos de gran apoyo a toda la poblaci\u00f3n.<\/span><\/p>\n<p class=\"p1\"><span style=\"font-size: 14pt;\">Y Sergio Guti\u00e9rrez Luna, el legislador minatitleco,<span class=\"Apple-converted-space\">\u00a0 <\/span>desde su foro de Diputado Federal, pone tambi\u00e9n el ejemplo de la solidaridad en favor de todos los sectores de la poblaci\u00f3n en forma puntual.<\/span><\/p>\n<p class=\"p1\"><span style=\"font-size: 14pt;\">Y buenas noticias para los seguidores del famoso influencer Gilberto Salom\u00f3n, qui\u00e9n est\u00e1 convaleciente de la cirug\u00eda que se le practic\u00f3 en el cuello y retirarle una protuberancia.<\/span><\/p>\n<p class=\"p1\"><span style=\"font-size: 14pt;\">Hay Gilberto para rato y sus operadores de redes Pavel Moreno y el Marl\u00f3n, al pie del ca\u00f1\u00f3n, dando gracias a Dios y a sus seguidores por el afecto y amistad otorgado a uno de los m\u00e1s famosos personajes de M\u00e9xico en el orbe. Andale. As\u00ed las cosas.<\/span><\/p>\n<p>&nbsp;<\/p>\n<hr \/>\n<p>&nbsp;<\/p>\n<p><img data-recalc-dims=\"1\" loading=\"lazy\" decoding=\"async\" class=\"aligncenter wp-image-14351\" src=\"https:\/\/i0.wp.com\/politicosaldesnudo.com.mx\/wp-content\/uploads\/2023\/01\/FIRMA-EDITORIAL-PD-300x37.png?resize=800%2C98&#038;ssl=1\" alt=\"\" width=\"800\" height=\"98\" srcset=\"https:\/\/i0.wp.com\/politicosaldesnudo.com.mx\/wp-content\/uploads\/2023\/01\/FIRMA-EDITORIAL-PD.png?resize=300%2C37&amp;ssl=1 300w, https:\/\/i0.wp.com\/politicosaldesnudo.com.mx\/wp-content\/uploads\/2023\/01\/FIRMA-EDITORIAL-PD.png?resize=1024%2C125&amp;ssl=1 1024w, https:\/\/i0.wp.com\/politicosaldesnudo.com.mx\/wp-content\/uploads\/2023\/01\/FIRMA-EDITORIAL-PD.png?resize=768%2C94&amp;ssl=1 768w, https:\/\/i0.wp.com\/politicosaldesnudo.com.mx\/wp-content\/uploads\/2023\/01\/FIRMA-EDITORIAL-PD.png?resize=1536%2C188&amp;ssl=1 1536w, https:\/\/i0.wp.com\/politicosaldesnudo.com.mx\/wp-content\/uploads\/2023\/01\/FIRMA-EDITORIAL-PD.png?resize=2048%2C250&amp;ssl=1 2048w, https:\/\/i0.wp.com\/politicosaldesnudo.com.mx\/wp-content\/uploads\/2023\/01\/FIRMA-EDITORIAL-PD.png?w=1600&amp;ssl=1 1600w, https:\/\/i0.wp.com\/politicosaldesnudo.com.mx\/wp-content\/uploads\/2023\/01\/FIRMA-EDITORIAL-PD.png?w=2400&amp;ssl=1 2400w\" sizes=\"auto, (max-width: 800px) 100vw, 800px\" \/><\/p>\n<p>&nbsp;<\/p>\n<p>&nbsp;<\/p>\n","protected":false},"excerpt":{"rendered":"<p>&nbsp; Por Ra\u00fal L\u00f3pez G\u00f3mez La hist\u00f3rica visita a M\u00e9xico del presidente de Estados Unidos, Joe Biden, posiciona en gran<\/p>\n","protected":false},"author":4,"featured_media":4378,"comment_status":"closed","ping_status":"closed","sticky":false,"template":"","format":"standard","meta":{"colormag_page_container_layout":"default_layout","colormag_page_sidebar_layout":"default_layout","_jetpack_memberships_contains_paid_content":false,"footnotes":"","jetpack_publicize_message":"","jetpack_publicize_feature_enabled":true,"jetpack_social_post_already_shared":false,"jetpack_social_options":{"image_generator_settings":{"template":"highway","default_image_id":0,"font":"","enabled":false},"version":2}},"categories":[26],"tags":[],"class_list":["post-14639","post","type-post","status-publish","format-standard","has-post-thumbnail","hentry","category-columnistas"],"jetpack_publicize_connections":[],"jetpack_featured_media_url":"https:\/\/i0.wp.com\/politicosaldesnudo.com.mx\/wp-content\/uploads\/2022\/04\/RAU%CC%81L-LO%CC%81PEZ-GO%CC%81MEZ.png?fit=1816%2C1016&ssl=1","jetpack-related-posts":[],"jetpack_sharing_enabled":true,"_links":{"self":[{"href":"https:\/\/politicosaldesnudo.com.mx\/index.php\/wp-json\/wp\/v2\/posts\/14639","targetHints":{"allow":["GET"]}}],"collection":[{"href":"https:\/\/politicosaldesnudo.com.mx\/index.php\/wp-json\/wp\/v2\/posts"}],"about":[{"href":"https:\/\/politicosaldesnudo.com.mx\/index.php\/wp-json\/wp\/v2\/types\/post"}],"author":[{"embeddable":true,"href":"https:\/\/politicosaldesnudo.com.mx\/index.php\/wp-json\/wp\/v2\/users\/4"}],"replies":[{"embeddable":true,"href":"https:\/\/politicosaldesnudo.com.mx\/index.php\/wp-json\/wp\/v2\/comments?post=14639"}],"version-history":[{"count":0,"href":"https:\/\/politicosaldesnudo.com.mx\/index.php\/wp-json\/wp\/v2\/posts\/14639\/revisions"}],"wp:featuredmedia":[{"embeddable":true,"href":"https:\/\/politicosaldesnudo.com.mx\/index.php\/wp-json\/wp\/v2\/media\/4378"}],"wp:attachment":[{"href":"https:\/\/politicosaldesnudo.com.mx\/index.php\/wp-json\/wp\/v2\/media?parent=14639"}],"wp:term":[{"taxonomy":"category","embeddable":true,"href":"https:\/\/politicosaldesnudo.com.mx\/index.php\/wp-json\/wp\/v2\/categories?post=14639"},{"taxonomy":"post_tag","embeddable":true,"href":"https:\/\/politicosaldesnudo.com.mx\/index.php\/wp-json\/wp\/v2\/tags?post=14639"}],"curies":[{"name":"wp","href":"https:\/\/api.w.org\/{rel}","templated":true}]}}