{"id":14674,"date":"2023-01-09T02:12:37","date_gmt":"2023-01-09T08:12:37","guid":{"rendered":"https:\/\/politicosaldesnudo.com.mx\/?p=14674"},"modified":"2023-01-09T02:48:32","modified_gmt":"2023-01-09T08:48:32","slug":"califica-lula-de-barbarie-golpe-de-estado-promovido-por-bolsonaro","status":"publish","type":"post","link":"https:\/\/politicosaldesnudo.com.mx\/index.php\/2023\/01\/09\/califica-lula-de-barbarie-golpe-de-estado-promovido-por-bolsonaro\/","title":{"rendered":"Califica Lula de \u201cbarbarie\u201d golpe de Estado promovido por Bolsonaro"},"content":{"rendered":"<p>&nbsp;<\/p>\n<p class=\"p1\"><span style=\"font-size: 14pt;\"><em><strong>BRASILIA, BRASIL.<\/strong> <\/em>El <strong>presidente brasile\u00f1o, Lula da Silva visit\u00f3 el Palacio de Planalto en la capital Brasilia<\/strong>, el Congreso y el Tribunal Supremo Federal (STF) para evaluar la escala de los da\u00f1os causados por partidarios de Jair Bolsonaro.<\/span><\/p>\n<p class=\"p1\"><span style=\"font-size: 18pt;\"><strong>Medios locales informaron que antes de que Lula da Silva llegar\u00e1 a la capital brasile\u00f1a, la sede del gobierno y del STF fueron sometidos a un barrido por un equipo antibombas de la Polic\u00eda Federal.<\/strong><\/span><\/p>\n<p class=\"p1\"><span style=\"font-size: 14pt;\">Ambos edificios sufrieron da\u00f1os significativos tras la invasi\u00f3n de los simpatizantes del ultraderechista, derrotado en las elecciones presidenciales de octubre.<\/span><\/p>\n<p>&nbsp;<\/p>\n<p><img data-recalc-dims=\"1\" loading=\"lazy\" decoding=\"async\" class=\"aligncenter wp-image-14676 size-large\" src=\"https:\/\/i0.wp.com\/politicosaldesnudo.com.mx\/wp-content\/uploads\/2023\/01\/P-LULA-BRASIL-2-1024x573.png?resize=800%2C448&#038;ssl=1\" alt=\"\" width=\"800\" height=\"448\" srcset=\"https:\/\/i0.wp.com\/politicosaldesnudo.com.mx\/wp-content\/uploads\/2023\/01\/P-LULA-BRASIL-2.png?resize=1024%2C573&amp;ssl=1 1024w, https:\/\/i0.wp.com\/politicosaldesnudo.com.mx\/wp-content\/uploads\/2023\/01\/P-LULA-BRASIL-2.png?resize=300%2C168&amp;ssl=1 300w, https:\/\/i0.wp.com\/politicosaldesnudo.com.mx\/wp-content\/uploads\/2023\/01\/P-LULA-BRASIL-2.png?resize=768%2C430&amp;ssl=1 768w, https:\/\/i0.wp.com\/politicosaldesnudo.com.mx\/wp-content\/uploads\/2023\/01\/P-LULA-BRASIL-2.png?resize=1536%2C859&amp;ssl=1 1536w, https:\/\/i0.wp.com\/politicosaldesnudo.com.mx\/wp-content\/uploads\/2023\/01\/P-LULA-BRASIL-2.png?w=1816&amp;ssl=1 1816w, https:\/\/i0.wp.com\/politicosaldesnudo.com.mx\/wp-content\/uploads\/2023\/01\/P-LULA-BRASIL-2.png?w=1600&amp;ssl=1 1600w\" sizes=\"auto, (max-width: 800px) 100vw, 800px\" \/><\/p>\n<p>&nbsp;<\/p>\n<p class=\"p1\"><span style=\"font-size: 18pt;\"><strong>Los da\u00f1os causados por los bolsonaristas incluyen patrimonio cultural dif\u00edcilmente recuperable como diversas obras de arte y esculturas.<\/strong><\/span><\/p>\n<p class=\"p1\"><span style=\"font-size: 14pt;\">De acuerdo a informaci\u00f3n preliminar, los manifestantes rompieron ordenadores y ventanas y tambi\u00e9n se volcaron cajones en las dependencias que lograron alcanzar los bolsonaristas.\u00a0<\/span><\/p>\n<p class=\"p1\"><span style=\"font-size: 14pt;\">Al constatar los da\u00f1os a las sedes de los tres poderes del Estado, Lula da Silva decret\u00f3 la intervenci\u00f3n del \u00e1rea de seguridad del Distrito Federal Brasilia hasta el pr\u00f3ximo 31 de enero, ante la situaci\u00f3n que vivi\u00f3 la capital del pa\u00eds durante casi cuatro horas.<\/span><\/p>\n<p>&nbsp;<\/p>\n<p><img data-recalc-dims=\"1\" loading=\"lazy\" decoding=\"async\" class=\"aligncenter wp-image-14677 size-large\" src=\"https:\/\/i0.wp.com\/politicosaldesnudo.com.mx\/wp-content\/uploads\/2023\/01\/P-LULA-BRASIL-3-1024x573.png?resize=800%2C448&#038;ssl=1\" alt=\"\" width=\"800\" height=\"448\" srcset=\"https:\/\/i0.wp.com\/politicosaldesnudo.com.mx\/wp-content\/uploads\/2023\/01\/P-LULA-BRASIL-3.png?resize=1024%2C573&amp;ssl=1 1024w, https:\/\/i0.wp.com\/politicosaldesnudo.com.mx\/wp-content\/uploads\/2023\/01\/P-LULA-BRASIL-3.png?resize=300%2C168&amp;ssl=1 300w, https:\/\/i0.wp.com\/politicosaldesnudo.com.mx\/wp-content\/uploads\/2023\/01\/P-LULA-BRASIL-3.png?resize=768%2C430&amp;ssl=1 768w, https:\/\/i0.wp.com\/politicosaldesnudo.com.mx\/wp-content\/uploads\/2023\/01\/P-LULA-BRASIL-3.png?resize=1536%2C859&amp;ssl=1 1536w, https:\/\/i0.wp.com\/politicosaldesnudo.com.mx\/wp-content\/uploads\/2023\/01\/P-LULA-BRASIL-3.png?w=1816&amp;ssl=1 1816w, https:\/\/i0.wp.com\/politicosaldesnudo.com.mx\/wp-content\/uploads\/2023\/01\/P-LULA-BRASIL-3.png?w=1600&amp;ssl=1 1600w\" sizes=\"auto, (max-width: 800px) 100vw, 800px\" \/><\/p>\n<p>&nbsp;<\/p>\n<p>&nbsp;<\/p>\n<p class=\"p1\"><span style=\"font-size: 18pt; color: #139eca;\"><strong>SE DESATA LA BARBARIE<\/strong><\/span><\/p>\n<p class=\"p1\"><span style=\"font-size: 18pt;\"><strong>El presidente Lula da Silva calific\u00f3 de \u201cbarbarie\u201d el intento de golpe de Estado promovido por simpatizantes de Jair Bolsonaro y acus\u00f3 al expresidente de \u201cestimular\u201d los actos vand\u00e1licos.<\/strong><\/span><\/p>\n<p class=\"p1\"><span style=\"font-size: 14pt;\">Miles de bolsonaristas, que llevan semanas pidiendo a las puertas de los cuarteles una intervenci\u00f3n de las Fuerzas Armadas para derrocar a Lula da Silva \u00a0y devolver al poder a Bolsonaro, invadieron y destrozaron el domingo las sedes del Congreso, la Presidencia y la Corte Suprema.<\/span><\/p>\n<blockquote>\n<p class=\"p1\"><span style=\"font-size: 14pt;\">Vamos a descubrir a los financiadores\u201d de esas protestas que \u201cdestruyeron todo lo que encontraron a su paso\u201d, ha prometido el presidente brasile\u00f1o.<span class=\"Apple-converted-space\">\u00a0<\/span><\/span><\/p>\n<\/blockquote>\n<p class=\"p1\"><span style=\"font-size: 18pt; color: #139eca;\"><strong>\u201cLa democracia garantiza el derecho de la libertad de expresi\u00f3n pero exige que las personas respeten las instituciones\u201d, ha manifestado Lula, quien jur\u00f3 como jefe de Estado el pasado 1 de enero.<\/strong><\/span><\/p>\n<p class=\"p1\"><span style=\"font-size: 14pt;\">Los hechos ocurridos hoy en Brasilia fueron condenados de forma un\u00e1nime por la comunidad internacional y ocurrieron exactamente una semana despu\u00e9s de que Lula asumiera la Presidencia de Brasil.<\/span><\/p>\n<p>&nbsp;<\/p>\n<p class=\"p1\"><span style=\"font-size: 18pt; color: #139eca;\"><strong>AMLO REPRUEBA GOLPE<\/strong><\/span><\/p>\n<p class=\"p1\"><span style=\"font-size: 14pt;\">El presidente Andr\u00e9s Manuel L\u00f3pez Obrador calific\u00f3 como \u201creprobable y antidemocr\u00e1tico\u201d el intento golpista que tuvo lugar este domingo en el m\u00e1ximo \u00f3rgano del Poder Judicial de Brasil.<\/span><\/p>\n<p class=\"p1\"><span style=\"font-size: 14pt;\">En sus redes sociales el mandatario sostuvo que lo llevaron a cabo sujetos \u201cazuzados por la c\u00fapula del poder olig\u00e1rquico, sus voceros y fan\u00e1ticos\u201d.<\/span><\/p>\n<p class=\"p1\"><span style=\"font-size: 18pt;\"><strong>Afirm\u00f3 que\u00a0\u201cLula no est\u00e1 solo, cuenta con el apoyo de las fuerzas progresistas de su pa\u00eds, de M\u00e9xico, del continente americano y del mundo\u201d.<\/strong><\/span><\/p>\n<p>&nbsp;<\/p>\n<p>&nbsp;<\/p>\n<p>&nbsp;<\/p>\n<p>&nbsp;<\/p>\n","protected":false},"excerpt":{"rendered":"<p>&nbsp; BRASILIA, BRASIL. El presidente brasile\u00f1o, Lula da Silva visit\u00f3 el Palacio de Planalto en la capital Brasilia, el Congreso<\/p>\n","protected":false},"author":4,"featured_media":14675,"comment_status":"closed","ping_status":"closed","sticky":false,"template":"","format":"standard","meta":{"colormag_page_container_layout":"default_layout","colormag_page_sidebar_layout":"default_layout","_jetpack_memberships_contains_paid_content":false,"footnotes":"","jetpack_publicize_message":"","jetpack_publicize_feature_enabled":true,"jetpack_social_post_already_shared":false,"jetpack_social_options":{"image_generator_settings":{"template":"highway","default_image_id":0,"font":"","enabled":false},"version":2}},"categories":[28],"tags":[284,953,282,404],"class_list":["post-14674","post","type-post","status-publish","format-standard","has-post-thumbnail","hentry","category-internacional","tag-brasil","tag-golpe-de-estado","tag-jair-bolsonaro","tag-lula-da-silva"],"jetpack_publicize_connections":[],"jetpack_featured_media_url":"https:\/\/i0.wp.com\/politicosaldesnudo.com.mx\/wp-content\/uploads\/2023\/01\/P-LULA-BRASIL-1.png?fit=1816%2C1016&ssl=1","jetpack-related-posts":[],"jetpack_sharing_enabled":true,"_links":{"self":[{"href":"https:\/\/politicosaldesnudo.com.mx\/index.php\/wp-json\/wp\/v2\/posts\/14674","targetHints":{"allow":["GET"]}}],"collection":[{"href":"https:\/\/politicosaldesnudo.com.mx\/index.php\/wp-json\/wp\/v2\/posts"}],"about":[{"href":"https:\/\/politicosaldesnudo.com.mx\/index.php\/wp-json\/wp\/v2\/types\/post"}],"author":[{"embeddable":true,"href":"https:\/\/politicosaldesnudo.com.mx\/index.php\/wp-json\/wp\/v2\/users\/4"}],"replies":[{"embeddable":true,"href":"https:\/\/politicosaldesnudo.com.mx\/index.php\/wp-json\/wp\/v2\/comments?post=14674"}],"version-history":[{"count":0,"href":"https:\/\/politicosaldesnudo.com.mx\/index.php\/wp-json\/wp\/v2\/posts\/14674\/revisions"}],"wp:featuredmedia":[{"embeddable":true,"href":"https:\/\/politicosaldesnudo.com.mx\/index.php\/wp-json\/wp\/v2\/media\/14675"}],"wp:attachment":[{"href":"https:\/\/politicosaldesnudo.com.mx\/index.php\/wp-json\/wp\/v2\/media?parent=14674"}],"wp:term":[{"taxonomy":"category","embeddable":true,"href":"https:\/\/politicosaldesnudo.com.mx\/index.php\/wp-json\/wp\/v2\/categories?post=14674"},{"taxonomy":"post_tag","embeddable":true,"href":"https:\/\/politicosaldesnudo.com.mx\/index.php\/wp-json\/wp\/v2\/tags?post=14674"}],"curies":[{"name":"wp","href":"https:\/\/api.w.org\/{rel}","templated":true}]}}