{"id":1480,"date":"2022-01-05T12:21:32","date_gmt":"2022-01-05T18:21:32","guid":{"rendered":"https:\/\/politicosaldesnudo.com.mx\/?p=1480"},"modified":"2023-03-20T00:52:53","modified_gmt":"2023-03-20T06:52:53","slug":"hay-que-vacunarse","status":"publish","type":"post","link":"https:\/\/politicosaldesnudo.com.mx\/index.php\/2022\/01\/05\/hay-que-vacunarse\/","title":{"rendered":"\u00a1Hay que vacunarse!"},"content":{"rendered":"<p>&nbsp;<\/p>\n<ul>\n<li style=\"font-weight: 400;\">\n<h6><em>En Estados Unidos m\u00e1s de un mill\u00f3n de contagios en un d\u00eda<\/em><\/h6>\n<\/li>\n<li style=\"font-weight: 400;\">\n<h6><em>El uso del cubre bocas y las vacunas la mejor defensa<\/em><\/h6>\n<\/li>\n<li style=\"font-weight: 400;\">\n<h6><em>La Secretar\u00eda de Salud ha confirmado ya en Veracruz 124 mil 902<\/em><\/h6>\n<\/li>\n<\/ul>\n<p>&nbsp;<\/p>\n<h5 style=\"font-weight: 400;\">Por Miguel Angel Cristiani Gonzalez<\/h5>\n<p style=\"font-weight: 400;\"><strong>Ojal\u00e1 y quienes se resisten a ser vacunados contra el Covid 19 y ahora tambi\u00e9n con sus nuevas variaciones, hayan visto la noticia<\/strong>, de que tan solo en los Estados Unidos <strong>se acaba de registrar un r\u00e9cord mundial con m\u00e1s de un mill\u00f3n de casos en un d\u00eda<\/strong>.<\/p>\n<p style=\"font-weight: 400;\">Seg\u00fan <strong>un balance de la Universidad Johns Hopkins, sumaron 1.082.549 nuevos casos de coronavirus<\/strong>, una cifra diaria que no se hab\u00eda reportado en ning\u00fan lugar del mundo durante la pandemia. <strong>Tambi\u00e9n report\u00f3 1.688 muertes en las \u00faltimas 24 horas<\/strong>.<\/p>\n<p style=\"font-weight: 400;\">Y es que la verdad, no se explica razonablemente, como es posible que se est\u00e9n registrando tant\u00edsimas muertes y haya personas que todav\u00eda dudan y se resisten a ser vacunadas.<\/p>\n<p style=\"font-weight: 400;\">Hace unos d\u00edas caminando por la calle de Enr\u00edquez, nos encontramos con un viejo conocido, quien nos dijo con mucho orgullo: <strong>Pues yo no me voy a vacunar, porque lo que est\u00e1n inyectando son microorganismos y por eso es que la gente que ya se vacun\u00f3 son los que se est\u00e1n muriendo.<\/strong><\/p>\n<blockquote>\n<p style=\"font-weight: 400;\">\u00a1H\u00e1game usted el grand\u00edsimo favor! No hay salvajada m\u00e1s grande.<\/p>\n<\/blockquote>\n<p style=\"font-weight: 400;\"><strong>Cuando que precisamente, los que se han muerto es porque no se quisieron vacunar<\/strong> -igual que mi amigo- y son los que en efecto, <strong>han fallecido, por no tener ninguna protecci\u00f3n contra el Covid.<\/strong><\/p>\n<p>&nbsp;<\/p>\n<p><img data-recalc-dims=\"1\" loading=\"lazy\" decoding=\"async\" class=\"aligncenter wp-image-1481\" src=\"https:\/\/i0.wp.com\/politicosaldesnudo.com.mx\/wp-content\/uploads\/2022\/01\/VACUNACIO%CC%81N1-300x168.png?resize=600%2C336&#038;ssl=1\" alt=\"\" width=\"600\" height=\"336\" srcset=\"https:\/\/i0.wp.com\/politicosaldesnudo.com.mx\/wp-content\/uploads\/2022\/01\/VACUNACIO%CC%81N1.png?resize=300%2C168&amp;ssl=1 300w, https:\/\/i0.wp.com\/politicosaldesnudo.com.mx\/wp-content\/uploads\/2022\/01\/VACUNACIO%CC%81N1.png?resize=1024%2C573&amp;ssl=1 1024w, https:\/\/i0.wp.com\/politicosaldesnudo.com.mx\/wp-content\/uploads\/2022\/01\/VACUNACIO%CC%81N1.png?resize=768%2C430&amp;ssl=1 768w, https:\/\/i0.wp.com\/politicosaldesnudo.com.mx\/wp-content\/uploads\/2022\/01\/VACUNACIO%CC%81N1.png?resize=1536%2C859&amp;ssl=1 1536w, https:\/\/i0.wp.com\/politicosaldesnudo.com.mx\/wp-content\/uploads\/2022\/01\/VACUNACIO%CC%81N1.png?w=1816&amp;ssl=1 1816w, https:\/\/i0.wp.com\/politicosaldesnudo.com.mx\/wp-content\/uploads\/2022\/01\/VACUNACIO%CC%81N1.png?w=1600&amp;ssl=1 1600w\" sizes=\"auto, (max-width: 600px) 100vw, 600px\" \/><\/p>\n<p>&nbsp;<\/p>\n<p style=\"font-weight: 400;\">Desgraciadamente no es el \u00fanico caso, son muchas las personas que no han acudido a vacunarse todav\u00eda y pareciera que no se dan cuenta que est\u00e1n jugando a la ruleta rusa, que en cualquier momento se pueden contagiar y tener un desenlace fatal.<\/p>\n<p style=\"font-weight: 400;\">No hay de otra, tenemos que acostumbrarnos a vivir con esta pandemia, por ello debemos de tomar las precauciones indispensables para evitar el contagio y hasta la muerte.<\/p>\n<p style=\"font-weight: 400;\"><strong>Hasta ahora la mejor medida es utilizar en los lugares p\u00fablicos el tapabocas, as\u00ed como tener las vacunas necesarias.<\/strong><\/p>\n<blockquote>\n<p style=\"font-weight: 400;\">Si en los Estados Unidos con toda la estrategia y recursos para combatir la pandemia, este martes se registraron m\u00e1s de un mill\u00f3n de contagios, ac\u00e1 en nuestro pa\u00eds los casos reportados hasta las 8:50 de la ma\u00f1ana, confirmados son 3,993,464 con 4,548 en un d\u00eda y el total de fallecidos ya suman 299,581.<\/p>\n<\/blockquote>\n<p style=\"font-weight: 400;\">Tambi\u00e9n <strong>hay que reconocer que ac\u00e1 en el estado de Veracruz no se han tenido cifras tan alarmantes<\/strong>, gracias a que se han estado llevando a cabo de manera eficiente los programas de vacunaci\u00f3n a los distintos sectores de la poblaci\u00f3n.<\/p>\n<p style=\"font-weight: 400;\">En el reporte de este martes, luego de <strong>284 mil 303 estudios practicados, la Secretar\u00eda de Salud (SS) ha confirmado 124 mil 902 (+ 147 nuevos) casos de Covid 19 en todo el estado de Veracruz, 412 activos y 233 sospechosos actuales.<\/strong><\/p>\n<p style=\"font-weight: 400;\">Ya van 109 mil 464 pacientes recuperados desde el inicio de la emergencia sanitaria y 412 permanecen en vigilancia.<\/p>\n<p style=\"font-weight: 400;\"><strong>Desafortunadamente los fallecimientos suman 15 mil 026 (+ 3 nuevos).<\/strong><\/p>\n<p style=\"font-weight: 400;\"><strong>Respecto de las cifras acumuladas, la secretar\u00eda de Salud contabiliza 146 mil 332 resultados negativos y 13 mil 069 sospechosos en investigaci\u00f3n.<\/strong><\/p>\n<p style=\"font-weight: 400;\">Como parte de la aplicaci\u00f3n del <strong>Plan Nacional de Vacunaci\u00f3n<\/strong>, el refuerzo a los adultos mayores y las segundas dosis al sector de 15 a 17, se empez\u00f3 a ejecutar este martes en algunos de los municipios donde se instalar\u00e1n los m\u00f3dulos de vacunaci\u00f3n.<\/p>\n<p style=\"font-weight: 400;\"><strong>Pero hay que insistir en que el uso del tapa bocas y la vacunaci\u00f3n, son los dos recursos mejores para evitar mayores consecuencias.<\/strong><\/p>\n<p>&nbsp;<\/p>\n<p>&nbsp;<\/p>\n<p style=\"font-weight: 400;\"><strong>Cont\u00e1ctanos en nuestras redes sociales:<\/strong><\/p>\n<p style=\"font-weight: 400;\"><strong><a href=\"https:\/\/www.canva.com\/design\/DAEN5B9DWgs\/ZCHd2Z8KueYjlg_d59Op3A\/view\" data-saferedirecturl=\"https:\/\/www.google.com\/url?q=https:\/\/www.canva.com\/design\/DAEN5B9DWgs\/ZCHd2Z8KueYjlg_d59Op3A\/view&amp;source=gmail&amp;ust=1641492236563000&amp;usg=AOvVaw1liBh5Ov0IJsh4XybQzTHq\">https:\/\/www.canva.com\/design\/DAEN5B9DWgs\/ZCHd2Z8KueYjlg_d59Op3A\/view<\/a><\/strong><\/p>\n<p>&nbsp;<\/p>\n<p>&nbsp;<\/p>\n<p>&nbsp;<\/p>\n<p>&nbsp;<\/p>\n<p style=\"font-weight: 400;\">\n","protected":false},"excerpt":{"rendered":"<p>&nbsp; En Estados Unidos m\u00e1s de un mill\u00f3n de contagios en un d\u00eda El uso del cubre bocas y las<\/p>\n","protected":false},"author":1,"featured_media":783,"comment_status":"closed","ping_status":"closed","sticky":false,"template":"","format":"standard","meta":{"colormag_page_container_layout":"default_layout","colormag_page_sidebar_layout":"default_layout","_jetpack_memberships_contains_paid_content":false,"footnotes":"","jetpack_publicize_message":"","jetpack_publicize_feature_enabled":true,"jetpack_social_post_already_shared":false,"jetpack_social_options":{"image_generator_settings":{"template":"highway","default_image_id":0,"font":"","enabled":false},"version":2}},"categories":[26],"tags":[97,345,192,100],"class_list":["post-1480","post","type-post","status-publish","format-standard","has-post-thumbnail","hentry","category-columnistas","tag-covid-19","tag-cubrebocas","tag-vacunacion","tag-veracruz"],"jetpack_publicize_connections":[],"jetpack_featured_media_url":"https:\/\/i0.wp.com\/politicosaldesnudo.com.mx\/wp-content\/uploads\/2021\/12\/CRISTIANI.png?fit=1816%2C1016&ssl=1","jetpack-related-posts":[],"jetpack_sharing_enabled":true,"_links":{"self":[{"href":"https:\/\/politicosaldesnudo.com.mx\/index.php\/wp-json\/wp\/v2\/posts\/1480","targetHints":{"allow":["GET"]}}],"collection":[{"href":"https:\/\/politicosaldesnudo.com.mx\/index.php\/wp-json\/wp\/v2\/posts"}],"about":[{"href":"https:\/\/politicosaldesnudo.com.mx\/index.php\/wp-json\/wp\/v2\/types\/post"}],"author":[{"embeddable":true,"href":"https:\/\/politicosaldesnudo.com.mx\/index.php\/wp-json\/wp\/v2\/users\/1"}],"replies":[{"embeddable":true,"href":"https:\/\/politicosaldesnudo.com.mx\/index.php\/wp-json\/wp\/v2\/comments?post=1480"}],"version-history":[{"count":0,"href":"https:\/\/politicosaldesnudo.com.mx\/index.php\/wp-json\/wp\/v2\/posts\/1480\/revisions"}],"wp:featuredmedia":[{"embeddable":true,"href":"https:\/\/politicosaldesnudo.com.mx\/index.php\/wp-json\/wp\/v2\/media\/783"}],"wp:attachment":[{"href":"https:\/\/politicosaldesnudo.com.mx\/index.php\/wp-json\/wp\/v2\/media?parent=1480"}],"wp:term":[{"taxonomy":"category","embeddable":true,"href":"https:\/\/politicosaldesnudo.com.mx\/index.php\/wp-json\/wp\/v2\/categories?post=1480"},{"taxonomy":"post_tag","embeddable":true,"href":"https:\/\/politicosaldesnudo.com.mx\/index.php\/wp-json\/wp\/v2\/tags?post=1480"}],"curies":[{"name":"wp","href":"https:\/\/api.w.org\/{rel}","templated":true}]}}