{"id":1491,"date":"2022-01-05T13:19:00","date_gmt":"2022-01-05T19:19:00","guid":{"rendered":"https:\/\/politicosaldesnudo.com.mx\/?p=1491"},"modified":"2023-03-08T23:03:40","modified_gmt":"2023-03-09T05:03:40","slug":"tec-de-monterrey-primer-lugar-en-despidos-en-diciembre-presidente","status":"publish","type":"post","link":"https:\/\/politicosaldesnudo.com.mx\/index.php\/2022\/01\/05\/tec-de-monterrey-primer-lugar-en-despidos-en-diciembre-presidente\/","title":{"rendered":"Tec de Monterrey, primer lugar en despidos en diciembre: Presidente"},"content":{"rendered":"<p>&nbsp;<\/p>\n<p class=\"p2\"><strong>CIUDAD DE M\u00c9XICO.<\/strong> El <strong>empleo en diciembre de 2021 se desplom\u00f3 en 312 mil plazas<\/strong> registradas ante el Instituto Mexicano del Seguro Social (IMSS), inform\u00f3 el presidente Andr\u00e9s Manuel L\u00f3pez Obrador.<\/p>\n<blockquote>\n<p class=\"p2\">Explic\u00f3 que a\u00fan contin\u00faan el problema de empresas que despiden a sus trabajadores para no pagar aguinaldos y prestaciones, como es el caso del Tecnol\u00f3gico de Monterrey.<\/p>\n<\/blockquote>\n<p class=\"p2\"><strong>Esta empresa destac\u00f3 por ser una de las que m\u00e1s despidi\u00f3 a sus trabajadores en el \u00faltimo mes de 2021 con la finalidad de no pagar prestaciones.<\/strong><\/p>\n<blockquote>\n<p class=\"p2\">A\u00fan cuando se modific\u00f3 la ley y se est\u00e1 combatiendo el outsourcing, todav\u00eda en diciembre tuvimos problemas que se nos cayeron m\u00e1s de 300 mil empleos\u00bb, reconoci\u00f3 el presidente en su conferencia matutina.<\/p>\n<\/blockquote>\n<p class=\"p2\">El Presidente indic\u00f3 que este comportamiento se <strong>registra en mayor medida en el sector educativo privado<\/strong> y en el sector servicios.<\/p>\n<p class=\"p2\"><strong>En este mecanismo de despido, el primer lugar en este diciembre lo tuvo el Tecnol\u00f3gico de Monterrey.<\/strong><\/p>\n<blockquote>\n<p class=\"p2\">Lo digo porque quiero que se polemice y estoy seguro que los del patronato del Tecnol\u00f3gico de Monterrey van a atender este asunto para que sus maestros, sus trabajadores no sean despedidos y luego recontratados\u00bb<\/p>\n<\/blockquote>\n<p class=\"p2\">Inform\u00f3 que antes de la <strong>pandemia Covid 19 se ten\u00edan 20 millones 613 mil 536 mil empleos y se desplomaron hasta 19 millones 500 mil.<\/strong><\/p>\n<p class=\"p2\">Para diciembre de 2020 se recuper\u00f3 el empleo hasta llegar a 20 millones 051 mil 552 plazas y en octubre de 2021 se alcanz\u00f3 una cifra r\u00e9cord de 20 millones 933 mil 050, solo que este fin de a\u00f1o algunos patrones incurrieron en la pr\u00e1ctica de despidos y provocaron una ca\u00edda que se ubic\u00f3 en 20 millones 620 mil 148.<\/p>\n<p>&nbsp;<\/p>\n<p>&nbsp;<\/p>\n<p>&nbsp;<\/p>\n<p>&nbsp;<\/p>\n","protected":false},"excerpt":{"rendered":"<p>&nbsp; CIUDAD DE M\u00c9XICO. El empleo en diciembre de 2021 se desplom\u00f3 en 312 mil plazas registradas ante el Instituto<\/p>\n","protected":false},"author":1,"featured_media":1490,"comment_status":"closed","ping_status":"closed","sticky":false,"template":"","format":"standard","meta":{"colormag_page_container_layout":"default_layout","colormag_page_sidebar_layout":"default_layout","_jetpack_memberships_contains_paid_content":false,"footnotes":"","jetpack_publicize_message":"","jetpack_publicize_feature_enabled":true,"jetpack_social_post_already_shared":false,"jetpack_social_options":{"image_generator_settings":{"template":"highway","default_image_id":0,"font":"","enabled":false},"version":2}},"categories":[33],"tags":[95,348,140,349,347],"class_list":["post-1491","post","type-post","status-publish","format-standard","has-post-thumbnail","hentry","category-nacional","tag-andres-manuel-lopez-obrador","tag-despidos","tag-diciembre","tag-empleos","tag-tec-de-monterrey"],"jetpack_publicize_connections":[],"jetpack_featured_media_url":"https:\/\/i0.wp.com\/politicosaldesnudo.com.mx\/wp-content\/uploads\/2022\/01\/AMLO2.png?fit=1816%2C1016&ssl=1","jetpack-related-posts":[],"jetpack_sharing_enabled":true,"_links":{"self":[{"href":"https:\/\/politicosaldesnudo.com.mx\/index.php\/wp-json\/wp\/v2\/posts\/1491","targetHints":{"allow":["GET"]}}],"collection":[{"href":"https:\/\/politicosaldesnudo.com.mx\/index.php\/wp-json\/wp\/v2\/posts"}],"about":[{"href":"https:\/\/politicosaldesnudo.com.mx\/index.php\/wp-json\/wp\/v2\/types\/post"}],"author":[{"embeddable":true,"href":"https:\/\/politicosaldesnudo.com.mx\/index.php\/wp-json\/wp\/v2\/users\/1"}],"replies":[{"embeddable":true,"href":"https:\/\/politicosaldesnudo.com.mx\/index.php\/wp-json\/wp\/v2\/comments?post=1491"}],"version-history":[{"count":0,"href":"https:\/\/politicosaldesnudo.com.mx\/index.php\/wp-json\/wp\/v2\/posts\/1491\/revisions"}],"wp:featuredmedia":[{"embeddable":true,"href":"https:\/\/politicosaldesnudo.com.mx\/index.php\/wp-json\/wp\/v2\/media\/1490"}],"wp:attachment":[{"href":"https:\/\/politicosaldesnudo.com.mx\/index.php\/wp-json\/wp\/v2\/media?parent=1491"}],"wp:term":[{"taxonomy":"category","embeddable":true,"href":"https:\/\/politicosaldesnudo.com.mx\/index.php\/wp-json\/wp\/v2\/categories?post=1491"},{"taxonomy":"post_tag","embeddable":true,"href":"https:\/\/politicosaldesnudo.com.mx\/index.php\/wp-json\/wp\/v2\/tags?post=1491"}],"curies":[{"name":"wp","href":"https:\/\/api.w.org\/{rel}","templated":true}]}}