{"id":15004,"date":"2023-01-14T10:42:00","date_gmt":"2023-01-14T16:42:00","guid":{"rendered":"https:\/\/politicosaldesnudo.com.mx\/?p=15004"},"modified":"2023-01-14T10:42:00","modified_gmt":"2023-01-14T16:42:00","slug":"cabildo-de-tuxpan-aprueba-reporte-de-obra-publica-relativo-a-diciembre-de-2022","status":"publish","type":"post","link":"https:\/\/politicosaldesnudo.com.mx\/index.php\/2023\/01\/14\/cabildo-de-tuxpan-aprueba-reporte-de-obra-publica-relativo-a-diciembre-de-2022\/","title":{"rendered":"Cabildo de Tuxpan aprueba Reporte de Obra P\u00fablica relativo a diciembre de 2022"},"content":{"rendered":"<p class=\"p2\">\n<p class=\"p1\"><span style=\"font-size: 14pt;\"><em><strong>TUXPAN, VERACRUZ.<\/strong> <\/em>En Sesi\u00f3n Ordinaria de Cabildo, el <strong>cuerpo edilicio aprob\u00f3 con ocho votos a favor y dos en contra<\/strong>\u00a0el<strong> Reporte de Obra P\u00fablica<\/strong> correspondiente a <strong>diciembre del Ejercicio Fiscal 2022.<\/strong><\/span><\/p>\n<p class=\"p2\"><span style=\"font-size: 18pt;\"><strong>As\u00ed en Sesi\u00f3n Extraordinaria los ediles analizaron las Modificaciones Presupuestales del mes de diciembre del Ejercicio Fiscal 2022, aprob\u00e1ndose con nueve votos a favor y uno en contra.<span class=\"Apple-converted-space\">\u00a0<\/span><\/strong><\/span><\/p>\n<p class=\"p2\"><span style=\"font-size: 18pt;\"><strong>En la tercera Sesi\u00f3n, el cabildo analiz\u00f3 y aprob\u00f3, con ocho votos a favor y dos en contra, los Estados Financieros de diciembre del Ejercicio Fiscal 2022.<\/strong><\/span><\/p>\n<p>&nbsp;<\/p>\n<p class=\"p2\"><span style=\"font-size: 18pt; color: #139eca;\"><strong>EDILES PRESENTES<\/strong><\/span><\/p>\n<p class=\"p2\"><span style=\"font-size: 14pt;\">En estas sesiones de Cabildo estuvieron presentes el alcalde Jos\u00e9 Manuel Pozos Castro; la s\u00edndica \u00fanica Beatriz Pi\u00f1a Vergara, Amado Guti\u00e9rrez Lima, regidor primero; Mar\u00eda del Pilar Mart\u00ednez Matesanz, regidora segunda; Maryanela Monroy Flores, regidora tercera; Anah\u00ed Aguilar L\u00f3pez, regidora cuarta.<\/span><\/p>\n<p class=\"p2\"><span style=\"font-size: 14pt;\">Juan G\u00f3mez Garc\u00eda, regidor quinto; Lucero Res\u00e9ndis Ambrocio, regidora sexta; Axel Bernal Herrera, regidor octavo; Luciano Folgueras Pioli, regidor noveno; y Jos\u00e9 Armando Huesca Ovando, secretario del Ayuntamiento.<\/span><\/p>\n<p>&nbsp;<\/p>\n<p>&nbsp;<\/p>\n<p>&nbsp;<\/p>\n","protected":false},"excerpt":{"rendered":"<p>TUXPAN, VERACRUZ. En Sesi\u00f3n Ordinaria de Cabildo, el cuerpo edilicio aprob\u00f3 con ocho votos a favor y dos en contra\u00a0el<\/p>\n","protected":false},"author":4,"featured_media":15005,"comment_status":"closed","ping_status":"closed","sticky":false,"template":"","format":"standard","meta":{"colormag_page_container_layout":"default_layout","colormag_page_sidebar_layout":"default_layout","_jetpack_memberships_contains_paid_content":false,"footnotes":"","jetpack_publicize_message":"","jetpack_publicize_feature_enabled":true,"jetpack_social_post_already_shared":false,"jetpack_social_options":{"image_generator_settings":{"template":"highway","default_image_id":0,"font":"","enabled":false},"version":2}},"categories":[1082],"tags":[],"class_list":["post-15004","post","type-post","status-publish","format-standard","has-post-thumbnail","hentry","category-tuxpan"],"jetpack_publicize_connections":[],"jetpack_featured_media_url":"https:\/\/i0.wp.com\/politicosaldesnudo.com.mx\/wp-content\/uploads\/2023\/01\/P-CABILDO-TUXPAN-DIC2022.png?fit=1816%2C1016&ssl=1","jetpack-related-posts":[],"jetpack_sharing_enabled":true,"_links":{"self":[{"href":"https:\/\/politicosaldesnudo.com.mx\/index.php\/wp-json\/wp\/v2\/posts\/15004","targetHints":{"allow":["GET"]}}],"collection":[{"href":"https:\/\/politicosaldesnudo.com.mx\/index.php\/wp-json\/wp\/v2\/posts"}],"about":[{"href":"https:\/\/politicosaldesnudo.com.mx\/index.php\/wp-json\/wp\/v2\/types\/post"}],"author":[{"embeddable":true,"href":"https:\/\/politicosaldesnudo.com.mx\/index.php\/wp-json\/wp\/v2\/users\/4"}],"replies":[{"embeddable":true,"href":"https:\/\/politicosaldesnudo.com.mx\/index.php\/wp-json\/wp\/v2\/comments?post=15004"}],"version-history":[{"count":0,"href":"https:\/\/politicosaldesnudo.com.mx\/index.php\/wp-json\/wp\/v2\/posts\/15004\/revisions"}],"wp:featuredmedia":[{"embeddable":true,"href":"https:\/\/politicosaldesnudo.com.mx\/index.php\/wp-json\/wp\/v2\/media\/15005"}],"wp:attachment":[{"href":"https:\/\/politicosaldesnudo.com.mx\/index.php\/wp-json\/wp\/v2\/media?parent=15004"}],"wp:term":[{"taxonomy":"category","embeddable":true,"href":"https:\/\/politicosaldesnudo.com.mx\/index.php\/wp-json\/wp\/v2\/categories?post=15004"},{"taxonomy":"post_tag","embeddable":true,"href":"https:\/\/politicosaldesnudo.com.mx\/index.php\/wp-json\/wp\/v2\/tags?post=15004"}],"curies":[{"name":"wp","href":"https:\/\/api.w.org\/{rel}","templated":true}]}}