{"id":1501,"date":"2022-01-05T14:03:27","date_gmt":"2022-01-05T20:03:27","guid":{"rendered":"https:\/\/politicosaldesnudo.com.mx\/?p=1501"},"modified":"2023-06-07T15:05:36","modified_gmt":"2023-06-07T20:05:36","slug":"1501","status":"publish","type":"post","link":"https:\/\/politicosaldesnudo.com.mx\/index.php\/2022\/01\/05\/1501\/","title":{"rendered":"Avanza en Veracruz el partido de los rechazados"},"content":{"rendered":"<p>&nbsp;<\/p>\n<p><strong>XALAPA.<\/strong> Luego de que el partido que encabeza <strong>Pedro Haces<\/strong>, <strong>Fuerza por M\u00e9xico<\/strong>, obtuviera su registro como <strong>partido local en Veracruz<\/strong>, ese partido apoyado tambi\u00e9n por <strong>Ricardo Monreal, anunci\u00f3 que contender\u00e1 en 2024<\/strong> agrupando a los otros dos partidos que no obtuvieron el 3 por ciento de la votaci\u00f3n nacional.<\/p>\n<p><strong>Fuerza por M\u00e9xico, Redes Sociales Progresista y el Partido Encuentro Solidario<\/strong>, anteriormente Partido Encuentro social, conformado por pastores y evang\u00e9licos en su mayor\u00eda <strong>convertir\u00e1n sus agrupaciones es en un solo partido y tratar\u00e1n de volver a competir por su registro<\/strong>, pero ahora unidos con el nombre de <strong>\u00abFuerza Solidaria Progresista\u00bb<\/strong>, que anunciar\u00eda su fisi\u00f3n el 9 de diciembre.<\/p>\n<p>&nbsp;<\/p>\n<p><strong>LA GRAN ALIANZA<\/strong><\/p>\n<p><strong>Gerardo Islas, mano derecha de Pedro Haces anunci\u00f3 que competir\u00e1n en Veracruz con el membrete de Fuerza por M\u00e9xico<\/strong>, \u00abTras cumplir con la normatividad jur\u00eddica en Veracruz, Gerardo Islas, l\u00edder nacional de Fuerza por M\u00e9xico, e incondicional de Pedro Haces y Ricardo Monreal, sostuvo que est\u00e1 muy contento por el avance que ha tenido esta gran alianza\u00bb, a\u00f1adi\u00f3 que presentar\u00e1n candidaturas comunes en los casos en que no tenga registro condicionado Fuerza por M\u00e9xico.<\/p>\n<p><strong>El anuncio fue difundido en Xalapa por los l\u00edderes estatales de los tres partidos del PES, Gonzalo Gu\u00edzar Valladares, y Antonio Lagunes Toral, presidente estatal de RSP.<\/strong><\/p>\n<p>En diciembre pasado, reconocieron que la agrupaci\u00f3n pol\u00edtica <strong>\u00abFuerza Solidaria Progresistas\u00bb estar\u00e1n juntos pol\u00edticos ligados a la lideresa Elba Esther Gordillo<\/strong>; dirigentes <strong>sindicales afines a la 4T, como Pedro Haces, y pastores evang\u00e9licos que tienen como dirigente al Gobernador de Morelos, Cuauht\u00e9moc Blanco.<\/strong><\/p>\n<p>&nbsp;<\/p>\n<p>&nbsp;<\/p>\n<p>&nbsp;<\/p>\n","protected":false},"excerpt":{"rendered":"<p>&nbsp; XALAPA. Luego de que el partido que encabeza Pedro Haces, Fuerza por M\u00e9xico, obtuviera su registro como partido local<\/p>\n","protected":false},"author":1,"featured_media":1502,"comment_status":"closed","ping_status":"closed","sticky":false,"template":"","format":"standard","meta":{"colormag_page_container_layout":"default_layout","colormag_page_sidebar_layout":"default_layout","_jetpack_memberships_contains_paid_content":false,"footnotes":"","jetpack_publicize_message":"","jetpack_publicize_feature_enabled":true,"jetpack_social_post_already_shared":false,"jetpack_social_options":{"image_generator_settings":{"template":"highway","default_image_id":0,"font":"","enabled":false},"version":2}},"categories":[30],"tags":[358,359,100],"class_list":["post-1501","post","type-post","status-publish","format-standard","has-post-thumbnail","hentry","category-estados","tag-partidos","tag-rechazados","tag-veracruz"],"jetpack_publicize_connections":[],"jetpack_featured_media_url":"https:\/\/i0.wp.com\/politicosaldesnudo.com.mx\/wp-content\/uploads\/2022\/01\/PARTIDOS-RECHAZADOS.png?fit=1816%2C1016&ssl=1","jetpack-related-posts":[],"jetpack_sharing_enabled":true,"_links":{"self":[{"href":"https:\/\/politicosaldesnudo.com.mx\/index.php\/wp-json\/wp\/v2\/posts\/1501","targetHints":{"allow":["GET"]}}],"collection":[{"href":"https:\/\/politicosaldesnudo.com.mx\/index.php\/wp-json\/wp\/v2\/posts"}],"about":[{"href":"https:\/\/politicosaldesnudo.com.mx\/index.php\/wp-json\/wp\/v2\/types\/post"}],"author":[{"embeddable":true,"href":"https:\/\/politicosaldesnudo.com.mx\/index.php\/wp-json\/wp\/v2\/users\/1"}],"replies":[{"embeddable":true,"href":"https:\/\/politicosaldesnudo.com.mx\/index.php\/wp-json\/wp\/v2\/comments?post=1501"}],"version-history":[{"count":0,"href":"https:\/\/politicosaldesnudo.com.mx\/index.php\/wp-json\/wp\/v2\/posts\/1501\/revisions"}],"wp:featuredmedia":[{"embeddable":true,"href":"https:\/\/politicosaldesnudo.com.mx\/index.php\/wp-json\/wp\/v2\/media\/1502"}],"wp:attachment":[{"href":"https:\/\/politicosaldesnudo.com.mx\/index.php\/wp-json\/wp\/v2\/media?parent=1501"}],"wp:term":[{"taxonomy":"category","embeddable":true,"href":"https:\/\/politicosaldesnudo.com.mx\/index.php\/wp-json\/wp\/v2\/categories?post=1501"},{"taxonomy":"post_tag","embeddable":true,"href":"https:\/\/politicosaldesnudo.com.mx\/index.php\/wp-json\/wp\/v2\/tags?post=1501"}],"curies":[{"name":"wp","href":"https:\/\/api.w.org\/{rel}","templated":true}]}}