{"id":15104,"date":"2023-01-17T08:41:23","date_gmt":"2023-01-17T14:41:23","guid":{"rendered":"https:\/\/politicosaldesnudo.com.mx\/?p=15104"},"modified":"2023-01-17T08:41:31","modified_gmt":"2023-01-17T14:41:31","slug":"el-descarte-de-julen","status":"publish","type":"post","link":"https:\/\/politicosaldesnudo.com.mx\/index.php\/2023\/01\/17\/el-descarte-de-julen\/","title":{"rendered":"El\u00a0descarte de Julen"},"content":{"rendered":"<p>&nbsp;<\/p>\n<p class=\"p1\"><span style=\"font-size: 18pt;\"><strong>Por Luis Ram\u00edrez Baqueiro<\/strong><\/span><\/p>\n<p>&nbsp;<\/p>\n<p class=\"p1\" style=\"text-align: center;\"><em><span style=\"font-size: 18pt;\"><strong>\u201cLas cosas no cambian; cambiamos nosotros\u201d <\/strong><\/span><\/em><\/p>\n<p class=\"p1\" style=\"text-align: center;\"><span style=\"font-size: 18pt;\">\u2013 Henry David Thoureau \u2013 <\/span><\/p>\n<p>&nbsp;<\/p>\n<p class=\"p1\"><span style=\"font-size: 14pt;\">Extra\u00f1eza ha causado en los c\u00edrculos pol\u00edticos de la capital del Estado la m\u00e1s reciente declaraci\u00f3n del coordinador parlamentario del PAN en el Senado, Julen Rementer\u00eda del Puerto, hecha el pasado viernes 13 de enero en gira por Orizaba.<\/span><\/p>\n<p class=\"p1\"><span style=\"font-size: 14pt;\">Ah\u00ed palabras m\u00e1s, palabras menos, afirm\u00f3 que si la Coalici\u00f3n Va por M\u00e9xico se consolidaba en Veracruz para el 2024, \u00e9l estar\u00eda dispuesto a respaldar la candidatura de Jos\u00e9 Francisco Yunes Zorrilla o de Juan Manuel Diez Franco.<\/span><\/p>\n<p class=\"p1\"><span style=\"font-size: 14pt;\">Durante su intervenci\u00f3n en una conferencia de prensa apunt\u00f3: \u201c(La coalici\u00f3n) es pr\u00e1cticamente un hecho, no se ha firmado porque no es tiempo de firmarla, pero yo te podr\u00eda decir que, si estuvi\u00e9ramos ya, estar\u00edamos muy cerca de firmarla, la buena noticia es que ya se dio para el Estado de M\u00e9xico y Coahuila y eso hace que vayamos a ganar los dos estados en 2023 y pone en ruta el pa\u00eds para el 2024 y desde luego para el Estado de Veracruz.\u201d<\/span><\/p>\n<p class=\"p1\"><span style=\"font-size: 14pt;\">Las preguntas se centraron en saber si apoyar\u00eda al alcalde de Orizaba, Juan Manuel Diez Franco, a lo que el senador abiertamente refiri\u00f3 que \u201cLa Alianza necesita de todos los que puedan, ser bien recibidos por la ciudadan\u00eda y Diez Francos es un buen funcionario que ha hecho muy bien las cosas y algo bueno debe estar haciendo que por tercera ocasi\u00f3n es alcalde\u201d.<\/span><\/p>\n<p class=\"p1\"><span style=\"font-size: 14pt;\">La respuesta de Rementer\u00eda del Puerto causan extra\u00f1eza sobre todo porque \u00e9l ser\u00eda uno de los principales activos del Partido Acci\u00f3n Nacional en Veracruz, algo por lo que habr\u00eda trabajado desde hace cerca de 25 a\u00f1os, por ello, es que ahora resulta extra\u00f1o que pareciera que el senador tira la posibilidad de ser candidato al Gobierno del Estado por la borda.<\/span><\/p>\n<p class=\"p1\"><span style=\"font-size: 14pt;\">Cabe destacar que al interior del PAN veracruzano las cosas no est\u00e1n muy bien que digamos, la realidad es que ese instituto pol\u00edtico, el m\u00e1s fuerte como oposici\u00f3n en estos momentos en la entidad atraviesa la peor de sus crisis institucionales.<\/span><\/p>\n<p class=\"p1\"><span style=\"font-size: 14pt;\">Un partido sumamente dividido, con pleitos y pugnas internas por el control del mismo, las cuales han alcanzado diferendos en tribunales, lo que ha dejado muy mal parado al instituto pol\u00edtico de cara a los procesos electorales que ha enfrentado desde 2018.<\/span><\/p>\n<p class=\"p1\"><span style=\"font-size: 14pt;\">A pesar de ello, la sociedad ve en el PAN la opci\u00f3n m\u00e1s encartable para poder intentar vencer a Morena en las urnas, cosa sumamente complicada, por ser este \u00faltimo el partido en el poder, lo que le brinda ventajas institucionales a la hora de cobrar facturas pol\u00edticas.<\/span><\/p>\n<p class=\"p1\"><span style=\"font-size: 14pt;\">Lo interesante de la declaraci\u00f3n de Julen Rementer\u00eda est\u00e1 en saber si de plano se baja del barco en su aspiraci\u00f3n por suceder a Cuitl\u00e1huac Garc\u00eda Jim\u00e9nez en el poder, o esto es m\u00e1s una respuesta a una estrategia pol\u00edtica previamente consensuada con alguna o alg\u00fan posible candidato de Morena, que le reditu\u00e9 especialmente mejores dividendos al senador y a su familia.<\/span><\/p>\n<p>&nbsp;<\/p>\n<p class=\"p1\"><span style=\"font-size: 18pt;\"><strong>Al tiempo.<\/strong><\/span><\/p>\n<p>&nbsp;<\/p>\n<hr \/>\n<p>&nbsp;<\/p>\n<p class=\"p1\"><span style=\"font-size: 18pt;\"><strong>Correo: <a href=\"mailto:astrolabiopoliticomx@gmail.com\">astrolabiopoliticomx@gmail.com<\/a><\/strong><\/span><\/p>\n<p class=\"p1\"><span style=\"font-size: 18pt;\"><strong>Twitter: <a href=\"http:\/\/www.twitter.com\/LuisBaqueiro_mx\">@LuisBaqueiro_mx<\/a><\/strong><\/span><\/p>\n<p>&nbsp;<\/p>\n<p><img data-recalc-dims=\"1\" loading=\"lazy\" decoding=\"async\" class=\"aligncenter wp-image-14351\" src=\"https:\/\/i0.wp.com\/politicosaldesnudo.com.mx\/wp-content\/uploads\/2023\/01\/FIRMA-EDITORIAL-PD-300x37.png?resize=800%2C98&#038;ssl=1\" alt=\"\" width=\"800\" height=\"98\" srcset=\"https:\/\/i0.wp.com\/politicosaldesnudo.com.mx\/wp-content\/uploads\/2023\/01\/FIRMA-EDITORIAL-PD.png?resize=300%2C37&amp;ssl=1 300w, https:\/\/i0.wp.com\/politicosaldesnudo.com.mx\/wp-content\/uploads\/2023\/01\/FIRMA-EDITORIAL-PD.png?resize=1024%2C125&amp;ssl=1 1024w, https:\/\/i0.wp.com\/politicosaldesnudo.com.mx\/wp-content\/uploads\/2023\/01\/FIRMA-EDITORIAL-PD.png?resize=768%2C94&amp;ssl=1 768w, https:\/\/i0.wp.com\/politicosaldesnudo.com.mx\/wp-content\/uploads\/2023\/01\/FIRMA-EDITORIAL-PD.png?resize=1536%2C188&amp;ssl=1 1536w, https:\/\/i0.wp.com\/politicosaldesnudo.com.mx\/wp-content\/uploads\/2023\/01\/FIRMA-EDITORIAL-PD.png?resize=2048%2C250&amp;ssl=1 2048w, https:\/\/i0.wp.com\/politicosaldesnudo.com.mx\/wp-content\/uploads\/2023\/01\/FIRMA-EDITORIAL-PD.png?w=1600&amp;ssl=1 1600w, https:\/\/i0.wp.com\/politicosaldesnudo.com.mx\/wp-content\/uploads\/2023\/01\/FIRMA-EDITORIAL-PD.png?w=2400&amp;ssl=1 2400w\" sizes=\"auto, (max-width: 800px) 100vw, 800px\" \/><\/p>\n<p>&nbsp;<\/p>\n<p>&nbsp;<\/p>\n<p>&nbsp;<\/p>\n<p class=\"p1\">\n","protected":false},"excerpt":{"rendered":"<p>&nbsp; Por Luis Ram\u00edrez Baqueiro &nbsp; \u201cLas cosas no cambian; cambiamos nosotros\u201d \u2013 Henry David Thoureau \u2013 &nbsp; Extra\u00f1eza ha<\/p>\n","protected":false},"author":4,"featured_media":4390,"comment_status":"closed","ping_status":"closed","sticky":false,"template":"","format":"standard","meta":{"colormag_page_container_layout":"default_layout","colormag_page_sidebar_layout":"default_layout","_jetpack_memberships_contains_paid_content":false,"footnotes":"","jetpack_publicize_message":"","jetpack_publicize_feature_enabled":true,"jetpack_social_post_already_shared":false,"jetpack_social_options":{"image_generator_settings":{"template":"highway","default_image_id":0,"font":"","enabled":false},"version":2}},"categories":[26],"tags":[],"class_list":["post-15104","post","type-post","status-publish","format-standard","has-post-thumbnail","hentry","category-columnistas"],"jetpack_publicize_connections":[],"jetpack_featured_media_url":"https:\/\/i0.wp.com\/politicosaldesnudo.com.mx\/wp-content\/uploads\/2022\/04\/LUIS-RAMI%CC%81REZ-BAQUEIRO.png?fit=1816%2C1016&ssl=1","jetpack-related-posts":[],"jetpack_sharing_enabled":true,"_links":{"self":[{"href":"https:\/\/politicosaldesnudo.com.mx\/index.php\/wp-json\/wp\/v2\/posts\/15104","targetHints":{"allow":["GET"]}}],"collection":[{"href":"https:\/\/politicosaldesnudo.com.mx\/index.php\/wp-json\/wp\/v2\/posts"}],"about":[{"href":"https:\/\/politicosaldesnudo.com.mx\/index.php\/wp-json\/wp\/v2\/types\/post"}],"author":[{"embeddable":true,"href":"https:\/\/politicosaldesnudo.com.mx\/index.php\/wp-json\/wp\/v2\/users\/4"}],"replies":[{"embeddable":true,"href":"https:\/\/politicosaldesnudo.com.mx\/index.php\/wp-json\/wp\/v2\/comments?post=15104"}],"version-history":[{"count":0,"href":"https:\/\/politicosaldesnudo.com.mx\/index.php\/wp-json\/wp\/v2\/posts\/15104\/revisions"}],"wp:featuredmedia":[{"embeddable":true,"href":"https:\/\/politicosaldesnudo.com.mx\/index.php\/wp-json\/wp\/v2\/media\/4390"}],"wp:attachment":[{"href":"https:\/\/politicosaldesnudo.com.mx\/index.php\/wp-json\/wp\/v2\/media?parent=15104"}],"wp:term":[{"taxonomy":"category","embeddable":true,"href":"https:\/\/politicosaldesnudo.com.mx\/index.php\/wp-json\/wp\/v2\/categories?post=15104"},{"taxonomy":"post_tag","embeddable":true,"href":"https:\/\/politicosaldesnudo.com.mx\/index.php\/wp-json\/wp\/v2\/tags?post=15104"}],"curies":[{"name":"wp","href":"https:\/\/api.w.org\/{rel}","templated":true}]}}