{"id":15140,"date":"2023-01-17T20:37:25","date_gmt":"2023-01-18T02:37:25","guid":{"rendered":"https:\/\/politicosaldesnudo.com.mx\/?p=15140"},"modified":"2023-01-18T01:40:10","modified_gmt":"2023-01-18T07:40:10","slug":"tuxpan-sede-de-las-brigadas-municipales-de-la-lectura-y-la-cultura-mujeres-insurgentes","status":"publish","type":"post","link":"https:\/\/politicosaldesnudo.com.mx\/index.php\/2023\/01\/17\/tuxpan-sede-de-las-brigadas-municipales-de-la-lectura-y-la-cultura-mujeres-insurgentes\/","title":{"rendered":"Tuxpan, sede de las Brigadas Municipales de la Lectura y la Cultura \u201cMujeres Insurgentes\u201d"},"content":{"rendered":"<p>&nbsp;<\/p>\n<p class=\"p1\"><span style=\"font-size: 14pt;\"><em><strong>TUXPAN, VERACRUZ.<\/strong><\/em> <strong>Tuxpan<\/strong> fue sede de la firma del acuerdo de colaboraci\u00f3n para la integraci\u00f3n de las <strong>Brigadas Municipales de la Lectura y la Cultura \u201cMujeres Insurgentes\u201d<\/strong>, en municipios de la zona norte.<\/span><\/p>\n<p class=\"p1\"><span style=\"font-size: 14pt;\">El evento estuvo encabezado por la Mtra. Julieta Jim\u00e9nez Torres, promotora de la Lectura y Cultura \u201cMujeres Insurgentes\u201d en el estado de Veracruz; El Mtro. Rafael Alejandro Castillo Zugasti, director general del Instituto Veracruzano de Desarrollo Municipal (Invedem); el alcalde Jos\u00e9 Manuel Pozos Castro y la Mtra. Susana Lili M\u00e1rquez Pineda, coordinadora estatal del programa Espa\u00f1ol para Todos de la SEV.<\/span><\/p>\n<p class=\"p1\"><span style=\"font-size: 14pt;\">De igual manera estuvieron presentes Paola Nube Blanca Garc\u00eda, coordinadora del programa estatal Estilos de Vida Saludable; la s\u00edndica Beatriz Pe\u00f1a Vergara y Pamela Morales Huesca, presidenta del DIF Tuxpan.<\/span><\/p>\n<p class=\"p1\"><span style=\"font-size: 18pt;\"><strong>La Mtra. Julieta Jim\u00e9nez Torres explic\u00f3 que la Brigada de la Lectura y la Cultura \u201cMujeres Insurgentes\u201d est\u00e1 integrada por maestras y maestros de la Secretar\u00eda de Educaci\u00f3n de Veracruz (SEV), y tiene como prop\u00f3sito promover la lectura y la cultura para que se conviertan en un h\u00e1bito dentro del n\u00facleo familiar y constituyan un motor de desarrollo personal.<\/strong><\/span><\/p>\n<p>&nbsp;<\/p>\n<p><img data-recalc-dims=\"1\" loading=\"lazy\" decoding=\"async\" class=\"aligncenter wp-image-15145 size-large\" src=\"https:\/\/i0.wp.com\/politicosaldesnudo.com.mx\/wp-content\/uploads\/2023\/01\/P-BRIGADAS-LECTORAS-TUXPAN-5-1024x573.png?resize=800%2C448&#038;ssl=1\" alt=\"\" width=\"800\" height=\"448\" srcset=\"https:\/\/i0.wp.com\/politicosaldesnudo.com.mx\/wp-content\/uploads\/2023\/01\/P-BRIGADAS-LECTORAS-TUXPAN-5.png?resize=1024%2C573&amp;ssl=1 1024w, https:\/\/i0.wp.com\/politicosaldesnudo.com.mx\/wp-content\/uploads\/2023\/01\/P-BRIGADAS-LECTORAS-TUXPAN-5.png?resize=300%2C168&amp;ssl=1 300w, https:\/\/i0.wp.com\/politicosaldesnudo.com.mx\/wp-content\/uploads\/2023\/01\/P-BRIGADAS-LECTORAS-TUXPAN-5.png?resize=768%2C430&amp;ssl=1 768w, https:\/\/i0.wp.com\/politicosaldesnudo.com.mx\/wp-content\/uploads\/2023\/01\/P-BRIGADAS-LECTORAS-TUXPAN-5.png?resize=1536%2C859&amp;ssl=1 1536w, https:\/\/i0.wp.com\/politicosaldesnudo.com.mx\/wp-content\/uploads\/2023\/01\/P-BRIGADAS-LECTORAS-TUXPAN-5.png?w=1816&amp;ssl=1 1816w, https:\/\/i0.wp.com\/politicosaldesnudo.com.mx\/wp-content\/uploads\/2023\/01\/P-BRIGADAS-LECTORAS-TUXPAN-5.png?w=1600&amp;ssl=1 1600w\" sizes=\"auto, (max-width: 800px) 100vw, 800px\" \/><\/p>\n<p>&nbsp;<\/p>\n<p class=\"p1\"><span style=\"font-size: 18pt; color: #139eca;\"><strong>Se\u00f1al\u00f3 que el objetivo final es que en cada municipio haya una brigada de promoci\u00f3n a la lectura, integrada de manera voluntaria por funcionarios del gobierno municipal, maestros y sociedad civil.<span class=\"Apple-converted-space\">\u00a0<\/span><\/strong><\/span><\/p>\n<p class=\"p1\"><span style=\"font-size: 14pt;\">Detall\u00f3 que se busca sensibilizar a los padres acerca de la importancia de leer en familia, ya que la lectura, adem\u00e1s de fortalecer el desarrollo cognitivo y emocional, fortalece los valores sociales y humanos, educa los sentimientos y las emociones en las ni\u00f1as y los ni\u00f1os.<span class=\"Apple-converted-space\">\u00a0<\/span><\/span><\/p>\n<p class=\"p1\"><span style=\"font-size: 18pt;\"><strong>El alcalde Jos\u00e9 Manuel Pozos Castro destac\u00f3 que la Brigada Municipal de Promoci\u00f3n de la Lectura y la Cultura \u201cMujeres Insurgentes\u201d, ser\u00e1 una luz en el camino hacia el conocimiento, el descubrimiento y la libertad de las nuevas generaciones.<\/strong><\/span><\/p>\n<p>&nbsp;<\/p>\n<p><img data-recalc-dims=\"1\" loading=\"lazy\" decoding=\"async\" class=\"aligncenter wp-image-15143 size-large\" src=\"https:\/\/i0.wp.com\/politicosaldesnudo.com.mx\/wp-content\/uploads\/2023\/01\/P-BRIGADAS-LECTORAS-TUXPAN-3-1024x573.png?resize=800%2C448&#038;ssl=1\" alt=\"\" width=\"800\" height=\"448\" srcset=\"https:\/\/i0.wp.com\/politicosaldesnudo.com.mx\/wp-content\/uploads\/2023\/01\/P-BRIGADAS-LECTORAS-TUXPAN-3.png?resize=1024%2C573&amp;ssl=1 1024w, https:\/\/i0.wp.com\/politicosaldesnudo.com.mx\/wp-content\/uploads\/2023\/01\/P-BRIGADAS-LECTORAS-TUXPAN-3.png?resize=300%2C168&amp;ssl=1 300w, https:\/\/i0.wp.com\/politicosaldesnudo.com.mx\/wp-content\/uploads\/2023\/01\/P-BRIGADAS-LECTORAS-TUXPAN-3.png?resize=768%2C430&amp;ssl=1 768w, https:\/\/i0.wp.com\/politicosaldesnudo.com.mx\/wp-content\/uploads\/2023\/01\/P-BRIGADAS-LECTORAS-TUXPAN-3.png?resize=1536%2C859&amp;ssl=1 1536w, https:\/\/i0.wp.com\/politicosaldesnudo.com.mx\/wp-content\/uploads\/2023\/01\/P-BRIGADAS-LECTORAS-TUXPAN-3.png?w=1816&amp;ssl=1 1816w, https:\/\/i0.wp.com\/politicosaldesnudo.com.mx\/wp-content\/uploads\/2023\/01\/P-BRIGADAS-LECTORAS-TUXPAN-3.png?w=1600&amp;ssl=1 1600w\" sizes=\"auto, (max-width: 800px) 100vw, 800px\" \/><\/p>\n<p>&nbsp;<\/p>\n<blockquote>\n<p class=\"p1\"><span style=\"font-size: 14pt;\">Estas brigadas municipales tienen la enorme virtud de enriquecer el quehacer educativo en todo el estado de Veracruz, porque en su esencia y en la pr\u00e1ctica contribuye a los objetivos de la Nueva Escuela Mexicana\u201d<\/span><\/p>\n<\/blockquote>\n<p>&nbsp;<\/p>\n<p class=\"p1\"><span style=\"font-size: 14pt;\">Jos\u00e9 Manuel Pozos reconoci\u00f3 la labor de la profesora Julieta Jim\u00e9nez Torres, por abrir la puerta a la ni\u00f1ez hacia el conocimiento, a trav\u00e9s del aprendizaje colaborativo: \u201cMuy estimada maestra, desde su paso por las aulas usted fue gu\u00eda y ejemplo inspirador de much\u00edsimos estudiantes, mismos que hoy, son parte de la generaci\u00f3n que impuls\u00f3 la gran transformaci\u00f3n que hoy se vive en Veracruz y en M\u00e9xico\u201d.<\/span><\/p>\n<p class=\"p1\"><span style=\"font-size: 18pt;\"><strong>Asimismo el alcalde Jos\u00e9 Manuel Pozos reconoci\u00f3 el trabajo del magisterio veracruzano: \u201cLas maestras y los maestros han sido el alma de las grandes transformaciones sociales\u201d.<\/strong><\/span><\/p>\n<p>&nbsp;<\/p>\n<p><img data-recalc-dims=\"1\" loading=\"lazy\" decoding=\"async\" class=\"aligncenter wp-image-15146 size-large\" src=\"https:\/\/i0.wp.com\/politicosaldesnudo.com.mx\/wp-content\/uploads\/2023\/01\/P-BRIGADAS-LECTORAS-TUXPAN-6-1024x573.png?resize=800%2C448&#038;ssl=1\" alt=\"\" width=\"800\" height=\"448\" srcset=\"https:\/\/i0.wp.com\/politicosaldesnudo.com.mx\/wp-content\/uploads\/2023\/01\/P-BRIGADAS-LECTORAS-TUXPAN-6.png?resize=1024%2C573&amp;ssl=1 1024w, https:\/\/i0.wp.com\/politicosaldesnudo.com.mx\/wp-content\/uploads\/2023\/01\/P-BRIGADAS-LECTORAS-TUXPAN-6.png?resize=300%2C168&amp;ssl=1 300w, https:\/\/i0.wp.com\/politicosaldesnudo.com.mx\/wp-content\/uploads\/2023\/01\/P-BRIGADAS-LECTORAS-TUXPAN-6.png?resize=768%2C430&amp;ssl=1 768w, https:\/\/i0.wp.com\/politicosaldesnudo.com.mx\/wp-content\/uploads\/2023\/01\/P-BRIGADAS-LECTORAS-TUXPAN-6.png?resize=1536%2C859&amp;ssl=1 1536w, https:\/\/i0.wp.com\/politicosaldesnudo.com.mx\/wp-content\/uploads\/2023\/01\/P-BRIGADAS-LECTORAS-TUXPAN-6.png?w=1816&amp;ssl=1 1816w, https:\/\/i0.wp.com\/politicosaldesnudo.com.mx\/wp-content\/uploads\/2023\/01\/P-BRIGADAS-LECTORAS-TUXPAN-6.png?w=1600&amp;ssl=1 1600w\" sizes=\"auto, (max-width: 800px) 100vw, 800px\" \/><\/p>\n<p>&nbsp;<\/p>\n<p class=\"p1\"><span style=\"font-size: 14pt;\">Se\u00f1al\u00f3 que en Veracruz se avanza con educaci\u00f3n, con desarrollo integral y con una visi\u00f3n de futuro, gracias al pensamiento progresista del gobernador Cuitl\u00e1huac Garc\u00eda Jim\u00e9nez.<\/span><\/p>\n<p class=\"p1\"><span style=\"font-size: 18pt; color: #139eca;\"><strong>Jos\u00e9 Manuel Pozos enfatiz\u00f3: \u201cen Tuxpan asumimos el compromiso de fomentar el h\u00e1bito de la lectura, de promover la educaci\u00f3n integral e impulsar la cultura y las artes\u201d.<\/strong><\/span><\/p>\n<p class=\"p1\"><span style=\"font-size: 18pt;\"><strong>Para finalizar el alcalde de Tuxpan, Jos\u00e9 Manuel Pozos agradeci\u00f3 al Gobierno de Veracruz, a la Secretar\u00eda de Gobierno, al Invedem, a la SEV, y sobre todo a las Promotoras \u201cMujeres Insurgentes\u201d y a todos los docentes que hacen posible estas brigadas de conocimiento.<\/strong><\/span><\/p>\n<p class=\"p1\"><span style=\"font-size: 14pt;\">La Profa. Julieta Jim\u00e9nez agradeci\u00f3 al alcalde Jos\u00e9 Manuel Pozos Castro por su amable y atenta anfitrion\u00eda, as\u00ed como al Mtro. Rafael Alejandro Castillo, director del Invedem, por todo el apoyo brindado para la realizaci\u00f3n de este trabajo.<\/span><\/p>\n<p>&nbsp;<\/p>\n<p><img data-recalc-dims=\"1\" loading=\"lazy\" decoding=\"async\" class=\"aligncenter wp-image-15141 size-large\" src=\"https:\/\/i0.wp.com\/politicosaldesnudo.com.mx\/wp-content\/uploads\/2023\/01\/P-BRIGADAS-LECTORAS-TUXPAN-1-1024x573.png?resize=800%2C448&#038;ssl=1\" alt=\"\" width=\"800\" height=\"448\" srcset=\"https:\/\/i0.wp.com\/politicosaldesnudo.com.mx\/wp-content\/uploads\/2023\/01\/P-BRIGADAS-LECTORAS-TUXPAN-1.png?resize=1024%2C573&amp;ssl=1 1024w, https:\/\/i0.wp.com\/politicosaldesnudo.com.mx\/wp-content\/uploads\/2023\/01\/P-BRIGADAS-LECTORAS-TUXPAN-1.png?resize=300%2C168&amp;ssl=1 300w, https:\/\/i0.wp.com\/politicosaldesnudo.com.mx\/wp-content\/uploads\/2023\/01\/P-BRIGADAS-LECTORAS-TUXPAN-1.png?resize=768%2C430&amp;ssl=1 768w, https:\/\/i0.wp.com\/politicosaldesnudo.com.mx\/wp-content\/uploads\/2023\/01\/P-BRIGADAS-LECTORAS-TUXPAN-1.png?resize=1536%2C859&amp;ssl=1 1536w, https:\/\/i0.wp.com\/politicosaldesnudo.com.mx\/wp-content\/uploads\/2023\/01\/P-BRIGADAS-LECTORAS-TUXPAN-1.png?w=1816&amp;ssl=1 1816w, https:\/\/i0.wp.com\/politicosaldesnudo.com.mx\/wp-content\/uploads\/2023\/01\/P-BRIGADAS-LECTORAS-TUXPAN-1.png?w=1600&amp;ssl=1 1600w\" sizes=\"auto, (max-width: 800px) 100vw, 800px\" \/><\/p>\n<p>&nbsp;<\/p>\n<p class=\"p1\"><span style=\"font-size: 18pt;\"><strong>Hizo un reconocimiento especial al escritor tuxpe\u00f1o Jos\u00e9 Luis Rivas, de quien dijo es orgullo de Tuxpan y de Veracruz, pues ha escrito m\u00e1s de 14 libros de poes\u00eda, siendo galardonado con el Premio Nacional de Poes\u00eda, actualmente es Investigador de la Universidad Veracruzana y miembro de la Academia Mexicana de la Lengua.<span class=\"Apple-converted-space\">\u00a0<\/span><\/strong><\/span><\/p>\n<p class=\"p1\"><span style=\"font-size: 14pt;\">En el evento estuvieron presentes alcaldes, s\u00edndicos, regidoras, regidores y directores de Educaci\u00f3n de m\u00e1s de 40 municipios de la regi\u00f3n, entre ellos Zacualpan, Citlalt\u00e9petl, Ozuluama, Tamal\u00edn, Papantla y Mart\u00ednez de la Torre.<\/span><\/p>\n<p>&nbsp;<\/p>\n<p><img data-recalc-dims=\"1\" loading=\"lazy\" decoding=\"async\" class=\"aligncenter wp-image-15142 size-large\" src=\"https:\/\/i0.wp.com\/politicosaldesnudo.com.mx\/wp-content\/uploads\/2023\/01\/P-BRIGADAS-LECTORAS-TUXPAN-2-1024x573.png?resize=800%2C448&#038;ssl=1\" alt=\"\" width=\"800\" height=\"448\" srcset=\"https:\/\/i0.wp.com\/politicosaldesnudo.com.mx\/wp-content\/uploads\/2023\/01\/P-BRIGADAS-LECTORAS-TUXPAN-2.png?resize=1024%2C573&amp;ssl=1 1024w, https:\/\/i0.wp.com\/politicosaldesnudo.com.mx\/wp-content\/uploads\/2023\/01\/P-BRIGADAS-LECTORAS-TUXPAN-2.png?resize=300%2C168&amp;ssl=1 300w, https:\/\/i0.wp.com\/politicosaldesnudo.com.mx\/wp-content\/uploads\/2023\/01\/P-BRIGADAS-LECTORAS-TUXPAN-2.png?resize=768%2C430&amp;ssl=1 768w, https:\/\/i0.wp.com\/politicosaldesnudo.com.mx\/wp-content\/uploads\/2023\/01\/P-BRIGADAS-LECTORAS-TUXPAN-2.png?resize=1536%2C859&amp;ssl=1 1536w, https:\/\/i0.wp.com\/politicosaldesnudo.com.mx\/wp-content\/uploads\/2023\/01\/P-BRIGADAS-LECTORAS-TUXPAN-2.png?w=1816&amp;ssl=1 1816w, https:\/\/i0.wp.com\/politicosaldesnudo.com.mx\/wp-content\/uploads\/2023\/01\/P-BRIGADAS-LECTORAS-TUXPAN-2.png?w=1600&amp;ssl=1 1600w\" sizes=\"auto, (max-width: 800px) 100vw, 800px\" \/><\/p>\n<p>&nbsp;<\/p>\n<p>&nbsp;<\/p>\n<p>&nbsp;<\/p>\n<p>&nbsp;<\/p>\n","protected":false},"excerpt":{"rendered":"<p>&nbsp; TUXPAN, VERACRUZ. Tuxpan fue sede de la firma del acuerdo de colaboraci\u00f3n para la integraci\u00f3n de las Brigadas Municipales<\/p>\n","protected":false},"author":4,"featured_media":15144,"comment_status":"closed","ping_status":"closed","sticky":false,"template":"","format":"standard","meta":{"colormag_page_container_layout":"default_layout","colormag_page_sidebar_layout":"default_layout","_jetpack_memberships_contains_paid_content":false,"footnotes":"","jetpack_publicize_message":"","jetpack_publicize_feature_enabled":true,"jetpack_social_post_already_shared":false,"jetpack_social_options":{"image_generator_settings":{"template":"highway","default_image_id":0,"font":"","enabled":false},"version":2}},"categories":[1082],"tags":[946,576,2098,70,100],"class_list":["post-15140","post","type-post","status-publish","format-standard","has-post-thumbnail","hentry","category-tuxpan","tag-invedem","tag-jose-manuel-pozos","tag-julieta-jimenez-torres","tag-tuxpan","tag-veracruz"],"jetpack_publicize_connections":[],"jetpack_featured_media_url":"https:\/\/i0.wp.com\/politicosaldesnudo.com.mx\/wp-content\/uploads\/2023\/01\/P-BRIGADAS-LECTORAS-TUXPAN-4.png?fit=1816%2C1016&ssl=1","jetpack-related-posts":[],"jetpack_sharing_enabled":true,"_links":{"self":[{"href":"https:\/\/politicosaldesnudo.com.mx\/index.php\/wp-json\/wp\/v2\/posts\/15140","targetHints":{"allow":["GET"]}}],"collection":[{"href":"https:\/\/politicosaldesnudo.com.mx\/index.php\/wp-json\/wp\/v2\/posts"}],"about":[{"href":"https:\/\/politicosaldesnudo.com.mx\/index.php\/wp-json\/wp\/v2\/types\/post"}],"author":[{"embeddable":true,"href":"https:\/\/politicosaldesnudo.com.mx\/index.php\/wp-json\/wp\/v2\/users\/4"}],"replies":[{"embeddable":true,"href":"https:\/\/politicosaldesnudo.com.mx\/index.php\/wp-json\/wp\/v2\/comments?post=15140"}],"version-history":[{"count":0,"href":"https:\/\/politicosaldesnudo.com.mx\/index.php\/wp-json\/wp\/v2\/posts\/15140\/revisions"}],"wp:featuredmedia":[{"embeddable":true,"href":"https:\/\/politicosaldesnudo.com.mx\/index.php\/wp-json\/wp\/v2\/media\/15144"}],"wp:attachment":[{"href":"https:\/\/politicosaldesnudo.com.mx\/index.php\/wp-json\/wp\/v2\/media?parent=15140"}],"wp:term":[{"taxonomy":"category","embeddable":true,"href":"https:\/\/politicosaldesnudo.com.mx\/index.php\/wp-json\/wp\/v2\/categories?post=15140"},{"taxonomy":"post_tag","embeddable":true,"href":"https:\/\/politicosaldesnudo.com.mx\/index.php\/wp-json\/wp\/v2\/tags?post=15140"}],"curies":[{"name":"wp","href":"https:\/\/api.w.org\/{rel}","templated":true}]}}