{"id":15157,"date":"2023-01-18T05:30:26","date_gmt":"2023-01-18T11:30:26","guid":{"rendered":"https:\/\/politicosaldesnudo.com.mx\/?p=15157"},"modified":"2023-01-18T09:12:53","modified_gmt":"2023-01-18T15:12:53","slug":"sayula-de-aleman-ingobernable","status":"publish","type":"post","link":"https:\/\/politicosaldesnudo.com.mx\/index.php\/2023\/01\/18\/sayula-de-aleman-ingobernable\/","title":{"rendered":"Sayula de Alem\u00e1n: Ingobernable"},"content":{"rendered":"<p>&nbsp;<\/p>\n<p class=\"p1\"><span style=\"font-size: 18pt;\"><strong>Por Luis Ram\u00edrez Baqueiro<\/strong><\/span><\/p>\n<p>&nbsp;<\/p>\n<p class=\"p1\" style=\"text-align: center;\"><em><span style=\"font-size: 18pt;\"><strong>\u201cUn estado es gobernado mejor por un hombre bueno que por unas buenas leyes\u201d <\/strong><\/span><\/em><\/p>\n<p class=\"p1\" style=\"text-align: center;\"><span style=\"font-size: 18pt;\">\u2013 Arist\u00f3teles \u2013 <\/span><\/p>\n<p class=\"p1\"><span style=\"font-size: 14pt;\">Cuando H\u00e9ctor Aguilar Cam\u00edn escribi\u00f3 su extraordinaria novela \u201cMorir en el Golfo\u201d a mediados de la d\u00e9cada de los 80 del siglo pasado, Veracruz como muchas otras regiones del pa\u00eds se caracterizaban por la presencia de los famosos cacicazgos, esos en donde cierto grupo o personaje se apoderaba de la vida de las regiones sin mediar m\u00e1s Ley que la de su voluntad absoluta.<\/span><\/p>\n<p class=\"p1\"><span style=\"font-size: 14pt;\">La reciente detenci\u00f3n del regidor segundo del ayuntamiento de Sayula de Alem\u00e1n, el morenista Abimael Merino de los Santos por parte de la Fiscal\u00eda General del Estado (FGE) en medio de la pugna que se sostiene entre dos grupos al interior del municipio evidencian que los cacicazgos y los grupos del crimen organizado han escalado sus pugnas hasta el grado de convertir en al municipio en ingobernable.<\/span><\/p>\n<p class=\"p1\"><span style=\"font-size: 14pt;\">La m\u00e1s reciente de las diferencias entre estos grupos antag\u00f3nicos apadrinados por dos carteles del crimen organizado escala el conflicto al grado de evidenciar que en Veracruz la gobernabilidad es asunto que pende de un hilo.<\/span><\/p>\n<p class=\"p1\"><span style=\"font-size: 14pt;\">La versi\u00f3n real que no oficial fue que el edil junto a otros integrantes del Ayuntamiento habr\u00eda sido detenido en inmediaciones del Congreso del Estado cuando se dispon\u00edan a sostener un encuentro con el presidente de la Junta de Coordinaci\u00f3n Pol\u00edtica, Juan Javier G\u00f3mez Cazar\u00edn, quien esperaba entablar negociaciones con los ediles que han convertido una pugna basada en pasiones familiares y de amasiato en todo un desorden social.<\/span><\/p>\n<p class=\"p1\"><span style=\"font-size: 14pt;\">El conflicto entre estos dos grupos pol\u00edticos antag\u00f3nicos ha escalado al grado de haber llegado ya a la conflagraci\u00f3n y el pleito colectivo, por un lado Bartolo Garrido, s\u00edndico del Ayuntamiento y un grupo de regidores entre los que se encuentra Abimael Merino ser\u00edan los responsables de mantener cooptadas las finanzas municipales, lo que ha provocado que un grupo de empleados municipales se una a sus reclamos en demanda de supuestos adeudos.<\/span><\/p>\n<p class=\"p1\"><span style=\"font-size: 14pt;\">A su vez la alcaldesa de Sayula de Alem\u00e1n, Lorena S\u00e1nchez Vargas ha denunciado que ambos representantes populares habr\u00edan firmado ante el Banco Santander diversos contratos para ser ellos quienes manejar\u00e1n las cuentas del Ayuntamiento, acto que pudo haber ca\u00eddo en un il\u00edcito pues se requer\u00eda de la firma de la primera autoridad y habr\u00edan cometido presuntamente, usurpaci\u00f3n de funciones.<\/span><\/p>\n<p class=\"p1\"><span style=\"font-size: 14pt;\">La violencia ha escalado al punto del zafarrancho y la toma de instalaciones municipales bajo el uso de la fuerza, destacando recientemente el ataque al Palacio Municipal la madrugada del lunes, en donde grupo de personas irrumpi\u00f3 en el edificio municipal y atac\u00f3 a golpes con tubos y marros a los trabajadores que mantienen una huelga desde hace m\u00e1s de 15 d\u00edas.<\/span><\/p>\n<p class=\"p1\"><span style=\"font-size: 14pt;\">Ante la evidente violencia que viven y enfrentan ambos grupos originada por conflictos maritales que mezclados con la pol\u00edtica han hecho un caldo en ebullici\u00f3n, la tranquilidad, el orden y la paz se han perdido en el municipio.<\/span><\/p>\n<p class=\"p1\"><span style=\"font-size: 14pt;\">Es por ello, que este martes los ediles acudir\u00edan al Congreso a buscar mediaci\u00f3n ante la falta evidente de capacidad del Gobierno del Estado para ello, y es que ante la presencia inminente de grupos del crimen organizado, el responsable de la Secretar\u00eda de Gobierno, ha preferido tomar partido por una de las facciones, de esta manera ha empleado nuevamente a su brazo ejecutor la FGE para cometer la detenci\u00f3n del regidor segundo, sin plantear soluciones pol\u00edticas al conflicto.<\/span><\/p>\n<p class=\"p1\"><span style=\"font-size: 14pt;\">Cuestionado por este reportero el presidente de la Jucopo, Juan Javier G\u00f3mez Cazar\u00edn es enf\u00e1tico al se\u00f1alar que \u201cno se permitir\u00e1 que pugnas entre grupos criminales venga a desequilibrar la paz y el orden social de la zona, por lo que si es necesario se estudiar\u00e1 la posibilidad de desaparecer los poderes y llamar a un Consejo Municipal para que se haga cargo de la administraci\u00f3n municipal.\u201d<\/span><\/p>\n<p class=\"p1\"><span style=\"font-size: 14pt;\">Nuevamente el control pol\u00edtico en la entidad deja mucho que desear, evidenciando la insensibilidad y falta total de tacto para la misi\u00f3n m\u00e1s importante del Estado, que es la de generar gobernabilidad en las regiones.<\/span><\/p>\n<p class=\"p1\"><span style=\"font-size: 14pt;\">\u00bfHasta cu\u00e1ndo el gobernador Cuitl\u00e1huac Garc\u00eda Jim\u00e9nez se dejar\u00e1 seguir engatusando por el vendedor de espejos entronizado en la silla poltrona de la Secretar\u00eda de Gobierno?<\/span><\/p>\n<p>&nbsp;<\/p>\n<p class=\"p1\"><span style=\"font-size: 18pt;\"><strong>Al tiempo.<\/strong><\/span><\/p>\n<p>&nbsp;<\/p>\n<hr \/>\n<p>&nbsp;<\/p>\n<p class=\"p1\"><span style=\"font-size: 18pt;\"><strong>Correo: <a href=\"mailto:astrolabiopoliticomx@gmail.com\">astrolabiopoliticomx@gmail.com<\/a><\/strong><\/span><\/p>\n<p class=\"p1\"><span style=\"font-size: 18pt;\"><strong>Twitter: <a href=\"http:\/\/www.twitter.com\/LuisBaqueiro_mx\">@LuisBaqueiro_mx<\/a><\/strong><\/span><\/p>\n<p>&nbsp;<\/p>\n<p><img data-recalc-dims=\"1\" loading=\"lazy\" decoding=\"async\" class=\"aligncenter wp-image-14351\" src=\"https:\/\/i0.wp.com\/politicosaldesnudo.com.mx\/wp-content\/uploads\/2023\/01\/FIRMA-EDITORIAL-PD-300x37.png?resize=800%2C98&#038;ssl=1\" alt=\"\" width=\"800\" height=\"98\" srcset=\"https:\/\/i0.wp.com\/politicosaldesnudo.com.mx\/wp-content\/uploads\/2023\/01\/FIRMA-EDITORIAL-PD.png?resize=300%2C37&amp;ssl=1 300w, https:\/\/i0.wp.com\/politicosaldesnudo.com.mx\/wp-content\/uploads\/2023\/01\/FIRMA-EDITORIAL-PD.png?resize=1024%2C125&amp;ssl=1 1024w, https:\/\/i0.wp.com\/politicosaldesnudo.com.mx\/wp-content\/uploads\/2023\/01\/FIRMA-EDITORIAL-PD.png?resize=768%2C94&amp;ssl=1 768w, https:\/\/i0.wp.com\/politicosaldesnudo.com.mx\/wp-content\/uploads\/2023\/01\/FIRMA-EDITORIAL-PD.png?resize=1536%2C188&amp;ssl=1 1536w, https:\/\/i0.wp.com\/politicosaldesnudo.com.mx\/wp-content\/uploads\/2023\/01\/FIRMA-EDITORIAL-PD.png?resize=2048%2C250&amp;ssl=1 2048w, https:\/\/i0.wp.com\/politicosaldesnudo.com.mx\/wp-content\/uploads\/2023\/01\/FIRMA-EDITORIAL-PD.png?w=1600&amp;ssl=1 1600w, https:\/\/i0.wp.com\/politicosaldesnudo.com.mx\/wp-content\/uploads\/2023\/01\/FIRMA-EDITORIAL-PD.png?w=2400&amp;ssl=1 2400w\" sizes=\"auto, (max-width: 800px) 100vw, 800px\" \/><\/p>\n<p>&nbsp;<\/p>\n<p>&nbsp;<\/p>\n<p>&nbsp;<\/p>\n<p class=\"p1\">\n","protected":false},"excerpt":{"rendered":"<p>&nbsp; Por Luis Ram\u00edrez Baqueiro &nbsp; \u201cUn estado es gobernado mejor por un hombre bueno que por unas buenas leyes\u201d<\/p>\n","protected":false},"author":4,"featured_media":4390,"comment_status":"closed","ping_status":"closed","sticky":false,"template":"","format":"standard","meta":{"colormag_page_container_layout":"default_layout","colormag_page_sidebar_layout":"default_layout","_jetpack_memberships_contains_paid_content":false,"footnotes":"","jetpack_publicize_message":"","jetpack_publicize_feature_enabled":true,"jetpack_social_post_already_shared":false,"jetpack_social_options":{"image_generator_settings":{"template":"highway","default_image_id":0,"font":"","enabled":false},"version":2}},"categories":[26],"tags":[],"class_list":["post-15157","post","type-post","status-publish","format-standard","has-post-thumbnail","hentry","category-columnistas"],"jetpack_publicize_connections":[],"jetpack_featured_media_url":"https:\/\/i0.wp.com\/politicosaldesnudo.com.mx\/wp-content\/uploads\/2022\/04\/LUIS-RAMI%CC%81REZ-BAQUEIRO.png?fit=1816%2C1016&ssl=1","jetpack-related-posts":[],"jetpack_sharing_enabled":true,"_links":{"self":[{"href":"https:\/\/politicosaldesnudo.com.mx\/index.php\/wp-json\/wp\/v2\/posts\/15157","targetHints":{"allow":["GET"]}}],"collection":[{"href":"https:\/\/politicosaldesnudo.com.mx\/index.php\/wp-json\/wp\/v2\/posts"}],"about":[{"href":"https:\/\/politicosaldesnudo.com.mx\/index.php\/wp-json\/wp\/v2\/types\/post"}],"author":[{"embeddable":true,"href":"https:\/\/politicosaldesnudo.com.mx\/index.php\/wp-json\/wp\/v2\/users\/4"}],"replies":[{"embeddable":true,"href":"https:\/\/politicosaldesnudo.com.mx\/index.php\/wp-json\/wp\/v2\/comments?post=15157"}],"version-history":[{"count":0,"href":"https:\/\/politicosaldesnudo.com.mx\/index.php\/wp-json\/wp\/v2\/posts\/15157\/revisions"}],"wp:featuredmedia":[{"embeddable":true,"href":"https:\/\/politicosaldesnudo.com.mx\/index.php\/wp-json\/wp\/v2\/media\/4390"}],"wp:attachment":[{"href":"https:\/\/politicosaldesnudo.com.mx\/index.php\/wp-json\/wp\/v2\/media?parent=15157"}],"wp:term":[{"taxonomy":"category","embeddable":true,"href":"https:\/\/politicosaldesnudo.com.mx\/index.php\/wp-json\/wp\/v2\/categories?post=15157"},{"taxonomy":"post_tag","embeddable":true,"href":"https:\/\/politicosaldesnudo.com.mx\/index.php\/wp-json\/wp\/v2\/tags?post=15157"}],"curies":[{"name":"wp","href":"https:\/\/api.w.org\/{rel}","templated":true}]}}