{"id":15179,"date":"2023-01-19T07:24:30","date_gmt":"2023-01-19T13:24:30","guid":{"rendered":"https:\/\/politicosaldesnudo.com.mx\/?p=15179"},"modified":"2023-01-19T07:24:30","modified_gmt":"2023-01-19T13:24:30","slug":"bajo-los-puentes-de-la-justicia","status":"publish","type":"post","link":"https:\/\/politicosaldesnudo.com.mx\/index.php\/2023\/01\/19\/bajo-los-puentes-de-la-justicia\/","title":{"rendered":"Bajo los puentes de la justicia"},"content":{"rendered":"<p class=\"p1\">\n<p>&nbsp;<\/p>\n<p><span style=\"font-size: 18pt;\"><strong>Por Alberto Woolrich Ort\u00edz<\/strong><\/span><\/p>\n<p class=\"p1\"><span style=\"font-size: 14pt;\">A fin de ofrecer a mis queridos leyentes no versados en la corrupci\u00f3n que impera en el medio de procuraci\u00f3n, impartici\u00f3n y administraci\u00f3n de justicia, realidades por ellos no conocidas; es justo advertir que en el ayer y durante la \u00e9poca del neoliberalismo, un periodista del Washington Post escribi\u00f3: \u201cBajo los puentes de la Procuradur\u00eda General de la Rep\u00fablica corren dos r\u00edos, uno de d\u00f3lares, el otro de mierda\u201d.<\/span><\/p>\n<p class=\"p1\"><span style=\"font-size: 14pt;\">Similares argumentos \u2014con muy ligeras variantes\u2014 se sostienen en \u00e9sta Cuarta Transformaci\u00f3n de la Naci\u00f3n y ellos no son expresados por un informador del Washington Post, los expres\u00f3 en una reciente reuni\u00f3n acad\u00e9mica, una dign\u00edsima toga de una ex servidora p\u00fablica y funcionaria de la Fiscal\u00eda General de la Rep\u00fablica, la cu\u00e1l estuvo adscrita a cierto Estado de la Federaci\u00f3n, digna letrada que en presencia de todo un se\u00f1or General Brigadier de la Secretar\u00eda de la Defensa Nacional expres\u00f3 textualmente: \u201cPara ir a laborar, todas las ma\u00f1anas me pon\u00eda unas botas de bombero que me llegaban muy arriba de la rodilla, con el objeto de no pisar y mancharme de todo el excremento que exist\u00eda en la oficina\u201d. Un sentido demasiado riguroso de su deber dio origen a esa expresi\u00f3n.<span class=\"Apple-converted-space\">\u00a0<\/span><\/span><\/p>\n<p class=\"p1\"><span style=\"font-size: 14pt;\">Sigamos con el tema.<\/span><\/p>\n<p class=\"p1\"><span style=\"font-size: 14pt;\">Un grupo de proscritos de las leyes \u2014no existe otro calificativo m\u00e1s apropiado para describirlos\u2014 se encarg\u00f3 durante la etapa del neoliberalismo de estructurar, maquinar, crear y consumar graves alianzas con el narcotr\u00e1fico. Ese grav\u00edsimo acto delictivo atent\u00f3 en<span class=\"Apple-converted-space\">\u00a0 <\/span>contra de la Constituci\u00f3n Pol\u00edtica de los Estados Unidos Mexicanos, se opuso gravemente a nuestro Estado de Derecho y consecuentemente denigr\u00f3 y ensuci\u00f3 a M\u00e9xico. \u201cPocas cosas desmoralizan m\u00e1s que la injusticia en nombre de la autoridad y de la ley\u201d, dijo en el ayer Concepci\u00f3n Arenal.<\/span><\/p>\n<p class=\"p1\"><span style=\"font-size: 14pt;\">Por desventura, nada ha cambiado en la Procuradur\u00eda \u2014hoy Fiscal\u00eda\u2014 General de la Rep\u00fablica, desde esos a\u00f1os a los que hoy vivimos, la historia se repite con similares argumentos, todos ellos violatorios de preceptos expresos y del fundamental y definido sustratum de nuestro r\u00e9gimen constitucionalista.<\/span><\/p>\n<p class=\"p1\"><span style=\"font-size: 14pt;\">La \u00fanica diferencia es que ayer se delinqu\u00eda y hoy por omisi\u00f3n al cumplimiento del deber se les brinda impunidad a esos bribones del derecho.<\/span><\/p>\n<p class=\"p1\"><span style=\"font-size: 14pt;\">Por \u00faltimo, debemos decirle a Andr\u00e9s Manuel L\u00f3pez Obrador, que no debe de ser la Academia de Derecho Penal del Colegio Nacional de Abogados Foro de M\u00e9xico, sino el Presidente Constitucional de los Estados Unidos Mexicanos, quien por su evidente desconocimiento del derecho, tiene que acudir a nuestra Constituci\u00f3n Pol\u00edtica para enriquecer su escaso o nulo acervo cultural en temas de justicia, que no s\u00f3lo desconoce, sino que muchas veces inventa y, lo que<span class=\"Apple-converted-space\">\u00a0 <\/span>es peor, no hace nada por enmendar las graves situaciones que siguen ocurriendo en la Justicia.<\/span><\/p>\n<p>&nbsp;<\/p>\n<p class=\"p3\"><span style=\"font-size: 18pt;\"><strong>Es cuanto. <\/strong><\/span><\/p>\n<p>&nbsp;<\/p>\n<hr \/>\n<p>&nbsp;<\/p>\n<p class=\"p1\"><strong><span style=\"font-size: 18pt;\">Lic. Alberto Woolrich Ort\u00edz<\/span><\/strong><\/p>\n<p class=\"p1\"><strong><span style=\"font-size: 18pt;\">Presidente de la Academia de Derecho Penal<\/span><\/strong><\/p>\n<p class=\"p1\"><strong><span style=\"font-size: 18pt;\">del Colegio de Abogados de M\u00e9xico, A.C.<\/span><\/strong><\/p>\n<p>&nbsp;<\/p>\n<p>&nbsp;<\/p>\n<p><img data-recalc-dims=\"1\" loading=\"lazy\" decoding=\"async\" class=\"aligncenter wp-image-14351\" src=\"https:\/\/i0.wp.com\/politicosaldesnudo.com.mx\/wp-content\/uploads\/2023\/01\/FIRMA-EDITORIAL-PD-300x37.png?resize=800%2C98&#038;ssl=1\" alt=\"\" width=\"800\" height=\"98\" srcset=\"https:\/\/i0.wp.com\/politicosaldesnudo.com.mx\/wp-content\/uploads\/2023\/01\/FIRMA-EDITORIAL-PD.png?resize=300%2C37&amp;ssl=1 300w, https:\/\/i0.wp.com\/politicosaldesnudo.com.mx\/wp-content\/uploads\/2023\/01\/FIRMA-EDITORIAL-PD.png?resize=1024%2C125&amp;ssl=1 1024w, https:\/\/i0.wp.com\/politicosaldesnudo.com.mx\/wp-content\/uploads\/2023\/01\/FIRMA-EDITORIAL-PD.png?resize=768%2C94&amp;ssl=1 768w, https:\/\/i0.wp.com\/politicosaldesnudo.com.mx\/wp-content\/uploads\/2023\/01\/FIRMA-EDITORIAL-PD.png?resize=1536%2C188&amp;ssl=1 1536w, https:\/\/i0.wp.com\/politicosaldesnudo.com.mx\/wp-content\/uploads\/2023\/01\/FIRMA-EDITORIAL-PD.png?resize=2048%2C250&amp;ssl=1 2048w, https:\/\/i0.wp.com\/politicosaldesnudo.com.mx\/wp-content\/uploads\/2023\/01\/FIRMA-EDITORIAL-PD.png?w=1600&amp;ssl=1 1600w, https:\/\/i0.wp.com\/politicosaldesnudo.com.mx\/wp-content\/uploads\/2023\/01\/FIRMA-EDITORIAL-PD.png?w=2400&amp;ssl=1 2400w\" sizes=\"auto, (max-width: 800px) 100vw, 800px\" \/><\/p>\n<p>&nbsp;<\/p>\n<p>&nbsp;<\/p>\n<p>&nbsp;<\/p>\n<p>&nbsp;<\/p>\n","protected":false},"excerpt":{"rendered":"<p>&nbsp; Por Alberto Woolrich Ort\u00edz A fin de ofrecer a mis queridos leyentes no versados en la corrupci\u00f3n que impera<\/p>\n","protected":false},"author":4,"featured_media":3845,"comment_status":"closed","ping_status":"closed","sticky":false,"template":"","format":"standard","meta":{"colormag_page_container_layout":"default_layout","colormag_page_sidebar_layout":"default_layout","_jetpack_memberships_contains_paid_content":false,"footnotes":"","jetpack_publicize_message":"","jetpack_publicize_feature_enabled":true,"jetpack_social_post_already_shared":false,"jetpack_social_options":{"image_generator_settings":{"template":"highway","default_image_id":0,"font":"","enabled":false},"version":2}},"categories":[26],"tags":[],"class_list":["post-15179","post","type-post","status-publish","format-standard","has-post-thumbnail","hentry","category-columnistas"],"jetpack_publicize_connections":[],"jetpack_featured_media_url":"https:\/\/i0.wp.com\/politicosaldesnudo.com.mx\/wp-content\/uploads\/2022\/04\/CABEZAL-ALBERTO-WOOD.png?fit=1816%2C1016&ssl=1","jetpack-related-posts":[],"jetpack_sharing_enabled":true,"_links":{"self":[{"href":"https:\/\/politicosaldesnudo.com.mx\/index.php\/wp-json\/wp\/v2\/posts\/15179","targetHints":{"allow":["GET"]}}],"collection":[{"href":"https:\/\/politicosaldesnudo.com.mx\/index.php\/wp-json\/wp\/v2\/posts"}],"about":[{"href":"https:\/\/politicosaldesnudo.com.mx\/index.php\/wp-json\/wp\/v2\/types\/post"}],"author":[{"embeddable":true,"href":"https:\/\/politicosaldesnudo.com.mx\/index.php\/wp-json\/wp\/v2\/users\/4"}],"replies":[{"embeddable":true,"href":"https:\/\/politicosaldesnudo.com.mx\/index.php\/wp-json\/wp\/v2\/comments?post=15179"}],"version-history":[{"count":0,"href":"https:\/\/politicosaldesnudo.com.mx\/index.php\/wp-json\/wp\/v2\/posts\/15179\/revisions"}],"wp:featuredmedia":[{"embeddable":true,"href":"https:\/\/politicosaldesnudo.com.mx\/index.php\/wp-json\/wp\/v2\/media\/3845"}],"wp:attachment":[{"href":"https:\/\/politicosaldesnudo.com.mx\/index.php\/wp-json\/wp\/v2\/media?parent=15179"}],"wp:term":[{"taxonomy":"category","embeddable":true,"href":"https:\/\/politicosaldesnudo.com.mx\/index.php\/wp-json\/wp\/v2\/categories?post=15179"},{"taxonomy":"post_tag","embeddable":true,"href":"https:\/\/politicosaldesnudo.com.mx\/index.php\/wp-json\/wp\/v2\/tags?post=15179"}],"curies":[{"name":"wp","href":"https:\/\/api.w.org\/{rel}","templated":true}]}}