{"id":15246,"date":"2023-01-19T19:21:59","date_gmt":"2023-01-20T01:21:59","guid":{"rendered":"https:\/\/politicosaldesnudo.com.mx\/?p=15246"},"modified":"2023-01-19T19:23:04","modified_gmt":"2023-01-20T01:23:04","slug":"inician-inscripciones-para-el-programa-recreativo-y-deportivo-para-personas-con-discapacidad-2023","status":"publish","type":"post","link":"https:\/\/politicosaldesnudo.com.mx\/index.php\/2023\/01\/19\/inician-inscripciones-para-el-programa-recreativo-y-deportivo-para-personas-con-discapacidad-2023\/","title":{"rendered":"Inician inscripciones para el Programa Recreativo y Deportivo para Personas con Discapacidad"},"content":{"rendered":"<p>&nbsp;<\/p>\n<p class=\"p1\"><span style=\"font-size: 14pt;\"><em><strong>TUXPAN, VERACRUZ.<\/strong><\/em> El <strong>Ayuntamiento de Tuxpan<\/strong> a trav\u00e9s de la regidur\u00eda s\u00e9ptima comisionada en Fomento Deportivo y la <strong>Comisi\u00f3n Municipal del Deporte<\/strong> (Comude), invitan a la ciudadan\u00eda a participar en el <strong>Programa Recreativo y Deportivo para Personas con Discapacidad 2023<\/strong>.<\/span><\/p>\n<p class=\"p1\"><span style=\"font-size: 14pt;\">Cualquier persona con discapacidad puede integrarse a los equipos de la disciplina deportiva que m\u00e1s le interese: paradanza, paratletismo en pista y campo, paranataci\u00f3n y otras actividades recreativas.<span class=\"Apple-converted-space\">\u00a0<\/span><\/span><\/p>\n<p class=\"p1\"><span style=\"font-size: 18pt;\"><strong>Las inscripciones estar\u00e1n abiertas hasta el pr\u00f3ximo 16 de febrero en las oficinas de Comude, ubicadas en la Unidad Deportiva Enrique Valdez Constantino en horario de 09:00 a 15:00 horas.<\/strong><\/span><\/p>\n<p class=\"p1\"><span style=\"font-size: 14pt;\">A trav\u00e9s de estos programas, el Gobierno Municipal busca facilitar e impulsar la pr\u00e1ctica de actividad f\u00edsica y deportiva entre las personas con discapacidad.<\/span><\/p>\n<p>&nbsp;<\/p>\n<p><img data-recalc-dims=\"1\" loading=\"lazy\" decoding=\"async\" class=\"aligncenter wp-image-15247\" src=\"https:\/\/i0.wp.com\/politicosaldesnudo.com.mx\/wp-content\/uploads\/2023\/01\/P-COMUDE-INSCRIPCIONES-791x1024.jpeg?resize=500%2C647&#038;ssl=1\" alt=\"\" width=\"500\" height=\"647\" srcset=\"https:\/\/i0.wp.com\/politicosaldesnudo.com.mx\/wp-content\/uploads\/2023\/01\/P-COMUDE-INSCRIPCIONES.jpeg?resize=791%2C1024&amp;ssl=1 791w, https:\/\/i0.wp.com\/politicosaldesnudo.com.mx\/wp-content\/uploads\/2023\/01\/P-COMUDE-INSCRIPCIONES.jpeg?resize=232%2C300&amp;ssl=1 232w, https:\/\/i0.wp.com\/politicosaldesnudo.com.mx\/wp-content\/uploads\/2023\/01\/P-COMUDE-INSCRIPCIONES.jpeg?resize=768%2C994&amp;ssl=1 768w, https:\/\/i0.wp.com\/politicosaldesnudo.com.mx\/wp-content\/uploads\/2023\/01\/P-COMUDE-INSCRIPCIONES.jpeg?w=989&amp;ssl=1 989w\" sizes=\"auto, (max-width: 500px) 100vw, 500px\" \/><\/p>\n<p>&nbsp;<\/p>\n","protected":false},"excerpt":{"rendered":"<p>&nbsp; TUXPAN, VERACRUZ. El Ayuntamiento de Tuxpan a trav\u00e9s de la regidur\u00eda s\u00e9ptima comisionada en Fomento Deportivo y la Comisi\u00f3n<\/p>\n","protected":false},"author":4,"featured_media":15248,"comment_status":"closed","ping_status":"closed","sticky":false,"template":"","format":"standard","meta":{"colormag_page_container_layout":"default_layout","colormag_page_sidebar_layout":"default_layout","_jetpack_memberships_contains_paid_content":false,"footnotes":"","jetpack_publicize_message":"","jetpack_publicize_feature_enabled":true,"jetpack_social_post_already_shared":false,"jetpack_social_options":{"image_generator_settings":{"template":"highway","default_image_id":0,"font":"","enabled":false},"version":2}},"categories":[1082],"tags":[1717,1644,2115,70,100],"class_list":["post-15246","post","type-post","status-publish","format-standard","has-post-thumbnail","hentry","category-tuxpan","tag-comude","tag-discapacidad","tag-inscripciones","tag-tuxpan","tag-veracruz"],"jetpack_publicize_connections":[],"jetpack_featured_media_url":"https:\/\/i0.wp.com\/politicosaldesnudo.com.mx\/wp-content\/uploads\/2023\/01\/P-COMUDE-INSCRIPCIONES-1.png?fit=1816%2C1016&ssl=1","jetpack-related-posts":[],"jetpack_sharing_enabled":true,"_links":{"self":[{"href":"https:\/\/politicosaldesnudo.com.mx\/index.php\/wp-json\/wp\/v2\/posts\/15246","targetHints":{"allow":["GET"]}}],"collection":[{"href":"https:\/\/politicosaldesnudo.com.mx\/index.php\/wp-json\/wp\/v2\/posts"}],"about":[{"href":"https:\/\/politicosaldesnudo.com.mx\/index.php\/wp-json\/wp\/v2\/types\/post"}],"author":[{"embeddable":true,"href":"https:\/\/politicosaldesnudo.com.mx\/index.php\/wp-json\/wp\/v2\/users\/4"}],"replies":[{"embeddable":true,"href":"https:\/\/politicosaldesnudo.com.mx\/index.php\/wp-json\/wp\/v2\/comments?post=15246"}],"version-history":[{"count":0,"href":"https:\/\/politicosaldesnudo.com.mx\/index.php\/wp-json\/wp\/v2\/posts\/15246\/revisions"}],"wp:featuredmedia":[{"embeddable":true,"href":"https:\/\/politicosaldesnudo.com.mx\/index.php\/wp-json\/wp\/v2\/media\/15248"}],"wp:attachment":[{"href":"https:\/\/politicosaldesnudo.com.mx\/index.php\/wp-json\/wp\/v2\/media?parent=15246"}],"wp:term":[{"taxonomy":"category","embeddable":true,"href":"https:\/\/politicosaldesnudo.com.mx\/index.php\/wp-json\/wp\/v2\/categories?post=15246"},{"taxonomy":"post_tag","embeddable":true,"href":"https:\/\/politicosaldesnudo.com.mx\/index.php\/wp-json\/wp\/v2\/tags?post=15246"}],"curies":[{"name":"wp","href":"https:\/\/api.w.org\/{rel}","templated":true}]}}