{"id":15260,"date":"2023-01-19T20:10:40","date_gmt":"2023-01-20T02:10:40","guid":{"rendered":"https:\/\/politicosaldesnudo.com.mx\/?p=15260"},"modified":"2023-01-19T20:11:23","modified_gmt":"2023-01-20T02:11:23","slug":"lopez-obrador-celebra-los-80-anos-del-imss-esta-en-una-muy-buena-epoca","status":"publish","type":"post","link":"https:\/\/politicosaldesnudo.com.mx\/index.php\/2023\/01\/19\/lopez-obrador-celebra-los-80-anos-del-imss-esta-en-una-muy-buena-epoca\/","title":{"rendered":"L\u00f3pez Obrador celebra los 80 a\u00f1os del IMSS, \u201cest\u00e1 en una muy buena \u00e9poca\u201d"},"content":{"rendered":"<p>&nbsp;<\/p>\n<p class=\"p1\"><span style=\"font-size: 14pt;\"><em><strong>CIUDAD DE M\u00c9XICO.<\/strong> <\/em>El presidente <strong>Andr\u00e9s Manuel L\u00f3pez Obrador<\/strong> encabez\u00f3 la <strong>conmemoraci\u00f3n del 80 aniversario del Instituto Mexicano del Seguro Social<\/strong> (IMSS), en la que <strong>resalt\u00f3 los beneficios que da al pueblo y a los trabajadores afiliados.<\/strong><\/span><\/p>\n<p>&nbsp;<\/p>\n<blockquote>\n<p class=\"p1\"><span style=\"font-size: 14pt;\">Esta instituci\u00f3n es un ejemplo y es algo que todos los mexicanos tenemos que cuidar. (\u2026) El prop\u00f3sito es que se mantenga el esp\u00edritu de solidaridad, de humanismo que debe caracterizar a un buen gobierno y una buena instituci\u00f3n; seguir avanzando, ir resolviendo problemas, no dejar de pensar en los dem\u00e1s y llevar a la pr\u00e1ctica ese principio universal del amor al pr\u00f3jimo, que eso es el Seguro Social: ayudar a quien lo necesita\u201d<\/span><\/p>\n<\/blockquote>\n<p>&nbsp;<\/p>\n<p class=\"p1\"><span style=\"font-size: 18pt;\"><strong>En conferencia de prensa matutina el presidente Andr\u00e9s Manuel L\u00f3pez Obrador indic\u00f3 que el IMSS \u201cest\u00e1 en una muy buena \u00e9poca\u201d en la que se han logrado acuerdos a partir de la unidad entre el sector obrero, empresarial y gubernamental en aras de mejorar las condiciones de vida de las y los derechohabientes.<\/strong><\/span><\/p>\n<p>&nbsp;<\/p>\n<p><img data-recalc-dims=\"1\" loading=\"lazy\" decoding=\"async\" class=\"aligncenter wp-image-15262 size-large\" src=\"https:\/\/i0.wp.com\/politicosaldesnudo.com.mx\/wp-content\/uploads\/2023\/01\/P-IMSS-80ANOS-2-1024x573.png?resize=800%2C448&#038;ssl=1\" alt=\"\" width=\"800\" height=\"448\" srcset=\"https:\/\/i0.wp.com\/politicosaldesnudo.com.mx\/wp-content\/uploads\/2023\/01\/P-IMSS-80ANOS-2.png?resize=1024%2C573&amp;ssl=1 1024w, https:\/\/i0.wp.com\/politicosaldesnudo.com.mx\/wp-content\/uploads\/2023\/01\/P-IMSS-80ANOS-2.png?resize=300%2C168&amp;ssl=1 300w, https:\/\/i0.wp.com\/politicosaldesnudo.com.mx\/wp-content\/uploads\/2023\/01\/P-IMSS-80ANOS-2.png?resize=768%2C430&amp;ssl=1 768w, https:\/\/i0.wp.com\/politicosaldesnudo.com.mx\/wp-content\/uploads\/2023\/01\/P-IMSS-80ANOS-2.png?resize=1536%2C859&amp;ssl=1 1536w, https:\/\/i0.wp.com\/politicosaldesnudo.com.mx\/wp-content\/uploads\/2023\/01\/P-IMSS-80ANOS-2.png?w=1816&amp;ssl=1 1816w, https:\/\/i0.wp.com\/politicosaldesnudo.com.mx\/wp-content\/uploads\/2023\/01\/P-IMSS-80ANOS-2.png?w=1600&amp;ssl=1 1600w\" sizes=\"auto, (max-width: 800px) 100vw, 800px\" \/><\/p>\n<p>&nbsp;<\/p>\n<p class=\"p1\"><span style=\"font-size: 18pt; color: #139eca;\"><strong>Adem\u00e1s, el mandatario agradeci\u00f3 por su trabajo al director general del Instituto Mexicano del Seguro Social, Zo\u00e9 Robledo Aburto y al personal del Instituto.<\/strong><\/span><\/p>\n<p>&nbsp;<\/p>\n<blockquote>\n<p class=\"p1\"><span style=\"font-size: 14pt;\">Aportaron en momentos dif\u00edciles de la pandemia; fueron h\u00e9roes y hero\u00ednas, enfermeras, m\u00e9dicos y trabajadores del Seguro Social que ayudaron a salvar vidas\u201d<\/span><\/p>\n<\/blockquote>\n<p>&nbsp;<\/p>\n<p class=\"p1\"><span style=\"font-size: 18pt;\"><strong>Andr\u00e9s Manuel L\u00f3pez Obrador record\u00f3 que el IMSS conserva su principio de brindar atenci\u00f3n m\u00e9dica a los trabajadores y ampli\u00f3 sus capacidades para recibir en sus instalaciones a la poblaci\u00f3n sin prestaci\u00f3n de seguridad social como parte del compromiso del Gobierno de M\u00e9xico de garantizar el derecho del pueblo a la salud.<\/strong><\/span><\/p>\n<p>&nbsp;<\/p>\n<blockquote>\n<p class=\"p1\"><span style=\"font-size: 14pt;\">Tenemos el compromiso que este a\u00f1o vamos a tener un sistema de salud p\u00fablica de calidad en todo el pa\u00eds y esto tiene que ver con una decisi\u00f3n que se tom\u00f3 de federalizar este sistema de manera voluntaria. (\u2026) Se est\u00e1n mejorando centros de salud, unidades m\u00e9dicas rurales y hospitales; se est\u00e1 invirtiendo en mejorar toda la infraestructura de salud, estamos equipando hospitales como nunca se hab\u00eda hecho\u201d<\/span><\/p>\n<\/blockquote>\n<p>&nbsp;<\/p>\n<p><img data-recalc-dims=\"1\" loading=\"lazy\" decoding=\"async\" class=\"aligncenter wp-image-15263 size-large\" src=\"https:\/\/i0.wp.com\/politicosaldesnudo.com.mx\/wp-content\/uploads\/2023\/01\/P-IMSS-80ANOS-4-1024x573.png?resize=800%2C448&#038;ssl=1\" alt=\"\" width=\"800\" height=\"448\" srcset=\"https:\/\/i0.wp.com\/politicosaldesnudo.com.mx\/wp-content\/uploads\/2023\/01\/P-IMSS-80ANOS-4.png?resize=1024%2C573&amp;ssl=1 1024w, https:\/\/i0.wp.com\/politicosaldesnudo.com.mx\/wp-content\/uploads\/2023\/01\/P-IMSS-80ANOS-4.png?resize=300%2C168&amp;ssl=1 300w, https:\/\/i0.wp.com\/politicosaldesnudo.com.mx\/wp-content\/uploads\/2023\/01\/P-IMSS-80ANOS-4.png?resize=768%2C430&amp;ssl=1 768w, https:\/\/i0.wp.com\/politicosaldesnudo.com.mx\/wp-content\/uploads\/2023\/01\/P-IMSS-80ANOS-4.png?resize=1536%2C859&amp;ssl=1 1536w, https:\/\/i0.wp.com\/politicosaldesnudo.com.mx\/wp-content\/uploads\/2023\/01\/P-IMSS-80ANOS-4.png?w=1816&amp;ssl=1 1816w, https:\/\/i0.wp.com\/politicosaldesnudo.com.mx\/wp-content\/uploads\/2023\/01\/P-IMSS-80ANOS-4.png?w=1600&amp;ssl=1 1600w\" sizes=\"auto, (max-width: 800px) 100vw, 800px\" \/><\/p>\n<p>&nbsp;<\/p>\n<p class=\"p1\"><span style=\"font-size: 18pt;\"><strong>El director general del Instituto Mexicano del Seguro Social, Zo\u00e9 Robledo Aburto, indic\u00f3 que la instituci\u00f3n se consolida para hacer efectivo el acceso a la asistencia m\u00e9dica y a servicios que abonen al bienestar de la poblaci\u00f3n.<\/strong><\/span><\/p>\n<p>&nbsp;<\/p>\n<blockquote>\n<p class=\"p1\"><span style=\"font-size: 14pt;\">El IMSS est\u00e1 en su mejor edad, en la que se dejan de cumplir a\u00f1os y se empiezan a cumplir sue\u00f1os; uno en particular, la universalidad de la atenci\u00f3n m\u00e9dica oportuna y de calidad por el simple y glorioso hecho de nacer mexicana o mexicano\u201d<\/span><\/p>\n<\/blockquote>\n<p>&nbsp;<\/p>\n<p class=\"p1\"><span style=\"font-size: 18pt;\"><strong>El representante de la Confederaci\u00f3n de Trabajadores de M\u00e9xico y consejero propietario del sector obrero del H. Consejo T\u00e9cnico del IMSS, Jos\u00e9 Luis Carazo Preciado, afirm\u00f3 que continuar\u00e1n los convenios tripartitos a favor de los derechohabientes, superando retos y bajo el principio de la solidaridad social.<\/strong><\/span><\/p>\n<p class=\"p1\"><span style=\"font-size: 14pt;\">El presidente de la Confederaci\u00f3n de C\u00e1maras Nacionales de Comercio, Servicios y Turismo de los Estados Unidos Mexicanos (Concanaco-Servytur) y representante patronal ante el H. Consejo T\u00e9cnico del IMSS, H\u00e9ctor Tejada Shaar, se\u00f1al\u00f3 que la seguridad social contribuye a mejorar la calidad de vida de los trabajadores mediante prestaciones como acceso a guarder\u00edas, instalaciones deportivas, teatros, velatorios, entre otros.<\/span><\/p>\n<p>&nbsp;<\/p>\n<blockquote>\n<p class=\"p1\"><span style=\"font-size: 14pt;\">Desde la iniciativa privada continuamos tendiendo la mano para construir en los siguientes 80 a\u00f1os, unidos en acciones positivas, un IMSS con m\u00e1s innovaci\u00f3n, m\u00e1s inclusi\u00f3n y una alta calidad humana. Nuestro objetivo es seguir creciendo con el IMSS\u201d<\/span><\/p>\n<\/blockquote>\n<p>&nbsp;<\/p>\n<p>&nbsp;<\/p>\n<p>&nbsp;<\/p>\n<p>&nbsp;<\/p>\n","protected":false},"excerpt":{"rendered":"<p>&nbsp; CIUDAD DE M\u00c9XICO. El presidente Andr\u00e9s Manuel L\u00f3pez Obrador encabez\u00f3 la conmemoraci\u00f3n del 80 aniversario del Instituto Mexicano del<\/p>\n","protected":false},"author":4,"featured_media":15261,"comment_status":"closed","ping_status":"closed","sticky":false,"template":"","format":"standard","meta":{"colormag_page_container_layout":"default_layout","colormag_page_sidebar_layout":"default_layout","_jetpack_memberships_contains_paid_content":false,"footnotes":"","jetpack_publicize_message":"","jetpack_publicize_feature_enabled":true,"jetpack_social_post_already_shared":false,"jetpack_social_options":{"image_generator_settings":{"template":"highway","default_image_id":0,"font":"","enabled":false},"version":2}},"categories":[33],"tags":[2117,95,378,42,585,2118,606],"class_list":["post-15260","post","type-post","status-publish","format-standard","has-post-thumbnail","hentry","category-nacional","tag-80-anos","tag-andres-manuel-lopez-obrador","tag-imss","tag-mexico","tag-salud","tag-seguro-social","tag-zoe-robledo"],"jetpack_publicize_connections":[],"jetpack_featured_media_url":"https:\/\/i0.wp.com\/politicosaldesnudo.com.mx\/wp-content\/uploads\/2023\/01\/P-IMSS-80ANOS-1.png?fit=1816%2C1016&ssl=1","jetpack-related-posts":[],"jetpack_sharing_enabled":true,"_links":{"self":[{"href":"https:\/\/politicosaldesnudo.com.mx\/index.php\/wp-json\/wp\/v2\/posts\/15260","targetHints":{"allow":["GET"]}}],"collection":[{"href":"https:\/\/politicosaldesnudo.com.mx\/index.php\/wp-json\/wp\/v2\/posts"}],"about":[{"href":"https:\/\/politicosaldesnudo.com.mx\/index.php\/wp-json\/wp\/v2\/types\/post"}],"author":[{"embeddable":true,"href":"https:\/\/politicosaldesnudo.com.mx\/index.php\/wp-json\/wp\/v2\/users\/4"}],"replies":[{"embeddable":true,"href":"https:\/\/politicosaldesnudo.com.mx\/index.php\/wp-json\/wp\/v2\/comments?post=15260"}],"version-history":[{"count":0,"href":"https:\/\/politicosaldesnudo.com.mx\/index.php\/wp-json\/wp\/v2\/posts\/15260\/revisions"}],"wp:featuredmedia":[{"embeddable":true,"href":"https:\/\/politicosaldesnudo.com.mx\/index.php\/wp-json\/wp\/v2\/media\/15261"}],"wp:attachment":[{"href":"https:\/\/politicosaldesnudo.com.mx\/index.php\/wp-json\/wp\/v2\/media?parent=15260"}],"wp:term":[{"taxonomy":"category","embeddable":true,"href":"https:\/\/politicosaldesnudo.com.mx\/index.php\/wp-json\/wp\/v2\/categories?post=15260"},{"taxonomy":"post_tag","embeddable":true,"href":"https:\/\/politicosaldesnudo.com.mx\/index.php\/wp-json\/wp\/v2\/tags?post=15260"}],"curies":[{"name":"wp","href":"https:\/\/api.w.org\/{rel}","templated":true}]}}