{"id":15269,"date":"2023-01-20T05:00:35","date_gmt":"2023-01-20T11:00:35","guid":{"rendered":"https:\/\/politicosaldesnudo.com.mx\/?p=15269"},"modified":"2023-01-24T07:22:11","modified_gmt":"2023-01-24T13:22:11","slug":"cuatro-anos-sin-medicamentos","status":"publish","type":"post","link":"https:\/\/politicosaldesnudo.com.mx\/index.php\/2023\/01\/20\/cuatro-anos-sin-medicamentos\/","title":{"rendered":"Cuatro a\u00f1os sin medicamentos"},"content":{"rendered":"<p>&nbsp;<\/p>\n<p class=\"p1\"><span style=\"font-size: 18pt;\"><strong>Por M\u00f3nica Camarena Crespo<\/strong><\/span><\/p>\n<p class=\"p1\"><span style=\"font-size: 14pt;\">El presidente confirm\u00f3 ayer que en los primeros cuatro a\u00f1os de su gobierno hubo desabasto de medicamentos. Como si fuese un anuncio para recibir aplausos, AMLO asegur\u00f3 en enero del 2023 que ya se resolvi\u00f3 el desabasto de medicamentos en el IMSS y que est\u00e1n garantizados hasta el 2024.<\/span><\/p>\n<p class=\"p1\"><span style=\"font-size: 14pt;\">C\u00f3mo es su costumbre, ech\u00f3 la culpa del desabasto a la corrupci\u00f3n y a oscuros intereses, no a que su gobierno oper\u00f3 fast track la cancelaci\u00f3n de contratos a empresas que abastec\u00edan con regularidad en el pa\u00eds.<\/span><\/p>\n<p class=\"p1\"><span style=\"font-size: 14pt;\">Tampoco acept\u00f3 la desorganizaci\u00f3n y falta de seriedad para nombrar funcionarios preparados y competentes que pudieran resolver la escasez de medicamentos.<\/span><\/p>\n<p class=\"p1\"><span style=\"font-size: 14pt;\">Se le olvid\u00f3 que miles de padres de familia han venido exigiendo, hasta con manifestaciones, medicamentos para ni\u00f1os con c\u00e1ncer, los cuales escasearon desde el inicio del actual gobierno federal.<\/span><\/p>\n<p class=\"p1\"><span style=\"font-size: 14pt;\">Hizo a un lado las tr\u00e1gicas cifras durante la pandemia de Covid 19, cuando los hospitales fueron rebasados por el n\u00famero de tanques de ox\u00edgeno, que no pudieron abastecer, motivo por el cual miles murieron apenas eran ingresados.<\/span><\/p>\n<p class=\"p1\"><span style=\"font-size: 14pt;\">El presidente sin empacho, se atreve a hablar de abasto de medicamentos despu\u00e9s de cuatro a\u00f1os de un infierno para miles de familias que anduvieron mendigando para salvar la vida de sus cercanos.<\/span><\/p>\n<p class=\"p1\"><span style=\"font-size: 14pt;\">La desfachatez es enorme, si revisamos lo que dijo AMLO ayer\u00a0\u201cVamos avanzando, superando obst\u00e1culos, ya resolvimos el problema del abasto de medicamentos, ya puedo informar que tenemos medicamento adquiridos para este a\u00f1o y para el 2024, que era un problema complejo y adem\u00e1s con muchos intereses, muy afectado por la corrupci\u00f3n y eso ya lo hemos resuelto\u201d.<\/span><\/p>\n<p class=\"p1\"><span style=\"font-size: 14pt;\">L\u00f3pez Obrador sin pudor, dijo tambi\u00e9n que se est\u00e1n mejorando la infraestructura y equipo de hospitales, centros de salud rurales \u201ccomo nunca se hab\u00eda hecho\u201d.<\/span><\/p>\n<p class=\"p1\"><span style=\"font-size: 14pt;\">Pero qu\u00e9 podemos esperar de un presidente que apenas en diciembre pasado, desde el foro de las mentiras llamadas \u201cma\u00f1aneras\u201d insisti\u00f3\u00a0\u201cVamos a tener un sistema de salud p\u00fablica como el de\u00a0Dinamarca, en donde la atenci\u00f3n m\u00e9dica, los medicamentos son gratuitos. En Dinamarca tienen pol\u00edticas que eran completamente inalcanzables en M\u00e9xico, porque no hay corrupci\u00f3n, como lo que hab\u00eda en M\u00e9xico\u201d. Sin palabras.<\/span><\/p>\n<p>&nbsp;<\/p>\n<p class=\"p1\"><span style=\"font-size: 18pt; color: #139eca;\"><strong>\u00c1GORA<\/strong><\/span><\/p>\n<p class=\"p1\"><span style=\"font-size: 14pt;\">Si le \u201crascamos\u201d a los plagios de tesis, no solo la ministra pirata caer\u00e1, ser\u00e1n cientos o miles en M\u00e9xico, hay que echar ojo a la tesis del que tard\u00f3 14 a\u00f1os en titularse.<\/span><\/p>\n<p>&nbsp;<\/p>\n<hr \/>\n<p>&nbsp;<\/p>\n<p class=\"p1\"><span style=\"font-size: 18pt;\"><strong>Correo: <a href=\"mailto:parquejuarezweb@yahoo.com.mx\">parquejuarezweb@yahoo.com.mx<\/a><\/strong><\/span><\/p>\n<p class=\"p1\"><span style=\"font-size: 18pt;\"><strong>Twitter: <a href=\"http:\/\/www.twitter.com\/monicamarena\">@monicamarena<\/a><\/strong><\/span><\/p>\n<p>&nbsp;<\/p>\n<p><img data-recalc-dims=\"1\" loading=\"lazy\" decoding=\"async\" class=\"wp-image-14351 aligncenter\" src=\"https:\/\/i0.wp.com\/politicosaldesnudo.com.mx\/wp-content\/uploads\/2023\/01\/FIRMA-EDITORIAL-PD-300x37.png?resize=800%2C98&#038;ssl=1\" alt=\"\" width=\"800\" height=\"98\" srcset=\"https:\/\/i0.wp.com\/politicosaldesnudo.com.mx\/wp-content\/uploads\/2023\/01\/FIRMA-EDITORIAL-PD.png?resize=300%2C37&amp;ssl=1 300w, https:\/\/i0.wp.com\/politicosaldesnudo.com.mx\/wp-content\/uploads\/2023\/01\/FIRMA-EDITORIAL-PD.png?resize=1024%2C125&amp;ssl=1 1024w, https:\/\/i0.wp.com\/politicosaldesnudo.com.mx\/wp-content\/uploads\/2023\/01\/FIRMA-EDITORIAL-PD.png?resize=768%2C94&amp;ssl=1 768w, https:\/\/i0.wp.com\/politicosaldesnudo.com.mx\/wp-content\/uploads\/2023\/01\/FIRMA-EDITORIAL-PD.png?resize=1536%2C188&amp;ssl=1 1536w, https:\/\/i0.wp.com\/politicosaldesnudo.com.mx\/wp-content\/uploads\/2023\/01\/FIRMA-EDITORIAL-PD.png?resize=2048%2C250&amp;ssl=1 2048w, https:\/\/i0.wp.com\/politicosaldesnudo.com.mx\/wp-content\/uploads\/2023\/01\/FIRMA-EDITORIAL-PD.png?w=1600&amp;ssl=1 1600w, https:\/\/i0.wp.com\/politicosaldesnudo.com.mx\/wp-content\/uploads\/2023\/01\/FIRMA-EDITORIAL-PD.png?w=2400&amp;ssl=1 2400w\" sizes=\"auto, (max-width: 800px) 100vw, 800px\" \/><\/p>\n<p>&nbsp;<\/p>\n<p>&nbsp;<\/p>\n<p>&nbsp;<\/p>\n<p>&nbsp;<\/p>\n<p>&nbsp;<\/p>\n<p>&nbsp;<\/p>\n<p>&nbsp;<\/p>\n","protected":false},"excerpt":{"rendered":"<p>&nbsp; Por M\u00f3nica Camarena Crespo El presidente confirm\u00f3 ayer que en los primeros cuatro a\u00f1os de su gobierno hubo desabasto<\/p>\n","protected":false},"author":4,"featured_media":4080,"comment_status":"closed","ping_status":"closed","sticky":false,"template":"","format":"standard","meta":{"colormag_page_container_layout":"default_layout","colormag_page_sidebar_layout":"default_layout","_jetpack_memberships_contains_paid_content":false,"footnotes":"","jetpack_publicize_message":"","jetpack_publicize_feature_enabled":true,"jetpack_social_post_already_shared":false,"jetpack_social_options":{"image_generator_settings":{"template":"highway","default_image_id":0,"font":"","enabled":false},"version":2}},"categories":[26],"tags":[],"class_list":["post-15269","post","type-post","status-publish","format-standard","has-post-thumbnail","hentry","category-columnistas"],"jetpack_publicize_connections":[],"jetpack_featured_media_url":"https:\/\/i0.wp.com\/politicosaldesnudo.com.mx\/wp-content\/uploads\/2022\/04\/MO%CC%81NICA-CAMARENA-CRESPO1.png?fit=1816%2C1016&ssl=1","jetpack-related-posts":[],"jetpack_sharing_enabled":true,"_links":{"self":[{"href":"https:\/\/politicosaldesnudo.com.mx\/index.php\/wp-json\/wp\/v2\/posts\/15269","targetHints":{"allow":["GET"]}}],"collection":[{"href":"https:\/\/politicosaldesnudo.com.mx\/index.php\/wp-json\/wp\/v2\/posts"}],"about":[{"href":"https:\/\/politicosaldesnudo.com.mx\/index.php\/wp-json\/wp\/v2\/types\/post"}],"author":[{"embeddable":true,"href":"https:\/\/politicosaldesnudo.com.mx\/index.php\/wp-json\/wp\/v2\/users\/4"}],"replies":[{"embeddable":true,"href":"https:\/\/politicosaldesnudo.com.mx\/index.php\/wp-json\/wp\/v2\/comments?post=15269"}],"version-history":[{"count":0,"href":"https:\/\/politicosaldesnudo.com.mx\/index.php\/wp-json\/wp\/v2\/posts\/15269\/revisions"}],"wp:featuredmedia":[{"embeddable":true,"href":"https:\/\/politicosaldesnudo.com.mx\/index.php\/wp-json\/wp\/v2\/media\/4080"}],"wp:attachment":[{"href":"https:\/\/politicosaldesnudo.com.mx\/index.php\/wp-json\/wp\/v2\/media?parent=15269"}],"wp:term":[{"taxonomy":"category","embeddable":true,"href":"https:\/\/politicosaldesnudo.com.mx\/index.php\/wp-json\/wp\/v2\/categories?post=15269"},{"taxonomy":"post_tag","embeddable":true,"href":"https:\/\/politicosaldesnudo.com.mx\/index.php\/wp-json\/wp\/v2\/tags?post=15269"}],"curies":[{"name":"wp","href":"https:\/\/api.w.org\/{rel}","templated":true}]}}