{"id":15272,"date":"2023-01-20T05:30:42","date_gmt":"2023-01-20T11:30:42","guid":{"rendered":"https:\/\/politicosaldesnudo.com.mx\/?p=15272"},"modified":"2023-01-24T07:09:59","modified_gmt":"2023-01-24T13:09:59","slug":"legado-de-destruccion","status":"publish","type":"post","link":"https:\/\/politicosaldesnudo.com.mx\/index.php\/2023\/01\/20\/legado-de-destruccion\/","title":{"rendered":"Legado de destrucci\u00f3n\u00a0"},"content":{"rendered":"<p>&nbsp;<\/p>\n<p class=\"p1\"><span style=\"font-size: 18pt;\"><strong>Por Aurelio Contreras Moreno<\/strong><\/span><\/p>\n<p class=\"p1\"><span style=\"font-size: 14pt;\">Contra lo muy poco \u2013siendo generosos- que se ha construido en los cuatro a\u00f1os del r\u00e9gimen de la autoproclamada \u201ccuarta transformaci\u00f3n\u201d, cobra una dimensi\u00f3n enorme todo aquello que se ha destruido y lo que se busca todav\u00eda destruir en los dos a\u00f1os restantes del sexenio.<\/span><\/p>\n<p class=\"p1\"><span style=\"font-size: 14pt;\">Quiz\u00e1s lo m\u00e1s grave que el lopezobradorismo ha demolido, junto con las instituciones y programas de salud y educaci\u00f3n que desapareci\u00f3 para quedarse con sus recursos, es la percepci\u00f3n sobre la importancia del respeto a la legalidad.<\/span><\/p>\n<p class=\"p1\"><span style=\"font-size: 14pt;\">Los gobiernos y pol\u00edticos de la \u201c4t\u201d, empezando por el propio presidente Andr\u00e9s Manuel L\u00f3pez Obrador, son un ejemplo de c\u00f3mo ignorar de la manera m\u00e1s bizarra las normas, con un cinismo que asquea.<\/span><\/p>\n<p class=\"p1\"><span style=\"font-size: 14pt;\">El caso del documentado plagio de la tesis de licenciatura de la ministra Yasm\u00edn Esquivel Mossa sintetiza lo que ha representado este sexenio para el mantenimiento de los m\u00ednimos est\u00e1ndares que permitan hablar de un Estado de Derecho: el vac\u00edo, la burla.<\/span><\/p>\n<p class=\"p1\"><span style=\"font-size: 14pt;\">Lo que en cualquier otro pa\u00eds con una pizca de valores democr\u00e1ticos \u2013y verg\u00fcenza- hubiese significado una renuncia autom\u00e1tica, asombrosamente en M\u00e9xico es un circo del absurdo: por un lado, una ministra y abogada espuria que se aferra a un cargo para el que no tiene merecimientos ni credenciales acad\u00e9micas ni \u00e9ticas; y por el otro, instituciones a las que les tiembla la mano para aplicar la ley, anular su t\u00edtulo fraudulento y destituirla, aterrados ante la previsible reacci\u00f3n autoritaria del r\u00e9gimen que la coloc\u00f3 en la Corte no para impartir justicia, sino para defender sus intereses.<\/span><\/p>\n<p class=\"p1\"><span style=\"font-size: 14pt;\">Cada minuto m\u00e1s que pasa Yasm\u00edn Esquivel como ministra del m\u00e1ximo tribunal del pa\u00eds significa un mayor y m\u00e1s grave socavamiento de la confianza y el prestigio de la Suprema Corte de Justicia de la Naci\u00f3n y de la Universidad Nacional Aut\u00f3noma de M\u00e9xico, lo que tiene un impacto directo en ambas instituciones, pilares una de la ley y la defensa de la constitucionalidad, y la otra de la educaci\u00f3n superior del pa\u00eds.<span class=\"Apple-converted-space\">\u00a0<\/span><\/span><\/p>\n<p class=\"p1\"><span style=\"font-size: 14pt;\">De ese tama\u00f1o es el da\u00f1o que se causa al pa\u00eds solo con este caso, pero que a los pandilleros que gobiernan les tiene sin cuidado. \u201cNo me vengan con eso de que la ley es la ley\u201d es la frase de L\u00f3pez Obrador que resume a la perfecci\u00f3n lo que sucede.<\/span><\/p>\n<p class=\"p1\"><span style=\"font-size: 14pt;\">Pero no es lo \u00fanico. El desv\u00edo de los recursos gubernamentales para hacer pol\u00edtica partidista ha elevado la impudicia y el descaro a una nueva dimensi\u00f3n, en la que ya ni siquiera importa guardar las formas, como qued\u00f3 de manifiesto con la reuni\u00f3n a la que convoc\u00f3 el pasado fin de semana el secretario de Gobernaci\u00f3n Ad\u00e1n Augusto L\u00f3pez Hern\u00e1ndez \u2013quien a su vez est\u00e1 en campa\u00f1a proselitista por todo el territorio nacional- a los gobernadores y dirigentes de Morena, para pedirles que intervengan y operen en los procesos electorales en puerta. Solo que lo hizo en las instalaciones de la dependencia que encabeza, no en las de su partido.<\/span><\/p>\n<p class=\"p1\"><span style=\"font-size: 14pt;\">No es que en los reg\u00edmenes anteriores no se llevaran a cabo pr\u00e1cticas similares, desde luego. Solo que sab\u00edan la importancia de no dar motivos para una impugnaci\u00f3n jur\u00eddica que pudiese desembocar en la anulaci\u00f3n de una candidatura o una elecci\u00f3n, sobre todo a partir de que en 1997 se quebr\u00f3 el r\u00e9gimen de partido hegem\u00f3nico que el neopriismo morenista busca restaurar.<\/span><\/p>\n<p class=\"p1\"><span style=\"font-size: 14pt;\">Ahora ni siquiera les importa exhibirse como unos cr\u00e1pulas que se burlan de la ley, pues para ello tienen a ministros como Yasm\u00edn Esquivel en la Corte o al \u201cmagistrado billetes\u201d en el Tribunal Electoral. Y para eso es precisamente la embestida del r\u00e9gimen contra las instituciones electorales: para debilitarlas, cooptarlas y reducirlas a oficial\u00edas de partes del gobierno. Como en los tiempos de Manuel Bartlett y la \u201cca\u00edda del sistema\u201d.<\/span><\/p>\n<p class=\"p1\"><span style=\"font-size: 14pt;\">Hoy, el sistema democr\u00e1tico construido durante las \u00faltimas tres d\u00e9cadas en el pa\u00eds -que con todo y sus fallas y carencias garantiz\u00f3 tres alternancias partidistas en la Presidencia de la Rep\u00fablica y cientos m\u00e1s a nivel estatal y municipal, tras 70 a\u00f1os ininterrumpidos de un solo partido en el poder- se est\u00e1 cayendo a pedazos gracias a un r\u00e9gimen que apunta al fracaso hist\u00f3rico y cuyo \u00fanico legado para M\u00e9xico ser\u00e1 el de la destrucci\u00f3n del Estado de Derecho y de las instituciones que costaron la sangre y la vida de miles de mexicanos.<\/span><\/p>\n<p class=\"p1\"><span style=\"font-size: 14pt;\">Incluida la de verdaderos militantes de la izquierda democr\u00e1tica, que repugnar\u00edan en lo que terminaron sus \u201ccompa\u00f1eros de lucha\u201d.<\/span><\/p>\n<p>&nbsp;<\/p>\n<p class=\"p1\"><span style=\"font-size: 18pt; color: #139eca;\"><b>DESACATO<\/b><\/span><\/p>\n<p class=\"p1\"><span style=\"font-size: 14pt;\">En Veracruz andamos en las mismas. Como si nada, en contubernio los tres poderes del estado desacatan un amparo de la Corte y mantienen secuestrado el Tribunal Estatal de Justicia Administrativa.<\/span><\/p>\n<p class=\"p1\"><span style=\"font-size: 14pt;\">El propio Cuitl\u00e1huac Garc\u00eda admiti\u00f3 hace una semana el desacato a la orden de detener el nombramiento de nuevos magistrados: \u201cel Tribunal est\u00e1 trabajando. Recuerden que el amparo no detuvo los trabajos del Tribunal\u201d.<\/span><\/p>\n<p class=\"p1\"><span style=\"font-size: 14pt;\">-\u00bfCon los nuevos magistrados?- le cuestionaron.<\/span><\/p>\n<p class=\"p1\"><span style=\"font-size: 14pt;\">-Con los nuevos magistrados- acept\u00f3 Garc\u00eda Jim\u00e9nez.<\/span><\/p>\n<p class=\"p1\"><span style=\"font-size: 14pt;\">\u00a1Qu\u00e9 bendici\u00f3n!<\/span><\/p>\n<p>&nbsp;<\/p>\n<hr \/>\n<p>&nbsp;<\/p>\n<p class=\"p1\"><span style=\"font-size: 18pt;\"><strong>Correo: <a href=\"mailto:aureliocontreras@gmail.com\">aureliocontreras@gmail.com<\/a><\/strong><\/span><\/p>\n<p class=\"p1\"><span style=\"font-size: 18pt;\"><strong>Twitter: <a href=\"http:\/\/www.twitter.com\/yeyocontreras\">@yeyocontreras<\/a><\/strong><\/span><\/p>\n<p>&nbsp;<\/p>\n<p><img data-recalc-dims=\"1\" loading=\"lazy\" decoding=\"async\" class=\"aligncenter wp-image-14351\" src=\"https:\/\/i0.wp.com\/politicosaldesnudo.com.mx\/wp-content\/uploads\/2023\/01\/FIRMA-EDITORIAL-PD-300x37.png?resize=800%2C98&#038;ssl=1\" alt=\"\" width=\"800\" height=\"98\" srcset=\"https:\/\/i0.wp.com\/politicosaldesnudo.com.mx\/wp-content\/uploads\/2023\/01\/FIRMA-EDITORIAL-PD.png?resize=300%2C37&amp;ssl=1 300w, https:\/\/i0.wp.com\/politicosaldesnudo.com.mx\/wp-content\/uploads\/2023\/01\/FIRMA-EDITORIAL-PD.png?resize=1024%2C125&amp;ssl=1 1024w, https:\/\/i0.wp.com\/politicosaldesnudo.com.mx\/wp-content\/uploads\/2023\/01\/FIRMA-EDITORIAL-PD.png?resize=768%2C94&amp;ssl=1 768w, https:\/\/i0.wp.com\/politicosaldesnudo.com.mx\/wp-content\/uploads\/2023\/01\/FIRMA-EDITORIAL-PD.png?resize=1536%2C188&amp;ssl=1 1536w, https:\/\/i0.wp.com\/politicosaldesnudo.com.mx\/wp-content\/uploads\/2023\/01\/FIRMA-EDITORIAL-PD.png?resize=2048%2C250&amp;ssl=1 2048w, https:\/\/i0.wp.com\/politicosaldesnudo.com.mx\/wp-content\/uploads\/2023\/01\/FIRMA-EDITORIAL-PD.png?w=1600&amp;ssl=1 1600w, https:\/\/i0.wp.com\/politicosaldesnudo.com.mx\/wp-content\/uploads\/2023\/01\/FIRMA-EDITORIAL-PD.png?w=2400&amp;ssl=1 2400w\" sizes=\"auto, (max-width: 800px) 100vw, 800px\" \/><\/p>\n<p>&nbsp;<\/p>\n<p>&nbsp;<\/p>\n<p>&nbsp;<\/p>\n<p>&nbsp;<\/p>\n<p>&nbsp;<\/p>\n<p>&nbsp;<\/p>\n<p>&nbsp;<\/p>\n","protected":false},"excerpt":{"rendered":"<p>&nbsp; Por Aurelio Contreras Moreno Contra lo muy poco \u2013siendo generosos- que se ha construido en los cuatro a\u00f1os del<\/p>\n","protected":false},"author":4,"featured_media":4397,"comment_status":"closed","ping_status":"closed","sticky":false,"template":"","format":"standard","meta":{"colormag_page_container_layout":"default_layout","colormag_page_sidebar_layout":"default_layout","_jetpack_memberships_contains_paid_content":false,"footnotes":"","jetpack_publicize_message":"","jetpack_publicize_feature_enabled":true,"jetpack_social_post_already_shared":false,"jetpack_social_options":{"image_generator_settings":{"template":"highway","default_image_id":0,"font":"","enabled":false},"version":2}},"categories":[26],"tags":[],"class_list":["post-15272","post","type-post","status-publish","format-standard","has-post-thumbnail","hentry","category-columnistas"],"jetpack_publicize_connections":[],"jetpack_featured_media_url":"https:\/\/i0.wp.com\/politicosaldesnudo.com.mx\/wp-content\/uploads\/2022\/04\/AURELIO-CONTRERAS-MORENO-1.png?fit=1816%2C1016&ssl=1","jetpack-related-posts":[],"jetpack_sharing_enabled":true,"_links":{"self":[{"href":"https:\/\/politicosaldesnudo.com.mx\/index.php\/wp-json\/wp\/v2\/posts\/15272","targetHints":{"allow":["GET"]}}],"collection":[{"href":"https:\/\/politicosaldesnudo.com.mx\/index.php\/wp-json\/wp\/v2\/posts"}],"about":[{"href":"https:\/\/politicosaldesnudo.com.mx\/index.php\/wp-json\/wp\/v2\/types\/post"}],"author":[{"embeddable":true,"href":"https:\/\/politicosaldesnudo.com.mx\/index.php\/wp-json\/wp\/v2\/users\/4"}],"replies":[{"embeddable":true,"href":"https:\/\/politicosaldesnudo.com.mx\/index.php\/wp-json\/wp\/v2\/comments?post=15272"}],"version-history":[{"count":0,"href":"https:\/\/politicosaldesnudo.com.mx\/index.php\/wp-json\/wp\/v2\/posts\/15272\/revisions"}],"wp:featuredmedia":[{"embeddable":true,"href":"https:\/\/politicosaldesnudo.com.mx\/index.php\/wp-json\/wp\/v2\/media\/4397"}],"wp:attachment":[{"href":"https:\/\/politicosaldesnudo.com.mx\/index.php\/wp-json\/wp\/v2\/media?parent=15272"}],"wp:term":[{"taxonomy":"category","embeddable":true,"href":"https:\/\/politicosaldesnudo.com.mx\/index.php\/wp-json\/wp\/v2\/categories?post=15272"},{"taxonomy":"post_tag","embeddable":true,"href":"https:\/\/politicosaldesnudo.com.mx\/index.php\/wp-json\/wp\/v2\/tags?post=15272"}],"curies":[{"name":"wp","href":"https:\/\/api.w.org\/{rel}","templated":true}]}}