{"id":15274,"date":"2023-01-20T05:45:04","date_gmt":"2023-01-20T11:45:04","guid":{"rendered":"https:\/\/politicosaldesnudo.com.mx\/?p=15274"},"modified":"2023-01-20T06:56:35","modified_gmt":"2023-01-20T12:56:35","slug":"quien-traiciona-a-rocio-nahle","status":"publish","type":"post","link":"https:\/\/politicosaldesnudo.com.mx\/index.php\/2023\/01\/20\/quien-traiciona-a-rocio-nahle\/","title":{"rendered":"\u00bfQui\u00e9n traiciona a Roc\u00edo Nahle?"},"content":{"rendered":"<p>&nbsp;<\/p>\n<p class=\"p1\"><span style=\"font-size: 18pt;\"><strong>Por Luis Ram\u00edrez Baqueiro<\/strong><\/span><\/p>\n<p>&nbsp;<\/p>\n<p class=\"p1\" style=\"text-align: center;\"><em><span style=\"font-size: 18pt;\"><strong>\u201cLa traici\u00f3n, aun so\u00f1ada, es detestable\u201d <\/strong><\/span><\/em><\/p>\n<p class=\"p1\" style=\"text-align: center;\"><span style=\"font-size: 18pt;\">\u2013 F\u00e9lix Mar\u00eda de Samaniego \u2013 <\/span><\/p>\n<p>&nbsp;<\/p>\n<p class=\"p1\"><span style=\"font-size: 14pt;\">Roc\u00edo Nahle Garc\u00eda, actual secretaria de Energ\u00eda, senadora con licencia es la favorita en las\u00a0encuestas por la gubernatura de Veracruz.<\/span><\/p>\n<p class=\"p1\"><span style=\"font-size: 14pt;\">Todos los estudios demosc\u00f3picos levantados en fechas recientes la colocan a la cabeza de las preferencias electorales, pero a pesar de ello, algo pasa en la entidad, especialmente entre los integrantes de la actual administraci\u00f3n estatal que desde diciembre de 2022 ha comenzado a deslindarse de ella.<\/span><\/p>\n<p class=\"p1\"><span style=\"font-size: 14pt;\">El pacto sostenido con la administraci\u00f3n de Cuitl\u00e1huac Garc\u00eda Jim\u00e9nez parece que hubiera sufrido un\u00a0impasse\u00a0respecto al futuro sucesorio del 2024.<\/span><\/p>\n<p class=\"p1\"><span style=\"font-size: 14pt;\">Poco a poco, los funcionarios estatales han comenzado a recibir instrucciones para ir deslindandose de la puntera en las encuestas, las razones flotan en el aire, pero apuntan a un par de hechos que habr\u00edan distanciado el compromiso original del grupo en el poder.<\/span><\/p>\n<p class=\"p1\"><span style=\"font-size: 14pt;\">Por principio de cuentas una fuente bien enterada del tema se\u00f1ala que, desde hace ya varias semanas, la presencia semanal del gobernador Cuitl\u00e1huac Garc\u00eda Jim\u00e9nez y del secretario de Gobierno, Eric Patrocinio Cisneros Burgos en Palacio Nacional se ha convertido en una constante.<\/span><\/p>\n<p class=\"p1\"><span style=\"font-size: 14pt;\">Las razones de sus recurrentes visitas -afirma la fuente- es entregar un informe pormenorizado sobre todos y cada uno de los movimientos, operaciones, acciones, acuerdos y dem\u00e1s acciones realizados por la propia Roc\u00edo Nahle Garc\u00eda.<\/span><\/p>\n<p class=\"p1\"><span style=\"font-size: 14pt;\">Adem\u00e1s, se afirma que las visitas se han convertido en una especie de ejercicio de denuncia y lamentaci\u00f3n constante respecto al proceder y actuar de la misma responsable de la construcci\u00f3n de la Refiner\u00eda de Dos Bocas, la intenci\u00f3n eliminar toda posibilidad de ser la candidata a suceder al actual mandatario estatal.<\/span><\/p>\n<p class=\"p1\"><span style=\"font-size: 14pt;\">La fuente se\u00f1ala que la raz\u00f3n principal del desencuentro con la senadora con licencia se habr\u00eda construido en base a no permitir que toda la estructura del cuitlahuismo encuentre espacio en su futuro gobierno, as\u00ed como neg\u00e1ndoles el acceso a las posibles candidaturas al Senado para ambos funcionarios.<\/span><\/p>\n<p class=\"p1\"><span style=\"font-size: 14pt;\">La otra raz\u00f3n ser\u00eda el garantizar el espacio para alguien del actual gobierno, que resultar\u00e1 m\u00e1s af\u00edn o m\u00e1s d\u00f3cil en cuanto al tema de respetar el acuerdo de salida para la actual administraci\u00f3n, ese que le brindar\u00eda total impunidad al mandatario saliente y a su gente.<\/span><\/p>\n<p class=\"p1\"><span style=\"font-size: 14pt;\">Se dice que el principal afectado ser\u00eda el responsable de la pol\u00edtica interior de Veracruz, quien habr\u00eda saltado en c\u00f3lera al momento de negarle el acceso a la candidatura al Senado.<\/span><\/p>\n<p class=\"p1\"><span style=\"font-size: 14pt;\">De igual modo, se sabe que en la intentona por obligar a condicionar el respaldo del Estado a la propia Nahle se habr\u00eda incrementado al no permitir que, a la secretar\u00eda de Gobierno, llegar\u00e1 en un futuro un personaje a modo, asegur\u00e1ndoles que esa posici\u00f3n ya estaba garantizada para el hoy alcalde de Coatzacoalcos, Amado Cruz Malpica.<\/span><\/p>\n<p class=\"p1\"><span style=\"font-size: 14pt;\">Resulta sumamente sospechoso que precisamente en esos municipios sure\u00f1os, bastiones pol\u00edticos de la ex diputada federal, hoy se tengan conflictos serios en las municipalidades, generando un clima de inestabilidad social.<\/span><\/p>\n<p class=\"p1\"><span style=\"font-size: 14pt;\">La realidad es que el \u00fanico que hasta ahora ha sostenido su respaldo a la secretaria de Energ\u00eda, ha sido el diputado local y presidente de la Junta de Coordinaci\u00f3n Pol\u00edtica (Jucopo), Juan Javier G\u00f3mez Cazar\u00edn, quien en la reciente visita del Secretario de Gobernaci\u00f3n, Ad\u00e1n Augusto L\u00f3pez Hern\u00e1ndez fue cuestionado de su presunta aspiraci\u00f3n por la gubernatura, a lo que el de Hueyapan de Ocampo precis\u00f3 mi coraz\u00f3n est\u00e1 con Roc\u00edo Nahle para el 2024 en Veracruz, cerrando la puerta a las especulaciones.<\/span><\/p>\n<p class=\"p1\"><span style=\"font-size: 14pt;\">\u00bfQui\u00e9nes m\u00e1s dar\u00e1n la espalda al pacto con Nahle? Esa es la pregunta.<\/span><\/p>\n<p>&nbsp;<\/p>\n<p class=\"p1\"><span style=\"font-size: 18pt;\"><strong>Al tiempo.<\/strong><\/span><\/p>\n<p>&nbsp;<\/p>\n<hr \/>\n<p>&nbsp;<\/p>\n<p class=\"p1\"><span style=\"font-size: 18pt;\"><strong>Correo: <a href=\"mailto:astrolabiopoliticomx@gmail.com\">astrolabiopoliticomx@gmail.com<\/a><\/strong><\/span><\/p>\n<p class=\"p1\"><span style=\"font-size: 18pt;\"><strong>Twitter: <a href=\"http:\/\/www.twitter.com\/LuisBaqueiro_mx\">@LuisBaqueiro_mx<\/a><\/strong><\/span><\/p>\n<p>&nbsp;<\/p>\n<p><img data-recalc-dims=\"1\" loading=\"lazy\" decoding=\"async\" class=\"aligncenter wp-image-14351\" src=\"https:\/\/i0.wp.com\/politicosaldesnudo.com.mx\/wp-content\/uploads\/2023\/01\/FIRMA-EDITORIAL-PD-300x37.png?resize=800%2C98&#038;ssl=1\" alt=\"\" width=\"800\" height=\"98\" srcset=\"https:\/\/i0.wp.com\/politicosaldesnudo.com.mx\/wp-content\/uploads\/2023\/01\/FIRMA-EDITORIAL-PD.png?resize=300%2C37&amp;ssl=1 300w, https:\/\/i0.wp.com\/politicosaldesnudo.com.mx\/wp-content\/uploads\/2023\/01\/FIRMA-EDITORIAL-PD.png?resize=1024%2C125&amp;ssl=1 1024w, https:\/\/i0.wp.com\/politicosaldesnudo.com.mx\/wp-content\/uploads\/2023\/01\/FIRMA-EDITORIAL-PD.png?resize=768%2C94&amp;ssl=1 768w, https:\/\/i0.wp.com\/politicosaldesnudo.com.mx\/wp-content\/uploads\/2023\/01\/FIRMA-EDITORIAL-PD.png?resize=1536%2C188&amp;ssl=1 1536w, https:\/\/i0.wp.com\/politicosaldesnudo.com.mx\/wp-content\/uploads\/2023\/01\/FIRMA-EDITORIAL-PD.png?resize=2048%2C250&amp;ssl=1 2048w, https:\/\/i0.wp.com\/politicosaldesnudo.com.mx\/wp-content\/uploads\/2023\/01\/FIRMA-EDITORIAL-PD.png?w=1600&amp;ssl=1 1600w, https:\/\/i0.wp.com\/politicosaldesnudo.com.mx\/wp-content\/uploads\/2023\/01\/FIRMA-EDITORIAL-PD.png?w=2400&amp;ssl=1 2400w\" sizes=\"auto, (max-width: 800px) 100vw, 800px\" \/><\/p>\n<p>&nbsp;<\/p>\n<p>&nbsp;<\/p>\n<p>&nbsp;<\/p>\n<p class=\"p1\">\n","protected":false},"excerpt":{"rendered":"<p>&nbsp; Por Luis Ram\u00edrez Baqueiro &nbsp; \u201cLa traici\u00f3n, aun so\u00f1ada, es detestable\u201d \u2013 F\u00e9lix Mar\u00eda de Samaniego \u2013 &nbsp; Roc\u00edo<\/p>\n","protected":false},"author":4,"featured_media":4390,"comment_status":"closed","ping_status":"closed","sticky":false,"template":"","format":"standard","meta":{"colormag_page_container_layout":"default_layout","colormag_page_sidebar_layout":"default_layout","_jetpack_memberships_contains_paid_content":false,"footnotes":"","jetpack_publicize_message":"","jetpack_publicize_feature_enabled":true,"jetpack_social_post_already_shared":false,"jetpack_social_options":{"image_generator_settings":{"template":"highway","default_image_id":0,"font":"","enabled":false},"version":2}},"categories":[26],"tags":[],"class_list":["post-15274","post","type-post","status-publish","format-standard","has-post-thumbnail","hentry","category-columnistas"],"jetpack_publicize_connections":[],"jetpack_featured_media_url":"https:\/\/i0.wp.com\/politicosaldesnudo.com.mx\/wp-content\/uploads\/2022\/04\/LUIS-RAMI%CC%81REZ-BAQUEIRO.png?fit=1816%2C1016&ssl=1","jetpack-related-posts":[],"jetpack_sharing_enabled":true,"_links":{"self":[{"href":"https:\/\/politicosaldesnudo.com.mx\/index.php\/wp-json\/wp\/v2\/posts\/15274","targetHints":{"allow":["GET"]}}],"collection":[{"href":"https:\/\/politicosaldesnudo.com.mx\/index.php\/wp-json\/wp\/v2\/posts"}],"about":[{"href":"https:\/\/politicosaldesnudo.com.mx\/index.php\/wp-json\/wp\/v2\/types\/post"}],"author":[{"embeddable":true,"href":"https:\/\/politicosaldesnudo.com.mx\/index.php\/wp-json\/wp\/v2\/users\/4"}],"replies":[{"embeddable":true,"href":"https:\/\/politicosaldesnudo.com.mx\/index.php\/wp-json\/wp\/v2\/comments?post=15274"}],"version-history":[{"count":0,"href":"https:\/\/politicosaldesnudo.com.mx\/index.php\/wp-json\/wp\/v2\/posts\/15274\/revisions"}],"wp:featuredmedia":[{"embeddable":true,"href":"https:\/\/politicosaldesnudo.com.mx\/index.php\/wp-json\/wp\/v2\/media\/4390"}],"wp:attachment":[{"href":"https:\/\/politicosaldesnudo.com.mx\/index.php\/wp-json\/wp\/v2\/media?parent=15274"}],"wp:term":[{"taxonomy":"category","embeddable":true,"href":"https:\/\/politicosaldesnudo.com.mx\/index.php\/wp-json\/wp\/v2\/categories?post=15274"},{"taxonomy":"post_tag","embeddable":true,"href":"https:\/\/politicosaldesnudo.com.mx\/index.php\/wp-json\/wp\/v2\/tags?post=15274"}],"curies":[{"name":"wp","href":"https:\/\/api.w.org\/{rel}","templated":true}]}}