{"id":15279,"date":"2023-01-20T06:00:55","date_gmt":"2023-01-20T12:00:55","guid":{"rendered":"https:\/\/politicosaldesnudo.com.mx\/?p=15279"},"modified":"2023-01-20T11:33:31","modified_gmt":"2023-01-20T17:33:31","slug":"jovenes-construyendo","status":"publish","type":"post","link":"https:\/\/politicosaldesnudo.com.mx\/index.php\/2023\/01\/20\/jovenes-construyendo\/","title":{"rendered":"\u00a0J\u00f3venes Construyendo\u2026"},"content":{"rendered":"<p>&nbsp;<\/p>\n<p class=\"p1\" style=\"text-align: center;\"><span style=\"font-size: 18pt;\"><strong>&lt;&lt; En Veracruz suman ya m\u00e1s de 200 mil los beneficiados &gt;&gt;<\/strong><\/span><\/p>\n<p class=\"p1\" style=\"text-align: center;\"><span style=\"font-size: 18pt;\"><strong>&lt;&lt; El programa de capacitaci\u00f3n recibe 10 mil nuevos becarios &gt;&gt;<\/strong><\/span><\/p>\n<p class=\"p1\" style=\"text-align: center;\"><span style=\"font-size: 18pt;\"><strong>&lt;&lt; Se debe de transparentar la base de datos de los favorecidos &gt;&gt;<\/strong><\/span><\/p>\n<p>&nbsp;<\/p>\n<p class=\"p1\"><span style=\"font-size: 18pt;\"><strong>Por Miguel \u00c1ngel Cristiani Gonz\u00e1lez<\/strong><\/span><\/p>\n<p class=\"p1\"><span style=\"font-size: 14pt;\">Ser\u00eda muy bueno, que as\u00ed como se dieron a conocer recientemente las cifras sobre el programa de J\u00f3venes Construyendo el Futuro, que seg\u00fan las autoridades responsables, suman ya m\u00e1s de 200 mil los beneficiados, que tambi\u00e9n se difundieran o transparentara el padr\u00f3n de los mismos, por aquello de que no solo son los j\u00f3venes sino que son familias enteras.<\/span><\/p>\n<p class=\"p1\"><span style=\"font-size: 14pt;\">Seg\u00fan nuestras autoridades federales y estatales, el programa de capacitaci\u00f3n recibe 10 mil nuevos becarios y cada bimestre habr\u00e1 registro.<\/span><\/p>\n<p class=\"p1\"><span style=\"font-size: 14pt;\">Aunque la experiencia propia de nosotros en Bit\u00e1cora Pol\u00edtica, tenemos ya m\u00e1s de tres a\u00f1os intentando recibir al menos a dos j\u00f3venes, pero resulta pr\u00e1cticamente una misi\u00f3n imposible lograrlo.<\/span><\/p>\n<p class=\"p1\"><span style=\"font-size: 14pt;\">No solo por los requisitos que se tienen que cumplir, sino porque luego por la burocracia excesiva, no se puede llegar a concluir el tr\u00e1mite.<\/span><\/p>\n<p class=\"p1\"><span style=\"font-size: 14pt;\">Por eso es que cuando las autoridades presumen que al menos 217 mil becarios tuvieron la oportunidad de recibir capacitaci\u00f3n para el empleo en 2022, lo que signific\u00f3 una derrama de 7 mil millones de pesos en la entidad a trav\u00e9s de J\u00f3venes Construyendo el Futuro, que entre diciembre y enero atendi\u00f3 10 mil solicitudes m\u00e1s y este d\u00eda expidi\u00f3 las tarjetas de cobro a sus beneficiarios en la capital, como que tenemos muchas dudas al respecto.<\/span><\/p>\n<p class=\"p1\"><span style=\"font-size: 14pt;\">El superdelegado de Programas Federales, Manuel Huerta Ladr\u00f3n de Guevara, explic\u00f3 que a partir de este a\u00f1o la plataforma de registro ser\u00e1 abierta bimestralmente, sobre todo en las ciudades con mayor pobreza e incidencia delictiva, por lo cual en febrero habr\u00e1 nuevas inscripciones y en marzo otra entrega de tarjetas del Banco del Bienestar.<\/span><\/p>\n<p class=\"p1\"><span style=\"font-size: 14pt;\">Si bien es cierto que anteriormente miles de j\u00f3venes eran rechazados de la Universidad Veracruzana, principal instituci\u00f3n p\u00fablica en la entidad, ahora pese a los programas de apoyo, siguen quedando fuera miles de muchachos, para quienes la capacitaci\u00f3n directa en una empresa representa una oportunidad de encontrar un empleo.<\/span><\/p>\n<p class=\"p1\"><span style=\"font-size: 14pt;\">\u201cA partir de este enero los j\u00f3venes recibir\u00e1n en 2023 la cantidad de 6 mil 310 pesos mensuales; en 2022 eran 5 mil 150 pesos y anteriormente (en 2021) el pago era de 4 mil 800 pesos\u201d.<\/span><\/p>\n<p class=\"p1\"><span style=\"font-size: 14pt;\">El Programa J\u00f3venes Construyendo el Futuro es uno de los programas para el Bienestar que impulsa el Gobierno de M\u00e9xico; en el que se brinda a j\u00f3venes de entre 18 y 29 a\u00f1os que no estudian ni laboran, capacitaci\u00f3n hasta por 12 meses en Centros de Trabajo previamente registrados.<\/span><\/p>\n<p class=\"p1\"><span style=\"font-size: 14pt;\">Los j\u00f3venes son el futuro de nuestra naci\u00f3n. Est\u00e1n en la mejor posici\u00f3n para aprovechar las nuevas tecnolog\u00edas, las nuevas ideas y las nuevas formas de pensar, para construir un futuro mejor.\u00a0<\/span><\/p>\n<p class=\"p1\"><span style=\"font-size: 14pt;\">Sin embargo, para lograr este objetivo, los j\u00f3venes necesitan compartir sus conocimientos, habilidades y experiencias entre s\u00ed, para que puedan desarrollar mejor sus destrezas.\u00a0<\/span><\/p>\n<p class=\"p1\"><span style=\"font-size: 14pt;\">Los j\u00f3venes deben compartir de manera creativa sus ideas y proyectos con el fin de construir una mejor sociedad. Esto significa involucrarse en la toma de decisiones, desarrollar nuevas formas de trabajar juntos, establecer relaciones positivas con otros j\u00f3venes de todo el mundo, y establecer nuevas formas de colaborar en proyectos conjuntos.\u00a0<\/span><\/p>\n<p class=\"p1\"><span style=\"font-size: 14pt;\">Adem\u00e1s, los j\u00f3venes deben aprender a compartir los recursos disponibles, como el tiempo, los bienes materiales y la informaci\u00f3n, de modo que todos puedan tener el beneficio de su uso.<\/span><\/p>\n<p class=\"p1\"><span style=\"font-size: 14pt;\">Esto tambi\u00e9n significa que los j\u00f3venes deben trabajar juntos para lograr el bienestar com\u00fan, sea a trav\u00e9s de la educaci\u00f3n, el empleo o el desarrollo de nuevas tecnolog\u00edas. Por \u00faltimo, los j\u00f3venes deben compartir sus ideas y visiones para el futuro, y trabajar juntos para hacerlas realidad.\u00a0<\/span><\/p>\n<p class=\"p1\"><span style=\"font-size: 14pt;\">Esto significa que los j\u00f3venes deben entender que el futuro no pertenece a un solo individuo, sino que es un futuro que deben compartir entre s\u00ed, para construir un mejor ma\u00f1ana.<\/span><\/p>\n<p class=\"p1\"><span style=\"font-size: 14pt;\">Aunque desafortunadamente a\u00fan hay quienes no lo entienden as\u00ed.<\/span><\/p>\n<p>&nbsp;<\/p>\n<hr \/>\n<p>&nbsp;<\/p>\n<p class=\"p1\"><span style=\"font-size: 18pt;\"><strong>Cont\u00e1ctanos en nuestras redes sociales:<\/strong><\/span><\/p>\n<p class=\"p1\"><span style=\"font-size: 18pt;\"><strong><a href=\"https:\/\/www.canva.com\/design\/DAEN5B9DWgs\/ZCHd2Z8KueYjlg_d59Op3A\/view\">https:\/\/www.canva.com\/design\/DAEN5B9DWgs\/ZCHd2Z8KueYjlg_d59Op3A\/view<\/a><\/strong><\/span><\/p>\n<p>&nbsp;<\/p>\n<p><img data-recalc-dims=\"1\" loading=\"lazy\" decoding=\"async\" class=\"aligncenter wp-image-14351\" src=\"https:\/\/i0.wp.com\/politicosaldesnudo.com.mx\/wp-content\/uploads\/2023\/01\/FIRMA-EDITORIAL-PD-300x37.png?resize=800%2C98&#038;ssl=1\" alt=\"\" width=\"800\" height=\"98\" srcset=\"https:\/\/i0.wp.com\/politicosaldesnudo.com.mx\/wp-content\/uploads\/2023\/01\/FIRMA-EDITORIAL-PD.png?resize=300%2C37&amp;ssl=1 300w, https:\/\/i0.wp.com\/politicosaldesnudo.com.mx\/wp-content\/uploads\/2023\/01\/FIRMA-EDITORIAL-PD.png?resize=1024%2C125&amp;ssl=1 1024w, https:\/\/i0.wp.com\/politicosaldesnudo.com.mx\/wp-content\/uploads\/2023\/01\/FIRMA-EDITORIAL-PD.png?resize=768%2C94&amp;ssl=1 768w, https:\/\/i0.wp.com\/politicosaldesnudo.com.mx\/wp-content\/uploads\/2023\/01\/FIRMA-EDITORIAL-PD.png?resize=1536%2C188&amp;ssl=1 1536w, https:\/\/i0.wp.com\/politicosaldesnudo.com.mx\/wp-content\/uploads\/2023\/01\/FIRMA-EDITORIAL-PD.png?resize=2048%2C250&amp;ssl=1 2048w, https:\/\/i0.wp.com\/politicosaldesnudo.com.mx\/wp-content\/uploads\/2023\/01\/FIRMA-EDITORIAL-PD.png?w=1600&amp;ssl=1 1600w, https:\/\/i0.wp.com\/politicosaldesnudo.com.mx\/wp-content\/uploads\/2023\/01\/FIRMA-EDITORIAL-PD.png?w=2400&amp;ssl=1 2400w\" sizes=\"auto, (max-width: 800px) 100vw, 800px\" \/><\/p>\n<p>&nbsp;<\/p>\n<p>&nbsp;<\/p>\n<p>&nbsp;<\/p>\n<p>&nbsp;<\/p>\n","protected":false},"excerpt":{"rendered":"<p>&nbsp; &lt;&lt; En Veracruz suman ya m\u00e1s de 200 mil los beneficiados &gt;&gt; &lt;&lt; El programa de capacitaci\u00f3n recibe 10<\/p>\n","protected":false},"author":4,"featured_media":3789,"comment_status":"closed","ping_status":"closed","sticky":false,"template":"","format":"standard","meta":{"colormag_page_container_layout":"default_layout","colormag_page_sidebar_layout":"default_layout","_jetpack_memberships_contains_paid_content":false,"footnotes":"","jetpack_publicize_message":"","jetpack_publicize_feature_enabled":true,"jetpack_social_post_already_shared":false,"jetpack_social_options":{"image_generator_settings":{"template":"highway","default_image_id":0,"font":"","enabled":false},"version":2}},"categories":[26],"tags":[],"class_list":["post-15279","post","type-post","status-publish","format-standard","has-post-thumbnail","hentry","category-columnistas"],"jetpack_publicize_connections":[],"jetpack_featured_media_url":"https:\/\/i0.wp.com\/politicosaldesnudo.com.mx\/wp-content\/uploads\/2022\/04\/CRISTIANI.png?fit=1816%2C1016&ssl=1","jetpack-related-posts":[],"jetpack_sharing_enabled":true,"_links":{"self":[{"href":"https:\/\/politicosaldesnudo.com.mx\/index.php\/wp-json\/wp\/v2\/posts\/15279","targetHints":{"allow":["GET"]}}],"collection":[{"href":"https:\/\/politicosaldesnudo.com.mx\/index.php\/wp-json\/wp\/v2\/posts"}],"about":[{"href":"https:\/\/politicosaldesnudo.com.mx\/index.php\/wp-json\/wp\/v2\/types\/post"}],"author":[{"embeddable":true,"href":"https:\/\/politicosaldesnudo.com.mx\/index.php\/wp-json\/wp\/v2\/users\/4"}],"replies":[{"embeddable":true,"href":"https:\/\/politicosaldesnudo.com.mx\/index.php\/wp-json\/wp\/v2\/comments?post=15279"}],"version-history":[{"count":0,"href":"https:\/\/politicosaldesnudo.com.mx\/index.php\/wp-json\/wp\/v2\/posts\/15279\/revisions"}],"wp:featuredmedia":[{"embeddable":true,"href":"https:\/\/politicosaldesnudo.com.mx\/index.php\/wp-json\/wp\/v2\/media\/3789"}],"wp:attachment":[{"href":"https:\/\/politicosaldesnudo.com.mx\/index.php\/wp-json\/wp\/v2\/media?parent=15279"}],"wp:term":[{"taxonomy":"category","embeddable":true,"href":"https:\/\/politicosaldesnudo.com.mx\/index.php\/wp-json\/wp\/v2\/categories?post=15279"},{"taxonomy":"post_tag","embeddable":true,"href":"https:\/\/politicosaldesnudo.com.mx\/index.php\/wp-json\/wp\/v2\/tags?post=15279"}],"curies":[{"name":"wp","href":"https:\/\/api.w.org\/{rel}","templated":true}]}}