{"id":15320,"date":"2023-01-23T00:10:49","date_gmt":"2023-01-23T06:10:49","guid":{"rendered":"https:\/\/politicosaldesnudo.com.mx\/?p=15320"},"modified":"2023-01-23T00:10:55","modified_gmt":"2023-01-23T06:10:55","slug":"arde-veracruz","status":"publish","type":"post","link":"https:\/\/politicosaldesnudo.com.mx\/index.php\/2023\/01\/23\/arde-veracruz\/","title":{"rendered":"\u00a1Arde Veracruz!"},"content":{"rendered":"<p>&nbsp;<\/p>\n<p class=\"p1\"><span style=\"font-size: 18pt;\"><b>Por Luis Ram\u00edrez Baqueiro<\/b><\/span><\/p>\n<p>&nbsp;<\/p>\n<p>&nbsp;<\/p>\n<p class=\"p1\" style=\"text-align: center;\"><em><span style=\"font-size: 18pt;\"><strong>\u201cDespu\u00e9s de un fracaso, los planes mejor elaborados parecen absurdos\u201d<\/strong><\/span><\/em><\/p>\n<p class=\"p1\" style=\"text-align: center;\"><span style=\"font-size: 18pt;\"><span class=\"Apple-converted-space\">\u00a0<\/span>\u2013\u00a0Fedor Dostoievski \u2013\u00a0<\/span><\/p>\n<p>&nbsp;<\/p>\n<p class=\"p1\"><span style=\"font-size: 14pt;\">El asesinato de 6 personas, entre ella dos menores de edad en el puerto de Veracruz vuelve nuevamente a evidenciar que la paz y el orden social est\u00e1n trastocados, la gobernabilidad es ficticia y los funcionarios del gobierno en turno son simplemente unos descarados que no admiten la gravedad del problema desvirtuando los hechos a la brevedad posible.<\/span><\/p>\n<p class=\"p1\"><span style=\"font-size: 14pt;\">A horas de que se diera el incidente en la carretera federal Xalapa-Veracruz a la altura de Las Bajadas, las versiones de que el masculino asesinado en la ejecuci\u00f3n era el jefe de una c\u00e9lula delincuencial en el municipio de Espinal denominado \u201cEl Pino\u201d, el cual habr\u00eda salido de huida de la zona con su familia, tras las ejecuciones en la regi\u00f3n de Poza Rica al arranque del a\u00f1o.<\/span><\/p>\n<p class=\"p1\"><span style=\"font-size: 14pt;\">La sa\u00f1a con la que se perpetr\u00f3 el asesinato, evidencia que en Veracruz la inseguridad es el com\u00fan denominador, garantizando la impunidad de quienes cometen delitos de alto impacto.<\/span><\/p>\n<p class=\"p1\"><span style=\"font-size: 14pt;\">Y es que por incre\u00edble que parezca, los hechos se desarrollaron a metros del aer\u00f3dromo de la Fuerza Naval del Golfo, un sitio que por su condicionante debiera estar repleto de elementos navales que al escuchar las detonaciones debieron haber aplicado los protocolos m\u00e1s elementales de combate, lo que no ocurri\u00f3 en ning\u00fan momento.<\/span><\/p>\n<p class=\"p1\"><span style=\"font-size: 14pt;\">Peor a\u00fan el atentado se desarrolla en la zona conurbada m\u00e1s importante de la entidad, a escasos metros del Aeropuerto Internacional de la Ciudad de Veracruz, lo que evidencia el nivel de vulnerabilidad de las instalaciones estrat\u00e9gicas de la entidad.<\/span><\/p>\n<p class=\"p1\"><span style=\"font-size: 14pt;\">Como era de esperarse la respuesta de los elementos de seguridad siempre tard\u00eda impidi\u00f3 el salvar posiblemente m\u00e1s vidas, de las personas lesionadas, que sin importar condici\u00f3n alguna, debieron ser atendidos con los protocolos internacionales de primeros auxilios.<\/span><\/p>\n<p class=\"p1\"><span style=\"font-size: 14pt;\">V\u00eddeos difundidos en las redes sociales exhiben y evidencian la falta de capacidad y conocimiento de los elementos de seguridad que al llegar al lugar de los hechos con temor pretenden ayudar a los lesionados.<\/span><\/p>\n<p class=\"p1\"><span style=\"font-size: 14pt;\">No habremos de extra\u00f1arnos que una vez que se d\u00e9 la versi\u00f3n oficial por parte de las autoridades, lo primero que habr\u00e1n de se\u00f1alar es la relaci\u00f3n o nexo con la delincuencia organizada, para de entrada desacreditar su calidad.<\/span><\/p>\n<p class=\"p1\"><span style=\"font-size: 14pt;\">Y aun cuando se afirme que por pugnas delincuenciales se generaron da\u00f1os colaterales, la realidad es que lo ocurrido nos roba la paz y tranquilidad a todos los veracruzanos.<\/span><\/p>\n<p class=\"p1\"><span style=\"font-size: 14pt;\">Este lunes habremos de conocer la identidad de los fallecidos, los cuales engrosaron la fat\u00eddica estad\u00edstica que convierte a Veracruz en tierra sin Ley, a pesar de que los incapaces gobernantes afirmen lo contrario.<\/span><\/p>\n<p class=\"p1\"><span style=\"font-size: 14pt;\">\u00a1Arde Veracruz! Les guste o no.\u00a0<\/span><\/p>\n<p>&nbsp;<\/p>\n<p>&nbsp;<\/p>\n<p class=\"p1\"><span style=\"font-size: 18pt;\"><strong>Al tiempo.<\/strong><\/span><\/p>\n<p>&nbsp;<\/p>\n<hr \/>\n<p>&nbsp;<\/p>\n<p class=\"p1\"><span style=\"font-size: 18pt;\"><strong>Correo: <a href=\"mailto:astrolabiopoliticomx@gmail.com\">astrolabiopoliticomx@gmail.com<\/a><\/strong><\/span><\/p>\n<p class=\"p1\"><span style=\"font-size: 18pt;\"><strong>Twitter: <a href=\"http:\/\/www.twitter.com\/LuisBaqueiro_mx\">@LuisBaqueiro_mx<\/a><\/strong><\/span><\/p>\n<p>&nbsp;<\/p>\n<p><img data-recalc-dims=\"1\" loading=\"lazy\" decoding=\"async\" class=\"aligncenter wp-image-14351\" src=\"https:\/\/i0.wp.com\/politicosaldesnudo.com.mx\/wp-content\/uploads\/2023\/01\/FIRMA-EDITORIAL-PD-300x37.png?resize=800%2C98&#038;ssl=1\" alt=\"\" width=\"800\" height=\"98\" srcset=\"https:\/\/i0.wp.com\/politicosaldesnudo.com.mx\/wp-content\/uploads\/2023\/01\/FIRMA-EDITORIAL-PD.png?resize=300%2C37&amp;ssl=1 300w, https:\/\/i0.wp.com\/politicosaldesnudo.com.mx\/wp-content\/uploads\/2023\/01\/FIRMA-EDITORIAL-PD.png?resize=1024%2C125&amp;ssl=1 1024w, https:\/\/i0.wp.com\/politicosaldesnudo.com.mx\/wp-content\/uploads\/2023\/01\/FIRMA-EDITORIAL-PD.png?resize=768%2C94&amp;ssl=1 768w, https:\/\/i0.wp.com\/politicosaldesnudo.com.mx\/wp-content\/uploads\/2023\/01\/FIRMA-EDITORIAL-PD.png?resize=1536%2C188&amp;ssl=1 1536w, https:\/\/i0.wp.com\/politicosaldesnudo.com.mx\/wp-content\/uploads\/2023\/01\/FIRMA-EDITORIAL-PD.png?resize=2048%2C250&amp;ssl=1 2048w, https:\/\/i0.wp.com\/politicosaldesnudo.com.mx\/wp-content\/uploads\/2023\/01\/FIRMA-EDITORIAL-PD.png?w=1600&amp;ssl=1 1600w, https:\/\/i0.wp.com\/politicosaldesnudo.com.mx\/wp-content\/uploads\/2023\/01\/FIRMA-EDITORIAL-PD.png?w=2400&amp;ssl=1 2400w\" sizes=\"auto, (max-width: 800px) 100vw, 800px\" \/><\/p>\n<p>&nbsp;<\/p>\n<p>&nbsp;<\/p>\n<p>&nbsp;<\/p>\n<p>&nbsp;<\/p>\n","protected":false},"excerpt":{"rendered":"<p>&nbsp; Por Luis Ram\u00edrez Baqueiro &nbsp; &nbsp; \u201cDespu\u00e9s de un fracaso, los planes mejor elaborados parecen absurdos\u201d \u00a0\u2013\u00a0Fedor Dostoievski \u2013\u00a0<\/p>\n","protected":false},"author":4,"featured_media":4390,"comment_status":"closed","ping_status":"closed","sticky":false,"template":"","format":"standard","meta":{"colormag_page_container_layout":"default_layout","colormag_page_sidebar_layout":"default_layout","_jetpack_memberships_contains_paid_content":false,"footnotes":"","jetpack_publicize_message":"","jetpack_publicize_feature_enabled":true,"jetpack_social_post_already_shared":false,"jetpack_social_options":{"image_generator_settings":{"template":"highway","default_image_id":0,"font":"","enabled":false},"version":2}},"categories":[26],"tags":[],"class_list":["post-15320","post","type-post","status-publish","format-standard","has-post-thumbnail","hentry","category-columnistas"],"jetpack_publicize_connections":[],"jetpack_featured_media_url":"https:\/\/i0.wp.com\/politicosaldesnudo.com.mx\/wp-content\/uploads\/2022\/04\/LUIS-RAMI%CC%81REZ-BAQUEIRO.png?fit=1816%2C1016&ssl=1","jetpack-related-posts":[],"jetpack_sharing_enabled":true,"_links":{"self":[{"href":"https:\/\/politicosaldesnudo.com.mx\/index.php\/wp-json\/wp\/v2\/posts\/15320","targetHints":{"allow":["GET"]}}],"collection":[{"href":"https:\/\/politicosaldesnudo.com.mx\/index.php\/wp-json\/wp\/v2\/posts"}],"about":[{"href":"https:\/\/politicosaldesnudo.com.mx\/index.php\/wp-json\/wp\/v2\/types\/post"}],"author":[{"embeddable":true,"href":"https:\/\/politicosaldesnudo.com.mx\/index.php\/wp-json\/wp\/v2\/users\/4"}],"replies":[{"embeddable":true,"href":"https:\/\/politicosaldesnudo.com.mx\/index.php\/wp-json\/wp\/v2\/comments?post=15320"}],"version-history":[{"count":0,"href":"https:\/\/politicosaldesnudo.com.mx\/index.php\/wp-json\/wp\/v2\/posts\/15320\/revisions"}],"wp:featuredmedia":[{"embeddable":true,"href":"https:\/\/politicosaldesnudo.com.mx\/index.php\/wp-json\/wp\/v2\/media\/4390"}],"wp:attachment":[{"href":"https:\/\/politicosaldesnudo.com.mx\/index.php\/wp-json\/wp\/v2\/media?parent=15320"}],"wp:term":[{"taxonomy":"category","embeddable":true,"href":"https:\/\/politicosaldesnudo.com.mx\/index.php\/wp-json\/wp\/v2\/categories?post=15320"},{"taxonomy":"post_tag","embeddable":true,"href":"https:\/\/politicosaldesnudo.com.mx\/index.php\/wp-json\/wp\/v2\/tags?post=15320"}],"curies":[{"name":"wp","href":"https:\/\/api.w.org\/{rel}","templated":true}]}}