{"id":15331,"date":"2023-01-23T00:29:50","date_gmt":"2023-01-23T06:29:50","guid":{"rendered":"https:\/\/politicosaldesnudo.com.mx\/?p=15331"},"modified":"2023-01-23T00:29:50","modified_gmt":"2023-01-23T06:29:50","slug":"la-biologia-al-servicio-de-la-humanidad-y-de-la-vida","status":"publish","type":"post","link":"https:\/\/politicosaldesnudo.com.mx\/index.php\/2023\/01\/23\/la-biologia-al-servicio-de-la-humanidad-y-de-la-vida\/","title":{"rendered":"La Biolog\u00eda al servicio de la humanidad y de la vida"},"content":{"rendered":"<p class=\"p1\">\n<p>&nbsp;<\/p>\n<p class=\"p1\"><span style=\"font-size: 18pt;\"><b>Dra. Zaida Alicia Llad\u00f3 Castillo<\/b><\/span><\/p>\n<p class=\"p1\"><span style=\"font-size: 14pt;\">Este 25 de enero, se celebra el D\u00eda del Bi\u00f3logo, disciplina que siempre ha sido importante, pero que en el presente su misi\u00f3n es vital, no s\u00f3lo porque a trav\u00e9s de su estudio se puede conocer y entender los problemas ambientales y el valor de la naturaleza, sino porque de ella depende la vida misma. Y dicha fecha se instaura por iniciativa de valiosos cient\u00edficos de la UNAM y del IPN que crean el Colegio de Bi\u00f3logos de M\u00e9xico un 25 de enero de 1961 y a partir de esa fecha se conmemora y reconoce a sus profesionistas.<span class=\"Apple-converted-space\">\u00a0<\/span><\/span><\/p>\n<p class=\"p1\"><span style=\"font-size: 14pt;\">Como muchas disciplinas, la Biolog\u00eda como \u00e1rea de conocimiento, empieza lentamente a darse a conocer en su importancia. En la Universidad Nacional Aut\u00f3noma de M\u00e9xico (UNAM), surge a mediados de los a\u00f1os treinta integr\u00e1ndose a la secci\u00f3n de Ciencias de la Facultad de Filosof\u00eda y Letras, y<span class=\"Apple-converted-space\">\u00a0 <\/span>en el transcurrir del tiempo,<span class=\"Apple-converted-space\">\u00a0 <\/span>su creciente demanda, fue justificando su autonom\u00eda administrativa y gan\u00e1ndose su propio lugar ; por un lado , debido al inter\u00e9s que mostraban muchos j\u00f3venes por formarse en esta carrera universitaria y por el otro, el prestigio que adquiri\u00f3<span class=\"Apple-converted-space\">\u00a0 <\/span>en el pa\u00eds, por las aportaciones de importantes investigadores de la biolog\u00eda en M\u00e9xico que hizo notar su utilidad para la sociedad. Por esa raz\u00f3n las Ciencias Biol\u00f3gicas proliferaron en diferentes universidades del pa\u00eds.<span class=\"Apple-converted-space\">\u00a0<\/span><\/span><\/p>\n<p class=\"p1\"><span style=\"font-size: 14pt;\">En el caso de la Universidad Veracruzana, la Facultad de Biolog\u00eda se fund\u00f3 en 1968 como el cuarto Departamento de la Facultad de Ciencias, cuyo edificio -de la calle Ju\u00e1rez 81-, se compart\u00eda con los departamentos de Psicolog\u00eda, F\u00edsica y Matem\u00e1ticas. Su prop\u00f3sito original fue relacionar a la ciencia del comportamiento con las disciplinas biol\u00f3gicas, relaci\u00f3n que se presenta indisoluble pues, la Biolog\u00eda como ciencia natural -palabra formada por dos vocablos griegos, bios \u201cvida\u201d, logos \u201ctratado\u201d-, analiza las propiedades y caracter\u00edsticas de los seres vivos, la Psicolog\u00eda por su parte, remite al estudio del individuo, su comportamiento a trav\u00e9s de las diferentes etapas de la vida y de los eventos socioambientales que en este influyen.<span class=\"Apple-converted-space\">\u00a0<\/span><\/span><\/p>\n<p class=\"p1\"><span style=\"font-size: 14pt;\">Y para conocer un poco m\u00e1s de los alcances disciplinares de esta \u00e1rea del conocimiento, me apoyo con la sapiencia de alguien a quien respeto y admiro profesionalmente desde hace muchas d\u00e9cadas, el Bi\u00f3logo Jos\u00e9 Luis Aceves Rubio.<\/span><\/p>\n<p class=\"p1\"><span style=\"font-size: 14pt;\">Y a mi pregunta sobre \u00bfcu\u00e1l es la importancia en la actualidad de una disciplina como la Biolog\u00eda?, me comenta: \u201cHoy no se puede ocultar, que como nunca, sufrimos los embates de la naturaleza derivado de desequilibrios que el propio hombre ha provocado.<span class=\"Apple-converted-space\">\u00a0 <\/span>Factores como el cambio clim\u00e1tico, la contaminaci\u00f3n ambiental (aire, agua, etc.), las sequ\u00edas, los huracanes devastadores, la sobreexplotaci\u00f3n de los recursos naturales, la introducci\u00f3n de proyectos -mal planeados- entre muchos otros, son indicadores del da\u00f1o que le hacemos a la naturaleza y a nuestro planeta en general. Y no s\u00f3lo lo vemos en los desastres naturales, tambi\u00e9n en los efectos severos a la salud humana. Hoy nos enfrentamos a enfermedades m\u00e1s riesgosas y letales, y quien sabe cu\u00e1ntas m\u00e1s podr\u00e1n surgir en adelante, y todo ello, es preocupante sin duda\u201d.<span class=\"Apple-converted-space\">\u00a0<\/span><\/span><\/p>\n<p class=\"p1\"><span style=\"font-size: 14pt;\">\u201cHoy la Biolog\u00eda, es de vital importancia, pues ofrece su utilidad en diversos \u00e1mbitos: En la conservaci\u00f3n, manejo y desarrollo de los recursos vegetales, faun\u00edsticos, forestales, y de los ecosistemas en general, as\u00ed como, de las decretadas como \u00e1reas naturales protegidas\u201d.<span class=\"Apple-converted-space\">\u00a0<\/span><\/span><\/p>\n<p class=\"p1\"><span style=\"font-size: 14pt;\">\u201cA trav\u00e9s de las aportaciones de la Biolog\u00eda, tambi\u00e9n se permite la conservaci\u00f3n, manejo y desarrollo del recurso Agua en todas sus expresiones, como factor fundamental del equilibrio ecol\u00f3gico y en consecuencia de la subsistencia de los seres vivos: hombre, animales, vegetales. Igualmente , en la gesti\u00f3n ambiental de un desarrollo urbano integral y sustentable,<span class=\"Apple-converted-space\">\u00a0 <\/span>en la creaci\u00f3n, actualizaci\u00f3n , evaluaci\u00f3n y aplicaci\u00f3n de un adecuado marco de legislaci\u00f3n ambiental para el \u00e1mbito federal , estatal y municipal, <span class=\"Apple-converted-space\">\u00a0 <\/span>en la creaci\u00f3n , capacitaci\u00f3n y administraci\u00f3n de las instituciones encargadas de los asuntos ecol\u00f3gicos en los tres niveles de gobierno, y principalmente, en la educaci\u00f3n de los individuos , que es b\u00e1sico, porque es a trav\u00e9s de la educaci\u00f3n ambiental ciudadana como se genera la consciencia hacia el respeto y cuidado de la biodiversidad y el medio ambiente\u201d.<span class=\"Apple-converted-space\">\u00a0<\/span><\/span><\/p>\n<p class=\"p1\"><span style=\"font-size: 14pt;\">\u201cY por las caracter\u00edsticas de los \u00e1mbitos en que el Bi\u00f3logo ejerce su profesi\u00f3n, se requiere de un trabajo sustentando en la investigaci\u00f3n cient\u00edfica, interinstitucional e interdisciplinario, que se desarrolle en forma transversal y siempre contemplando su aplicaci\u00f3n y la necesidad de obtener resultados para el corto, mediano y largo plazo\u201d.<span class=\"Apple-converted-space\">\u00a0<\/span><\/span><\/p>\n<p class=\"p1\"><span style=\"font-size: 14pt;\">Y vaya que es preocupante, solamente en Am\u00e9rica desde 2016 a la fecha se han venido registrado m\u00e1s de 300 mil muertes prematuras debido a afectaciones de contaminaci\u00f3n ambiental y en el mundo, cerca de 8 millones, de los cuales el 88 % ocurre en pa\u00edses de ingresos bajos y medios. Eso quiere decir, que nos seguimos enfrentando, tanto a fen\u00f3menos como la pobreza o el subdesarrollo -que se han convertido en temas pol\u00edticos y no en un temas serios de preservaci\u00f3n de la vida de grupos excluidos de la sociedad-, sino tambi\u00e9n a problemas de pobreza ambiental, porque la falta de educaci\u00f3n, y con ello el cultivo de la ignorancia, s\u00f3lo lleva al aumento de la desidia de las personas de no colaborar a preservar el equilibrio ecol\u00f3gico y a la prevenci\u00f3n de la morbilidad y mortalidad. Todo ello sin duda, dibujan una inercia cr\u00edtica en la cual todos debemos intervenir para detenerla.<span class=\"Apple-converted-space\">\u00a0<\/span><\/span><\/p>\n<p class=\"p1\"><span style=\"font-size: 14pt;\">Por eso hoy que celebramos a los Bi\u00f3logos de M\u00e9xico y del mundo, bien vale la pena reflexionar sobre estos temas, as\u00ed como, el resaltar la importancia que tienen en la sociedad sus profesionistas, hoy y para el futuro. Por esa raz\u00f3n y muchas m\u00e1s, expreso mi reconocimiento a la labor de todos ellos, en particular menciono algunos, que han sido prestigiados acad\u00e9micos e investigadores y que han dejado valiosas aportaciones al Estado de Veracruz y a M\u00e9xico, Bi\u00f3logos: Arturo G\u00f3mez Pompa, Jos\u00e9 Luis Aceves Rubio, Mario V\u00e1zquez Torres, Juli\u00e1n Mart\u00ednez, Silvestre Hern\u00e1ndez, Jos\u00e9 Luis Alan\u00eds M\u00e9ndez, entre muchos otros.<span class=\"Apple-converted-space\">\u00a0<\/span><\/span><\/p>\n<p class=\"p1\"><span style=\"font-size: 14pt;\">Y ojal\u00e1 todos nos sum\u00e1ramos como ciudadanos, al esfuerzo de estos en Veracruz, M\u00e9xico y el mundo, igualmente a la tarea de los grupos ecologistas y de la sociedad comprometida y tambi\u00e9n, al de los gobiernos responsables, sobre todo a aquellos que le dan importancia en sus pol\u00edticas p\u00fablicas a la preservaci\u00f3n de la naturaleza y la vida.<\/span><\/p>\n<p class=\"p1\"><span style=\"font-size: 14pt;\">Es cierto que nos falta mucho por hacer como seres humanos y debemos empezar por reconocer el da\u00f1o que provocamos al medio y a nosotros mismos cuando actuamos irresponsablemente, pero , tambi\u00e9n es cierto que aun podemos hacer mucho, oblig\u00e1ndonos a cambiar nuestros h\u00e1bitos de vida, de limpieza del medio, de respetar la naturaleza y sobre todo, a formar nuevas generaciones de individuos preocupados y comprometidos con el cuidado del entorno y de la salud, pudiendo hacerlo, si trabajamos juntos para corregir lo que no hayamos hecho bien y con ello dejar un mejor mundo para las generaciones que vienen.<span class=\"Apple-converted-space\">\u00a0<\/span><\/span><\/p>\n<p>&nbsp;<\/p>\n<p class=\"p1\"><span style=\"font-size: 14pt;\"> <span style=\"font-size: 18pt;\"><strong>Gracias y hasta la pr\u00f3xima.<span class=\"Apple-converted-space\">\u00a0<\/span><\/strong><\/span><\/span><\/p>\n<p>&nbsp;<\/p>\n<hr \/>\n<p>&nbsp;<\/p>\n<p>&nbsp;<\/p>\n<p><img data-recalc-dims=\"1\" loading=\"lazy\" decoding=\"async\" class=\"aligncenter wp-image-14351\" src=\"https:\/\/i0.wp.com\/politicosaldesnudo.com.mx\/wp-content\/uploads\/2023\/01\/FIRMA-EDITORIAL-PD-300x37.png?resize=800%2C98&#038;ssl=1\" alt=\"\" width=\"800\" height=\"98\" srcset=\"https:\/\/i0.wp.com\/politicosaldesnudo.com.mx\/wp-content\/uploads\/2023\/01\/FIRMA-EDITORIAL-PD.png?resize=300%2C37&amp;ssl=1 300w, https:\/\/i0.wp.com\/politicosaldesnudo.com.mx\/wp-content\/uploads\/2023\/01\/FIRMA-EDITORIAL-PD.png?resize=1024%2C125&amp;ssl=1 1024w, https:\/\/i0.wp.com\/politicosaldesnudo.com.mx\/wp-content\/uploads\/2023\/01\/FIRMA-EDITORIAL-PD.png?resize=768%2C94&amp;ssl=1 768w, https:\/\/i0.wp.com\/politicosaldesnudo.com.mx\/wp-content\/uploads\/2023\/01\/FIRMA-EDITORIAL-PD.png?resize=1536%2C188&amp;ssl=1 1536w, https:\/\/i0.wp.com\/politicosaldesnudo.com.mx\/wp-content\/uploads\/2023\/01\/FIRMA-EDITORIAL-PD.png?resize=2048%2C250&amp;ssl=1 2048w, https:\/\/i0.wp.com\/politicosaldesnudo.com.mx\/wp-content\/uploads\/2023\/01\/FIRMA-EDITORIAL-PD.png?w=1600&amp;ssl=1 1600w, https:\/\/i0.wp.com\/politicosaldesnudo.com.mx\/wp-content\/uploads\/2023\/01\/FIRMA-EDITORIAL-PD.png?w=2400&amp;ssl=1 2400w\" sizes=\"auto, (max-width: 800px) 100vw, 800px\" \/><\/p>\n<p>&nbsp;<\/p>\n<p>&nbsp;<\/p>\n<p>&nbsp;<\/p>\n<p>&nbsp;<\/p>\n<p>&nbsp;<\/p>\n<p>&nbsp;<\/p>\n","protected":false},"excerpt":{"rendered":"<p>&nbsp; Dra. Zaida Alicia Llad\u00f3 Castillo Este 25 de enero, se celebra el D\u00eda del Bi\u00f3logo, disciplina que siempre ha<\/p>\n","protected":false},"author":4,"featured_media":4381,"comment_status":"closed","ping_status":"closed","sticky":false,"template":"","format":"standard","meta":{"colormag_page_container_layout":"default_layout","colormag_page_sidebar_layout":"default_layout","_jetpack_memberships_contains_paid_content":false,"footnotes":"","jetpack_publicize_message":"","jetpack_publicize_feature_enabled":true,"jetpack_social_post_already_shared":false,"jetpack_social_options":{"image_generator_settings":{"template":"highway","default_image_id":0,"font":"","enabled":false},"version":2}},"categories":[26],"tags":[],"class_list":["post-15331","post","type-post","status-publish","format-standard","has-post-thumbnail","hentry","category-columnistas"],"jetpack_publicize_connections":[],"jetpack_featured_media_url":"https:\/\/i0.wp.com\/politicosaldesnudo.com.mx\/wp-content\/uploads\/2022\/04\/DRA.-ZAIDA-LLADO%CC%81.png?fit=1816%2C1016&ssl=1","jetpack-related-posts":[],"jetpack_sharing_enabled":true,"_links":{"self":[{"href":"https:\/\/politicosaldesnudo.com.mx\/index.php\/wp-json\/wp\/v2\/posts\/15331","targetHints":{"allow":["GET"]}}],"collection":[{"href":"https:\/\/politicosaldesnudo.com.mx\/index.php\/wp-json\/wp\/v2\/posts"}],"about":[{"href":"https:\/\/politicosaldesnudo.com.mx\/index.php\/wp-json\/wp\/v2\/types\/post"}],"author":[{"embeddable":true,"href":"https:\/\/politicosaldesnudo.com.mx\/index.php\/wp-json\/wp\/v2\/users\/4"}],"replies":[{"embeddable":true,"href":"https:\/\/politicosaldesnudo.com.mx\/index.php\/wp-json\/wp\/v2\/comments?post=15331"}],"version-history":[{"count":0,"href":"https:\/\/politicosaldesnudo.com.mx\/index.php\/wp-json\/wp\/v2\/posts\/15331\/revisions"}],"wp:featuredmedia":[{"embeddable":true,"href":"https:\/\/politicosaldesnudo.com.mx\/index.php\/wp-json\/wp\/v2\/media\/4381"}],"wp:attachment":[{"href":"https:\/\/politicosaldesnudo.com.mx\/index.php\/wp-json\/wp\/v2\/media?parent=15331"}],"wp:term":[{"taxonomy":"category","embeddable":true,"href":"https:\/\/politicosaldesnudo.com.mx\/index.php\/wp-json\/wp\/v2\/categories?post=15331"},{"taxonomy":"post_tag","embeddable":true,"href":"https:\/\/politicosaldesnudo.com.mx\/index.php\/wp-json\/wp\/v2\/tags?post=15331"}],"curies":[{"name":"wp","href":"https:\/\/api.w.org\/{rel}","templated":true}]}}