{"id":15336,"date":"2023-01-23T00:39:26","date_gmt":"2023-01-23T06:39:26","guid":{"rendered":"https:\/\/politicosaldesnudo.com.mx\/?p=15336"},"modified":"2023-01-23T00:39:26","modified_gmt":"2023-01-23T06:39:26","slug":"el-binomio-perfecto-claudia-sheinbaum-y-ricardo-monreal","status":"publish","type":"post","link":"https:\/\/politicosaldesnudo.com.mx\/index.php\/2023\/01\/23\/el-binomio-perfecto-claudia-sheinbaum-y-ricardo-monreal\/","title":{"rendered":"El binomio perfecto, Claudia Sheinbaum y Ricardo Monreal\u00a0"},"content":{"rendered":"<p class=\"p1\">\n<p>&nbsp;<\/p>\n<p class=\"p1\"><span style=\"font-size: 18pt;\"><b>Por Carlos O. Silva Bandala<\/b><\/span><\/p>\n<p class=\"p1\"><span style=\"font-size: 14pt;\">Realpolitik, en alem\u00e1n: pol\u00edtica realista. El t\u00e9rmino se utiliza, sobre todo como sin\u00f3nimo de pol\u00edtica de poder (power politics). En nuestro pa\u00eds, la realpolitik est\u00e1 basada principalmente en consideraciones de circunstancias y factores dados. En pol\u00edtica, com\u00fanmente se le denomina pragmatismo.<span class=\"Apple-converted-space\">\u00a0<\/span><\/span><\/p>\n<p class=\"p1\"><span style=\"font-size: 14pt;\">Binomio. Conjunto de dos personas o cosas tomadas como unidad o como elementos en equilibrio o dependientes uno del otro.<span class=\"Apple-converted-space\">\u00a0<\/span><\/span><\/p>\n<p class=\"p1\"><span style=\"font-size: 14pt;\">Coyuntura. Combinaci\u00f3n de factores y circunstancias que caracteriza una situaci\u00f3n en un momento determinado.<span class=\"Apple-converted-space\">\u00a0<\/span><\/span><\/p>\n<p class=\"p1\"><span style=\"font-size: 18pt;\"><strong>El Presidente AMLO, zorro de la pol\u00edtica, no podr\u00eda escapar de su consideraci\u00f3n, en su hipersensibilidad, lo que est\u00e1 ocurriendo, una y otra vez en el Metro de la CdMx y c\u00f3mo esos hechos est\u00e1n repercutiendo en la simpat\u00eda y\/o aceptaci\u00f3n preferencial, ciudadana, de Claudia Sheinbaum, jefa de Gobierno de la Ciudad de M\u00e9xico para ser candidata presidencial y en su caso y a la postre, presidenta de M\u00e9xico. Lo que le ha permitido al Presidente L\u00f3pez Obrador mirar la realidad coyuntural con la mayor objetividad posible, dando a cada hecho o circunstancia, su justo valor.<span class=\"Apple-converted-space\">\u00a0<\/span><\/strong><\/span><\/p>\n<p class=\"p1\"><span style=\"font-size: 14pt;\">El asunto del candidato\/a presidencial de Morena, no solamente es ganar la presidencia de la Rep\u00fablica 2024-2030 y alcanzar al menos la mayor\u00eda simple en el Congreso de la Uni\u00f3n. Va m\u00e1s all\u00e1, por algo que olvidan los estrategas pol\u00edticos del Presidente (si los hay), que es la continuaci\u00f3n y transcendencia a partir del 2030 del partido Morena. Es decir, estrat\u00e9gicamente, c\u00f3mo continuar a partir del sexenio 2030-2036.<span class=\"Apple-converted-space\">\u00a0<\/span><\/span><\/p>\n<p class=\"p1\"><span style=\"font-size: 14pt;\">Para propios y extra\u00f1os, Claudia Sheinbaum es la predilecta en el \u00e1nimo del Presidente para sucederlo en el Ejecutivo Federal. El empate t\u00e9cnico en que se encuentran Marcelo Ebrard y la cient\u00edfica Sheinbaum en las preferencias ciudadanas no es producto de una destacada precampa\u00f1a de Ebrard. Mucho de su acercamiento en las preferencias de la Jefa de Gobierno, es porque el Presidente le ha dado muchos vuelos. Ebrard ha estado en casi todas las \u201cma\u00f1aneras\u201d y lo menciona de manera reiterativa. La mejor campa\u00f1a del Secretario de Relaciones y Exteriores, se la ha hecho el Presidente.<span class=\"Apple-converted-space\">\u00a0<\/span><\/span><\/p>\n<p class=\"p1\"><span style=\"font-size: 14pt;\">La diferencia objetiva, no supuesta, es que mientras Sheinbaum est\u00e1 en el ojo del hurac\u00e1n todos los d\u00edas, pues los problemas en la CdMx son persistentes, y, est\u00e1 obligada a ofrecer y dar resultados satisfactorios, lo que no es f\u00e1cil, Marcelo Ebrard nada de muertito, fifiando.<span class=\"Apple-converted-space\">\u00a0<\/span><\/span><\/p>\n<p class=\"p1\"><span style=\"font-size: 14pt;\">Frente a una elecci\u00f3n el 4 de junio pr\u00f3ximo, para el Gobierno del Estado de M\u00e9xico, donde los momios de encuestas en preferencias para la Alianza Va por M\u00e9xico (PRI\/PAN\/PRD) y Morena\/PT\/VE est\u00e1n reflejando de manera alternativa a favor o en contra, donde no hay una claridad de quien pudiera ser el triunfador\/a al gobierno estatal, en la coyuntura de la problem\u00e1tica en la CdMx, ante la incertidumbre del triunfo de Morena en el Edomex es de entenderse que el Presidente se adelanta ante una derrota que pudiera darse y por eso le abre la puerta al Senador Ricardo Monreal, para incluirlo en los precandidatos de casa.<\/span><\/p>\n<p class=\"p1\"><span style=\"font-size: 18pt;\"><strong>Por ahora no importa el piso parejo que el Senador pregona. Ya est\u00e1 adentro y que cada uno haga lo suyo a su muy estilo y conveniencia. El mencionado piso parejo lo est\u00e1n trasladando a los gobernadores morenistas, pues habr\u00e1n de darle cabida a eventos para los cuatro. La segunda etapa ser\u00e1 la encuesta de donde saldr\u00e1 el candidato\/a presidencial. Este piso parejo estar\u00e1 en veremos, todo el tiempo.<span class=\"Apple-converted-space\">\u00a0<\/span><\/strong><\/span><\/p>\n<p>&nbsp;<\/p>\n<p><img data-recalc-dims=\"1\" loading=\"lazy\" decoding=\"async\" class=\"aligncenter wp-image-15337 size-large\" src=\"https:\/\/i0.wp.com\/politicosaldesnudo.com.mx\/wp-content\/uploads\/2023\/01\/P-CLAUDIA-MONREAL-1024x573.png?resize=800%2C448&#038;ssl=1\" alt=\"\" width=\"800\" height=\"448\" srcset=\"https:\/\/i0.wp.com\/politicosaldesnudo.com.mx\/wp-content\/uploads\/2023\/01\/P-CLAUDIA-MONREAL.png?resize=1024%2C573&amp;ssl=1 1024w, https:\/\/i0.wp.com\/politicosaldesnudo.com.mx\/wp-content\/uploads\/2023\/01\/P-CLAUDIA-MONREAL.png?resize=300%2C168&amp;ssl=1 300w, https:\/\/i0.wp.com\/politicosaldesnudo.com.mx\/wp-content\/uploads\/2023\/01\/P-CLAUDIA-MONREAL.png?resize=768%2C430&amp;ssl=1 768w, https:\/\/i0.wp.com\/politicosaldesnudo.com.mx\/wp-content\/uploads\/2023\/01\/P-CLAUDIA-MONREAL.png?resize=1536%2C859&amp;ssl=1 1536w, https:\/\/i0.wp.com\/politicosaldesnudo.com.mx\/wp-content\/uploads\/2023\/01\/P-CLAUDIA-MONREAL.png?w=1816&amp;ssl=1 1816w, https:\/\/i0.wp.com\/politicosaldesnudo.com.mx\/wp-content\/uploads\/2023\/01\/P-CLAUDIA-MONREAL.png?w=1600&amp;ssl=1 1600w\" sizes=\"auto, (max-width: 800px) 100vw, 800px\" \/><\/p>\n<p>&nbsp;<\/p>\n<p class=\"p1\"><span style=\"font-size: 18pt;\"><strong>La coyuntura donde se entrelazan la elecci\u00f3n en el Edomex y las problem\u00e1ticas en la CdMx llevan para que Ricardo Monreal sea incluido en los precandidatos comentados, y encamina a las consideraciones siguientes: Si la Alianza Va por M\u00e9xico con Alejandra del Moral al frente y triunfa, se le complica al Presidente\/Morena para salir airoso en la elecci\u00f3n para gobernador\/a de la CdMx, toda vez que si Claudia Sheinbaum sigue bajando, se volver\u00e1 cuesta arriba al Presidente, para amacharla en la candidatura presidencial. Me parece que el Presidente no la sacrificar\u00e1, sea cual sea el resultado electoral en el Edomex. Pues es tanto como hacerse harakiri. Ya veremos si no.<span class=\"Apple-converted-space\">\u00a0<\/span><\/strong><\/span><\/p>\n<p class=\"p1\"><span style=\"font-size: 14pt;\">Entonces, lo que pudiera ocurrir de ahora en adelante, es ver m\u00e1s a la gobernadora de la CdMx, acompa\u00f1ando al Presidente en las \u201cma\u00f1aneras\u201d, y a Marcelo Ebrard, cada vez menos. Para entender al Presidente, en la l\u00f3gica de sus sentimientos, las se\u00f1aladas indican que para subir a Sheinbaum y colocarla en la figura pol\u00edtica m\u00e1s considerara a sucederlo, se necesita bajar del templete y que el Presidente mencione cada vez menos, a Ebrard.<span class=\"Apple-converted-space\">\u00a0<\/span><\/span><\/p>\n<p class=\"p1\"><span style=\"font-size: 14pt;\">Por el resto del a\u00f1o, las \u201cma\u00f1aneras\u201d, seguramente ser\u00e1 el escenario para la gobernadora con el Presidente, atendiendo criticas y posibles soluciones de los aconteceres de la capital mexicana. Le apremia al Presidente \/Morena rescatar la confianza de la mayor\u00eda de los capitalinos.<\/span><\/p>\n<p class=\"p1\"><span style=\"font-size: 14pt;\">El Senador Monreal ha estado jugando a ganar ganar; ya lo logr\u00f3, ya est\u00e1 en la cuarteta sentimental del Presidente. Le hab\u00edan cerrado las puertas que inclusive, ni posibilidades se le daba para ser candidato a la jefatura de Gobierno de la CdMx; circunstancia que \u00e9l mismo expresaba, en palabras m\u00e1s, palabras menos, que se ha preparado para ser Presidente de la Rep\u00fablica, m\u00e1s no para gobernador de la capital mexicana. El punto es, que el Senador va a la encuesta para candidato presidencial de Morena, s\u00f3lo que la carga pol\u00edtica del Presidente y de los gobernadores morenistas, 22, diga lo que se diga, estar\u00e1 en beneficio de la gobernadora Sheinbaum y para el Senador Monreal, lo previsible, bajo la mesa, es que sea el candidato al gobierno de la CdMx. Sin duda el pol\u00edtico adecuado, morenista, m\u00e1s destacado, para triunfar y complementariamente ayudar al triunfo electoral de Claudia Sheinbaum. Binomio perfecto.<\/span><\/p>\n<p class=\"p1\"><span style=\"font-size: 14pt;\">Esta es la coyuntura y las circunstancias para que Monreal sea parte de esos precandidatos presidenciales, en la v\u00eda hacia una candidatura m\u00e1s real, a la CdMx. Por lo que, en los tiempos electorales de Morena, de acuerdo a lo anterior, nos lleva a considerar que primero saldr\u00e1 el candidato\/a presidencial y acto seguido los 9 candidatos a los gobiernos estatales, incluido el de la CdMx.<span class=\"Apple-converted-space\">\u00a0<\/span><\/span><\/p>\n<p class=\"p1\"><span style=\"font-size: 18pt;\"><strong>Lo que queda en el tintero, es qu\u00e9 va a pasar a partir del 2024 con el partido Morena. Si como lo ha hecho p\u00fablico el Presidente AMLO, se va, a La Chingada, a escribir, y, no querr\u00e1 saber nada de pol\u00edtica, consecuentemente del partido, de suyo propio, que \u00e9l mismo construy\u00f3, por el cual logra la Presidencia de la Rep\u00fablica. \u00bfQui\u00e9n va a ser el l\u00edder que mantenga aglutinado, unido ese partido? Porque quien ocupe la silla presidencial, necesitar\u00e1, a\u00fan m\u00e1s que ahora, de un partido fuerte, coligado, disciplinado, para contrarrestar los embates pol\u00edticos, cr\u00edticos a los que se enfrentar\u00e1 el pr\u00f3ximo gobierno nacional. Si avanzamos en el tiempo, la ausencia del Presidente, puede ocasionar que le suceda a Morena lo que pas\u00f3 con el PC, PS, PRD, unos desaparecieron y otro est\u00e1 en v\u00edas.<span class=\"Apple-converted-space\">\u00a0<\/span><\/strong><\/span><\/p>\n<p class=\"p1\"><span style=\"font-size: 14pt;\">La gran fuerza pol\u00edtica colateral de los presidentes pri\u00edstas, fue haber contado con un partido (PRI) f\u00e9rreamente unido, controlado. Situaci\u00f3n que le vali\u00f3 70 a\u00f1os de gobiernos continuados. No vaya a ser que Morena dure un sexenio m\u00e1s, ese es el kit. El PRI sobrevivi\u00f3, porque sus dirigentes fueron personalidades, zorros de la pol\u00edtica, conocedores e institucionales probados. \u00bfMorena, lograr\u00e1 m\u00e1s de dos sexenios de gobernanza nacional? Sin el ciudadano Andr\u00e9s Manuel L\u00f3pez Obrador en la conducci\u00f3n y liderazgo, qu\u00e9 dif\u00edcil y qui\u00e9n sabe. <span class=\"Apple-converted-space\">\u00a0<\/span><\/span><\/p>\n<p>&nbsp;<\/p>\n<hr \/>\n<p>&nbsp;<\/p>\n<p><strong><span style=\"font-size: 18pt;\">Correo: <span class=\"s1\"><a href=\"mailto:flormarcc2@gmail.com\">flormarcc2@gmail.com<\/a><\/span><\/span><\/strong><\/p>\n<p>&nbsp;<\/p>\n<p><img data-recalc-dims=\"1\" loading=\"lazy\" decoding=\"async\" class=\"aligncenter wp-image-14351\" src=\"https:\/\/i0.wp.com\/politicosaldesnudo.com.mx\/wp-content\/uploads\/2023\/01\/FIRMA-EDITORIAL-PD-300x37.png?resize=800%2C98&#038;ssl=1\" alt=\"\" width=\"800\" height=\"98\" srcset=\"https:\/\/i0.wp.com\/politicosaldesnudo.com.mx\/wp-content\/uploads\/2023\/01\/FIRMA-EDITORIAL-PD.png?resize=300%2C37&amp;ssl=1 300w, https:\/\/i0.wp.com\/politicosaldesnudo.com.mx\/wp-content\/uploads\/2023\/01\/FIRMA-EDITORIAL-PD.png?resize=1024%2C125&amp;ssl=1 1024w, https:\/\/i0.wp.com\/politicosaldesnudo.com.mx\/wp-content\/uploads\/2023\/01\/FIRMA-EDITORIAL-PD.png?resize=768%2C94&amp;ssl=1 768w, https:\/\/i0.wp.com\/politicosaldesnudo.com.mx\/wp-content\/uploads\/2023\/01\/FIRMA-EDITORIAL-PD.png?resize=1536%2C188&amp;ssl=1 1536w, https:\/\/i0.wp.com\/politicosaldesnudo.com.mx\/wp-content\/uploads\/2023\/01\/FIRMA-EDITORIAL-PD.png?resize=2048%2C250&amp;ssl=1 2048w, https:\/\/i0.wp.com\/politicosaldesnudo.com.mx\/wp-content\/uploads\/2023\/01\/FIRMA-EDITORIAL-PD.png?w=1600&amp;ssl=1 1600w, https:\/\/i0.wp.com\/politicosaldesnudo.com.mx\/wp-content\/uploads\/2023\/01\/FIRMA-EDITORIAL-PD.png?w=2400&amp;ssl=1 2400w\" sizes=\"auto, (max-width: 800px) 100vw, 800px\" \/><\/p>\n<p>&nbsp;<\/p>\n<p>&nbsp;<\/p>\n<p>&nbsp;<\/p>\n<p>&nbsp;<\/p>\n<p>&nbsp;<\/p>\n<p>&nbsp;<\/p>\n<p>&nbsp;<\/p>\n","protected":false},"excerpt":{"rendered":"<p>&nbsp; Por Carlos O. Silva Bandala Realpolitik, en alem\u00e1n: pol\u00edtica realista. El t\u00e9rmino se utiliza, sobre todo como sin\u00f3nimo de<\/p>\n","protected":false},"author":4,"featured_media":11705,"comment_status":"closed","ping_status":"closed","sticky":false,"template":"","format":"standard","meta":{"colormag_page_container_layout":"default_layout","colormag_page_sidebar_layout":"default_layout","_jetpack_memberships_contains_paid_content":false,"footnotes":"","jetpack_publicize_message":"","jetpack_publicize_feature_enabled":true,"jetpack_social_post_already_shared":false,"jetpack_social_options":{"image_generator_settings":{"template":"highway","default_image_id":0,"font":"","enabled":false},"version":2}},"categories":[26],"tags":[],"class_list":["post-15336","post","type-post","status-publish","format-standard","has-post-thumbnail","hentry","category-columnistas"],"jetpack_publicize_connections":[],"jetpack_featured_media_url":"https:\/\/i0.wp.com\/politicosaldesnudo.com.mx\/wp-content\/uploads\/2022\/10\/CARLOS-O.-SILVA-BANDALA.png?fit=1816%2C1016&ssl=1","jetpack-related-posts":[],"jetpack_sharing_enabled":true,"_links":{"self":[{"href":"https:\/\/politicosaldesnudo.com.mx\/index.php\/wp-json\/wp\/v2\/posts\/15336","targetHints":{"allow":["GET"]}}],"collection":[{"href":"https:\/\/politicosaldesnudo.com.mx\/index.php\/wp-json\/wp\/v2\/posts"}],"about":[{"href":"https:\/\/politicosaldesnudo.com.mx\/index.php\/wp-json\/wp\/v2\/types\/post"}],"author":[{"embeddable":true,"href":"https:\/\/politicosaldesnudo.com.mx\/index.php\/wp-json\/wp\/v2\/users\/4"}],"replies":[{"embeddable":true,"href":"https:\/\/politicosaldesnudo.com.mx\/index.php\/wp-json\/wp\/v2\/comments?post=15336"}],"version-history":[{"count":0,"href":"https:\/\/politicosaldesnudo.com.mx\/index.php\/wp-json\/wp\/v2\/posts\/15336\/revisions"}],"wp:featuredmedia":[{"embeddable":true,"href":"https:\/\/politicosaldesnudo.com.mx\/index.php\/wp-json\/wp\/v2\/media\/11705"}],"wp:attachment":[{"href":"https:\/\/politicosaldesnudo.com.mx\/index.php\/wp-json\/wp\/v2\/media?parent=15336"}],"wp:term":[{"taxonomy":"category","embeddable":true,"href":"https:\/\/politicosaldesnudo.com.mx\/index.php\/wp-json\/wp\/v2\/categories?post=15336"},{"taxonomy":"post_tag","embeddable":true,"href":"https:\/\/politicosaldesnudo.com.mx\/index.php\/wp-json\/wp\/v2\/tags?post=15336"}],"curies":[{"name":"wp","href":"https:\/\/api.w.org\/{rel}","templated":true}]}}