{"id":15639,"date":"2023-01-29T23:45:18","date_gmt":"2023-01-30T05:45:18","guid":{"rendered":"https:\/\/politicosaldesnudo.com.mx\/?p=15639"},"modified":"2023-01-29T23:47:07","modified_gmt":"2023-01-30T05:47:07","slug":"gobierno-federal-tramita-nueva-orden-de-arresto-contra-genaro-luna-en-mexico","status":"publish","type":"post","link":"https:\/\/politicosaldesnudo.com.mx\/index.php\/2023\/01\/29\/gobierno-federal-tramita-nueva-orden-de-arresto-contra-genaro-luna-en-mexico\/","title":{"rendered":"Gobierno federal tramita nueva orden de arresto contra Genaro Luna en M\u00e9xico"},"content":{"rendered":"<p>&nbsp;<\/p>\n<p class=\"p1\"><span style=\"font-size: 14pt;\"><em><strong>CIUDAD DE M\u00c9XICO.<\/strong><\/em> <strong>M\u00e9xico anunci\u00f3 este domingo que se tramita una nueva solicitud de aprensi\u00f3n contra el ex secretario de Seguridad P\u00fablica Genaro Garc\u00eda Luna<\/strong>, quien desde la semana pasada est\u00e1 siendo enjuiciado en Estados Unidos por cargos de recibir sobornos millonarios para proteger al C\u00e1rtel de Sinaloa.<\/span><\/p>\n<p class=\"p1\"><span style=\"font-size: 18pt;\"><strong>La Fiscal\u00eda General de la Rep\u00fablica (FGR) inform\u00f3 en un comunicado que hay una solicitud de aprehensi\u00f3n contra \u201cGenaro \u2018G\u2019\u201d que \u201cse halla en tr\u00e1mite\u201d, pero no ofreci\u00f3 detalles. Un agente federal confirm\u00f3 que la acci\u00f3n es contra Genaro Garc\u00eda Luna, quien fue secretario de Seguridad P\u00fablica de 2006 a 2012 durante el gobierno del entonces presidente Felipe Calder\u00f3n. <\/strong><\/span><\/p>\n<p class=\"p1\"><span style=\"font-size: 18pt; color: #139eca;\"><strong>De concretarse la medida podr\u00eda sumarse a otras dos \u00f3rdenes de captura que tiene en M\u00e9xico por el ingreso ilegal de armas y licitaciones penitenciarias.<\/strong><\/span><\/p>\n<p>&nbsp;<\/p>\n<p class=\"p1\"><span style=\"font-size: 18pt; color: #139eca;\"><b>R\u00c1PIDO Y FURIOSO<\/b><\/span><\/p>\n<p class=\"p1\"><span style=\"font-size: 18pt;\"><strong>La Fiscal\u00eda General de la Rep\u00fablica descart\u00f3 que las acciones que se siguen en M\u00e9xico est\u00e9n relacionadas con el proceso que se desarrolla en Estados Unidos, donde Genaro Garc\u00eda Luna se encuentra detenido desde 2019, y dijo que el juicio \u201cno incide, en modo alguno, con los procedimientos mexicanos\u201d.<\/strong><\/span><\/p>\n<p class=\"p1\"><span style=\"font-size: 14pt;\">Las autoridades mexicanas contin\u00faan gestionando con Estados Unidos la extradici\u00f3n del exsecretario de Seguridad, precis\u00f3 la Fiscal\u00eda General de la Rep\u00fablica<\/span><\/p>\n<p class=\"p1\"><span style=\"font-size: 18pt;\"><strong>Uno de los procesos que Genaro Garc\u00eda Luna tiene en M\u00e9xico est\u00e1 relacionado con el fallido operativo federal estadounidense conocido como \u201cR\u00e1pido y Furioso\u201d, el cual sali\u00f3 a la luz tras la muerte del agente fronterizo Brian Terry a finales de 2010.<\/strong><\/span><\/p>\n<p>&nbsp;<\/p>\n<p><img data-recalc-dims=\"1\" loading=\"lazy\" decoding=\"async\" class=\"aligncenter wp-image-15641 size-large\" src=\"https:\/\/i0.wp.com\/politicosaldesnudo.com.mx\/wp-content\/uploads\/2023\/01\/P-RAPIDO-Y-FURIOSO-1024x573.png?resize=800%2C448&#038;ssl=1\" alt=\"\" width=\"800\" height=\"448\" srcset=\"https:\/\/i0.wp.com\/politicosaldesnudo.com.mx\/wp-content\/uploads\/2023\/01\/P-RAPIDO-Y-FURIOSO.png?resize=1024%2C573&amp;ssl=1 1024w, https:\/\/i0.wp.com\/politicosaldesnudo.com.mx\/wp-content\/uploads\/2023\/01\/P-RAPIDO-Y-FURIOSO.png?resize=300%2C168&amp;ssl=1 300w, https:\/\/i0.wp.com\/politicosaldesnudo.com.mx\/wp-content\/uploads\/2023\/01\/P-RAPIDO-Y-FURIOSO.png?resize=768%2C430&amp;ssl=1 768w, https:\/\/i0.wp.com\/politicosaldesnudo.com.mx\/wp-content\/uploads\/2023\/01\/P-RAPIDO-Y-FURIOSO.png?resize=1536%2C859&amp;ssl=1 1536w, https:\/\/i0.wp.com\/politicosaldesnudo.com.mx\/wp-content\/uploads\/2023\/01\/P-RAPIDO-Y-FURIOSO.png?w=1816&amp;ssl=1 1816w, https:\/\/i0.wp.com\/politicosaldesnudo.com.mx\/wp-content\/uploads\/2023\/01\/P-RAPIDO-Y-FURIOSO.png?w=1600&amp;ssl=1 1600w\" sizes=\"auto, (max-width: 800px) 100vw, 800px\" \/><\/p>\n<p>&nbsp;<\/p>\n<p class=\"p1\"><span style=\"font-size: 18pt;\"><strong>El operativo \u201cR\u00e1pido y Furioso\u201d se desarroll\u00f3 entre 2009 y 2011 cuando agentes de la Oficina de Alcohol, Tabaco, Armas de Fuego y Explosivos de Estados Unidos (ATF por sus siglas en ingl\u00e9s) permitieron la salida de 2,500 armas ilegales a M\u00e9xico para rastrear las actividades de los c\u00e1rteles de la droga a trav\u00e9s del armamento. La agencia le perdi\u00f3 la pista a la mayor\u00eda de las armas, incluidas dos que fueron encontradas en el lugar en donde Terry fue asesinado en el sur de Arizona.<\/strong><\/span><\/p>\n<p>&nbsp;<\/p>\n<blockquote>\n<p class=\"p1\"><span style=\"font-size: 14pt;\">Seg\u00fan la Fiscal\u00eda General de la Rep\u00fablica, las armas que las autoridades mexicanas permitieron ingresar ilegalmente en ese momento \u201chan causado un gran n\u00famero de muertos y da\u00f1os irreparables a la justicia\u201d<\/span><\/p>\n<\/blockquote>\n<p>&nbsp;<\/p>\n<p class=\"p1\"><span style=\"font-size: 18pt;\"><strong>Garc\u00eda Luna tambi\u00e9n tiene un proceso por unos contratos que hizo el gobierno de Felipe Calder\u00f3n con empresas privadas para construir y prestar servicios a reclusorios federales, los cuales han sido cuestionados por el presidente Andr\u00e9s Manuel L\u00f3pez Obrador y otras autoridades que sostienen que los contratos le generaron un da\u00f1o patrimonial al Estado.<\/strong><\/span><\/p>\n<p>&nbsp;<\/p>\n<p class=\"p1\"><span style=\"font-size: 18pt; color: #139eca;\"><b>SUMAN TRES APREHENSIONES<\/b><\/span><\/p>\n<p class=\"p1\"><span style=\"font-size: 18pt;\"><strong>La Fiscal\u00eda General de la Rep\u00fablica a\u00f1adi\u00f3 que Genaro Garc\u00eda Luna, quien tambi\u00e9n fue director de la extinta Agencia Federal de Investigaciones del 2000 al 2006, enfrenta otras dos investigaciones. Medios locales informaron que un juez eval\u00faa un proceso contra el exfuncionario por enriquecimiento il\u00edcito.<\/strong><\/span><\/p>\n<p class=\"p1\"><span style=\"font-size: 14pt;\">El secretario de Relaciones Exteriores de M\u00e9xico, Marcelo Ebrard, revel\u00f3 la semana pasada la existencia de una demanda en una corte de Estados Unidos en contra de 39 empresas y fideicomisos pertenecientes o en los que participaba Garc\u00eda Luna o sus allegados.<\/span><\/p>\n<p class=\"p1\"><span style=\"font-size: 18pt; color: #139eca;\"><strong>La Unidad de Inteligencia Financiera de M\u00e9xico, que se encarga de investigar el lavado de dinero, interpuso la demanda el 21 de septiembre de 2021 en Miami. La agencia calcula que el monto aproximado a reclamar por contratos p\u00fablicos ligados a dichas compa\u00f1\u00edas era de unos 700 millones de d\u00f3lares.<\/strong><\/span><\/p>\n<p class=\"p1\"><span style=\"font-size: 14pt;\">Durante la primera semana del juicio en Estados Unidos, Sergio Villarreal Barrag\u00e1n, un expolic\u00eda federal que se uni\u00f3 al C\u00e1rtel de Sinaloa, testific\u00f3 de los operativos conjuntos del c\u00e1rtel y la polic\u00eda contra grupos criminales rivales; de c\u00f3mo Genaro Garc\u00eda Luna advert\u00eda de redadas, o que un d\u00eda se llev\u00f3 14 millones de d\u00f3lares en cajas de cart\u00f3n de una bodega repleta de coca\u00edna que la polic\u00eda hab\u00eda incautado al C\u00e1rtel del Golfo y entregado al grupo de Sinaloa.<\/span><\/p>\n<p>&nbsp;<\/p>\n<p>&nbsp;<\/p>\n<p>&nbsp;<\/p>\n<p>&nbsp;<\/p>\n","protected":false},"excerpt":{"rendered":"<p>&nbsp; CIUDAD DE M\u00c9XICO. M\u00e9xico anunci\u00f3 este domingo que se tramita una nueva solicitud de aprensi\u00f3n contra el ex secretario<\/p>\n","protected":false},"author":4,"featured_media":15640,"comment_status":"closed","ping_status":"closed","sticky":false,"template":"","format":"standard","meta":{"colormag_page_container_layout":"default_layout","colormag_page_sidebar_layout":"default_layout","_jetpack_memberships_contains_paid_content":false,"footnotes":"","jetpack_publicize_message":"","jetpack_publicize_feature_enabled":true,"jetpack_social_post_already_shared":false,"jetpack_social_options":{"image_generator_settings":{"template":"highway","default_image_id":0,"font":"","enabled":false},"version":2}},"categories":[33],"tags":[269,1141,890,1683,42,1676],"class_list":["post-15639","post","type-post","status-publish","format-standard","has-post-thumbnail","hentry","category-nacional","tag-estados-unidos","tag-felipe-calderon","tag-fiscalia-general-de-la-republica","tag-genaro-garcia-luna","tag-mexico","tag-rapido-y-furioso"],"jetpack_publicize_connections":[],"jetpack_featured_media_url":"https:\/\/i0.wp.com\/politicosaldesnudo.com.mx\/wp-content\/uploads\/2023\/01\/P-GENARO-GARCIA-LUNA.png?fit=1816%2C1016&ssl=1","jetpack-related-posts":[],"jetpack_sharing_enabled":true,"_links":{"self":[{"href":"https:\/\/politicosaldesnudo.com.mx\/index.php\/wp-json\/wp\/v2\/posts\/15639","targetHints":{"allow":["GET"]}}],"collection":[{"href":"https:\/\/politicosaldesnudo.com.mx\/index.php\/wp-json\/wp\/v2\/posts"}],"about":[{"href":"https:\/\/politicosaldesnudo.com.mx\/index.php\/wp-json\/wp\/v2\/types\/post"}],"author":[{"embeddable":true,"href":"https:\/\/politicosaldesnudo.com.mx\/index.php\/wp-json\/wp\/v2\/users\/4"}],"replies":[{"embeddable":true,"href":"https:\/\/politicosaldesnudo.com.mx\/index.php\/wp-json\/wp\/v2\/comments?post=15639"}],"version-history":[{"count":0,"href":"https:\/\/politicosaldesnudo.com.mx\/index.php\/wp-json\/wp\/v2\/posts\/15639\/revisions"}],"wp:featuredmedia":[{"embeddable":true,"href":"https:\/\/politicosaldesnudo.com.mx\/index.php\/wp-json\/wp\/v2\/media\/15640"}],"wp:attachment":[{"href":"https:\/\/politicosaldesnudo.com.mx\/index.php\/wp-json\/wp\/v2\/media?parent=15639"}],"wp:term":[{"taxonomy":"category","embeddable":true,"href":"https:\/\/politicosaldesnudo.com.mx\/index.php\/wp-json\/wp\/v2\/categories?post=15639"},{"taxonomy":"post_tag","embeddable":true,"href":"https:\/\/politicosaldesnudo.com.mx\/index.php\/wp-json\/wp\/v2\/tags?post=15639"}],"curies":[{"name":"wp","href":"https:\/\/api.w.org\/{rel}","templated":true}]}}