{"id":15670,"date":"2023-01-30T00:40:17","date_gmt":"2023-01-30T06:40:17","guid":{"rendered":"https:\/\/politicosaldesnudo.com.mx\/?p=15670"},"modified":"2023-01-30T00:40:17","modified_gmt":"2023-01-30T06:40:17","slug":"justicia-y-democracia-prenadas-de-corrupcion","status":"publish","type":"post","link":"https:\/\/politicosaldesnudo.com.mx\/index.php\/2023\/01\/30\/justicia-y-democracia-prenadas-de-corrupcion\/","title":{"rendered":"Justicia y democracia, pre\u00f1adas de corrupci\u00f3n\u00a0"},"content":{"rendered":"<p class=\"p1\">\n<p>&nbsp;<\/p>\n<p class=\"p1\"><span style=\"font-size: 18pt;\"><b>Por Jos\u00e9 Lima Cobos<span class=\"Apple-converted-space\">\u00a0<\/span><\/b><\/span><\/p>\n<p class=\"p1\"><span style=\"font-size: 14pt;\">Por m\u00e1s que se esfuerce, desga\u00f1ite y denuncie el presidente L\u00f3pez Obrador el combate a la corrupci\u00f3n- que se ha enraizado en M\u00e9xico de manera profunda-, es poco lo que se va a lograr, m\u00e1s cuando existe el antecedente presidencial de Pe\u00f1a Nieto que es una cuesti\u00f3n cultural<span class=\"Apple-converted-space\">\u00a0 <\/span>y que los ind\u00edgenas lo ten\u00edan en su ADN, luego entonces, tenemos que acostumbrarnos a ello, pues si los espa\u00f1oles en su conquista lo demostraron en su rapi\u00f1a, la mezcla que nos trajeron, -para los que se sienten espa\u00f1oles- nos trajeron la cultura y la civilizaci\u00f3n, porque los testimonios que existen es producto de la mediocridad de las etnias, Aztecas, Olmecas, Mayas, etc\u00e9tera.<\/span><\/p>\n<p class=\"p1\"><span style=\"font-size: 18pt;\"><strong>Si se apunta lo anterior es porque con el pretexto de la impartici\u00f3n de la justicia y de que queremos la democracia, tenemos que acostumbrarnos al derroche y ni se puede vivir en la austeridad y menos en la median\u00eda, y ah\u00ed el ejemplo m\u00e1s claro en los ministros de la Suprema Corte que tan pronto vieron amenazados sus privilegios- reforma en 2009 al Art\u00edculo 127 constitucional para que nadie ganara m\u00e1s que el Presidente de la Rep\u00fablica<span class=\"Apple-converted-space\">\u00a0 <\/span>&#8211; de inmediato enmendaron la plana y se aumentaron sus emolumentos y privilegios a niveles de un autentico atraco a la econom\u00eda nacional y si bien pudiera pensarse que ese privilegio exist\u00eda, al menos los nuevos ministros, &#8211; en mediano recato- deber\u00eda demostrar su decencia y aceptar las reglas establecidas, sin embargo, se fueron m\u00e1s al fondo, a grado tal que viven en la opulencia que Karime \u2013 la ex esposa de Duarte- afirmaba merecer.<\/strong><\/span><\/p>\n<p>&nbsp;<\/p>\n<p class=\"p1\"><span style=\"font-size: 18pt; color: #139eca;\"><b>JUSTICIA CARA E INJUSTA<\/b><\/span><\/p>\n<p class=\"p1\"><span style=\"font-size: 18pt;\"><strong>La justicia es cara<span class=\"Apple-converted-space\">\u00a0 <\/span>es cierto y sumamente injusta,- est\u00e1 demostrado en los hechos en M\u00e9xico-<span class=\"Apple-converted-space\">\u00a0 <\/span>pues para cualquier pretexto, se crea una ley de castigo y lo prueba la existencia de tantas c\u00e1rceles abarrotada de delincuente que, como afirma el Presidente de la Rep\u00fablica est\u00e1n presos porque no pudieron para pagar su inocencia, sin embargo, los criminales de cuello blanco est\u00e1n libres y tienen ellos si, la posibilidad de la presunci\u00f3n de inocencia y el debido proceso, por eso, nadie de ellos est\u00e1n en prisi\u00f3n, ah\u00ed est\u00e1n los casos elocuentes como Deschamps, el ex ministro Medina Mora, Vicente Fox, Felipe Calder\u00f3n, Pe\u00f1a Nieto, Elba Esther Gordillo, Salinas de Gortari y muchos m\u00e1s que si bien viven en holganza y con respetabilidad- que no pueden perder &#8211; y m\u00e1s ahora en que, la Suprema Corte ha establecido el criterio que la<span class=\"Apple-converted-space\">\u00a0 <\/span>fiscal\u00eda- de por si ineficiente en<span class=\"Apple-converted-space\">\u00a0 <\/span>su averiguaciones o complicidades \u2013 o la unidad de inteligencia financiera no pueden buscar donde est\u00e1n los recursos m\u00e1l habidos de muchos, pues si bien los bancos informan de esos movimientos sospechosos, nada puede hacer el gobierno de revisar su<span class=\"Apple-converted-space\">\u00a0 <\/span>procedencia<span class=\"Apple-converted-space\">\u00a0 <\/span>si antes no autoriza un juez, o bien que lo pida un gobierno extranjero.<\/strong><\/span><\/p>\n<p>&nbsp;<\/p>\n<p><img data-recalc-dims=\"1\" loading=\"lazy\" decoding=\"async\" class=\"aligncenter wp-image-15671 size-large\" src=\"https:\/\/i0.wp.com\/politicosaldesnudo.com.mx\/wp-content\/uploads\/2023\/01\/P-CORTE-CORRUPCION-1024x573.png?resize=800%2C448&#038;ssl=1\" alt=\"\" width=\"800\" height=\"448\" srcset=\"https:\/\/i0.wp.com\/politicosaldesnudo.com.mx\/wp-content\/uploads\/2023\/01\/P-CORTE-CORRUPCION.png?resize=1024%2C573&amp;ssl=1 1024w, https:\/\/i0.wp.com\/politicosaldesnudo.com.mx\/wp-content\/uploads\/2023\/01\/P-CORTE-CORRUPCION.png?resize=300%2C168&amp;ssl=1 300w, https:\/\/i0.wp.com\/politicosaldesnudo.com.mx\/wp-content\/uploads\/2023\/01\/P-CORTE-CORRUPCION.png?resize=768%2C430&amp;ssl=1 768w, https:\/\/i0.wp.com\/politicosaldesnudo.com.mx\/wp-content\/uploads\/2023\/01\/P-CORTE-CORRUPCION.png?resize=1536%2C859&amp;ssl=1 1536w, https:\/\/i0.wp.com\/politicosaldesnudo.com.mx\/wp-content\/uploads\/2023\/01\/P-CORTE-CORRUPCION.png?w=1816&amp;ssl=1 1816w, https:\/\/i0.wp.com\/politicosaldesnudo.com.mx\/wp-content\/uploads\/2023\/01\/P-CORTE-CORRUPCION.png?w=1600&amp;ssl=1 1600w\" sizes=\"auto, (max-width: 800px) 100vw, 800px\" \/><\/p>\n<p>&nbsp;<\/p>\n<p class=\"p1\"><span style=\"font-size: 14pt;\">Ello ha conducido y propiciado que la Suprema Corte sea la tapadera del saqueo y atracos que imperan en M\u00e9xico y resulta que esa tesis se aprob\u00f3 -a propuesta del ex ministro Medina Mora- con la aprobaci\u00f3n de P\u00e9rez Dayan, Laynez, Yasmin Esquivel, Franco y Luna Ramos, obviamente porque aquel ex ministro, que se le hab\u00edan descubierto movimientos sospechosos de recursos econ\u00f3micos en el extranjeros<span class=\"Apple-converted-space\">\u00a0 <\/span>se vi\u00f3 obligado a<span class=\"Apple-converted-space\">\u00a0 <\/span>renunciar, pero hoy est\u00e1 peor, pues aquella tesis es de la segunda sala, sin embargo, ahora la primera sala ha establecido que es inconstitucional ese actuar y la ponente es nada m\u00e1s y nada menos, la ministra Rios-Farjat que fue<span class=\"Apple-converted-space\">\u00a0 <\/span>propuesta como ministra por el actual presidente L\u00f3pez Obrador, mismo que propuso a Yasmin Esquivel, as\u00ed la cosas-, tal parece que ahora el presidente no solo tiene que ver con las<span class=\"Apple-converted-space\">\u00a0 <\/span>paridas sino<span class=\"Apple-converted-space\">\u00a0 <\/span>tambi\u00e9n con las pre\u00f1adas- aunque ahora se arrepiente de haber propuesto a cuatro de los ministros de este r\u00e9gimen y acostumbrarse a aceptar que la corrupci\u00f3n est\u00e1 en<span class=\"Apple-converted-space\">\u00a0 <\/span>todo, en el viejo r\u00e9gimen que se niega a morir<span class=\"Apple-converted-space\">\u00a0 <\/span>y en este que se niega a nacer en pleno esplendor, ante los obst\u00e1culos que est\u00e1n en las mismas normas legales.<\/span><\/p>\n<p class=\"p1\"><span style=\"font-size: 14pt;\">Por lo mismo, si la costumbre se hace ley, ahora el INE tiene derecho- al igual que la suprema Corte,<span class=\"Apple-converted-space\">\u00a0 <\/span>a vivir en el ADN<span class=\"Apple-converted-space\">\u00a0 <\/span>de la corrupci\u00f3n de entonces y de ahora- de ah\u00ed que las elecciones pr\u00f3ximas tendr\u00e1n que efectuarse con los mismos vicios del derroche , la componenda y el cochupo, porque si 232 diputados se aliaron \u2013 PRI,PAN y PRD-<span class=\"Apple-converted-space\">\u00a0 <\/span>para atentar contra la comisi\u00f3n Federal de Electricidad y Petr\u00f3leos Mexicanos, a los mexicanos nos espera la paciencia para que democr\u00e1ticamente se cambie de ra\u00edz la podredumbre que se apoya en las leyes que existen y que son el reflejo de la avaricia y la voracidad para que<span class=\"Apple-converted-space\">\u00a0 <\/span>nada cambie, pues el pueblo \u2013 ese se merece el desprecio de los potentados- y se<span class=\"Apple-converted-space\">\u00a0 <\/span>mantenga quinientos<span class=\"Apple-converted-space\">\u00a0 <\/span>diputados y de m\u00e1s de<span class=\"Apple-converted-space\">\u00a0 <\/span>cien senadores que solo sirven para medrar y que las elecciones no sirvan m\u00e1s que de escaparate .<\/span><\/p>\n<p class=\"p1\"><span style=\"font-size: 18pt;\"><strong>Si<span class=\"Apple-converted-space\">\u00a0 <\/span>bien el presidente persiste en su lucha contra la hidra de la corrupci\u00f3n, se topa con una Suprema Corte y un INE que est\u00e1n por no perder privilegios y no existe la m\u00ednima posibilidad de que renuncien por dignidad, los ministros por el propuestos, pues como afirma el bandido <span class=\"s1\">\u201c<\/span>lo caido , caido\u201d<span class=\"Apple-converted-space\">\u00a0 <\/span>de ah\u00ed no nos movemos, porque el cinismo es lo que predomina, pues si existiera el pudor, no estar\u00edan en ese sitio, o bien, que hay que esperar una transformaci\u00f3n de fondo, quedando solo el camino de que, el que venga atr\u00e1s que arre, porque es lo \u00fanico con que se cuenta.<\/strong><\/span><\/p>\n<p class=\"p1\"><span style=\"font-size: 18pt;\"><strong>La econom\u00eda va bien, eso ni duda y los principales beneficiarios son los empresarios porque, no han visto menguadas sus ganancias y utilidades y si bien el pueblo en general no ha sido desde\u00f1ado como en el pasado, los apoyos siguen llegando y los grandes capitales ya cumplen con<span class=\"Apple-converted-space\">\u00a0 <\/span>sus obligaciones fiscales y la condonaci\u00f3n ya no existe, am\u00e9n que los bienes rescatados es regresado a las comunidades en emblem\u00e1ticas obras como el tren maya, las refiner\u00edas y la electricidad al servicio de la sociedad en su conjunto, a pesar de la traici\u00f3n manifiesta de los partidos opositores que se resisten al cambio.<\/strong><\/span><\/p>\n<p>&nbsp;<\/p>\n<hr \/>\n<p>&nbsp;<\/p>\n<p class=\"p2\"><strong><span style=\"font-size: 18pt;\">Correo: <a href=\"mailto:limacobos@hotmail.com\">limacobos@hotmail.com<\/a><\/span><\/strong><\/p>\n<p class=\"p2\"><strong><span style=\"font-size: 18pt;\">Twitter: <a href=\"https:\/\/twitter.com\/limacobos1\">@limacobos1<\/a><\/span><\/strong><\/p>\n<p>&nbsp;<\/p>\n<p><img data-recalc-dims=\"1\" loading=\"lazy\" decoding=\"async\" class=\"aligncenter wp-image-14351\" src=\"https:\/\/i0.wp.com\/politicosaldesnudo.com.mx\/wp-content\/uploads\/2023\/01\/FIRMA-EDITORIAL-PD-300x37.png?resize=800%2C98&#038;ssl=1\" alt=\"\" width=\"800\" height=\"98\" srcset=\"https:\/\/i0.wp.com\/politicosaldesnudo.com.mx\/wp-content\/uploads\/2023\/01\/FIRMA-EDITORIAL-PD.png?resize=300%2C37&amp;ssl=1 300w, https:\/\/i0.wp.com\/politicosaldesnudo.com.mx\/wp-content\/uploads\/2023\/01\/FIRMA-EDITORIAL-PD.png?resize=1024%2C125&amp;ssl=1 1024w, https:\/\/i0.wp.com\/politicosaldesnudo.com.mx\/wp-content\/uploads\/2023\/01\/FIRMA-EDITORIAL-PD.png?resize=768%2C94&amp;ssl=1 768w, https:\/\/i0.wp.com\/politicosaldesnudo.com.mx\/wp-content\/uploads\/2023\/01\/FIRMA-EDITORIAL-PD.png?resize=1536%2C188&amp;ssl=1 1536w, https:\/\/i0.wp.com\/politicosaldesnudo.com.mx\/wp-content\/uploads\/2023\/01\/FIRMA-EDITORIAL-PD.png?resize=2048%2C250&amp;ssl=1 2048w, https:\/\/i0.wp.com\/politicosaldesnudo.com.mx\/wp-content\/uploads\/2023\/01\/FIRMA-EDITORIAL-PD.png?w=1600&amp;ssl=1 1600w, https:\/\/i0.wp.com\/politicosaldesnudo.com.mx\/wp-content\/uploads\/2023\/01\/FIRMA-EDITORIAL-PD.png?w=2400&amp;ssl=1 2400w\" sizes=\"auto, (max-width: 800px) 100vw, 800px\" \/><\/p>\n<p>&nbsp;<\/p>\n<p>&nbsp;<\/p>\n<p>&nbsp;<\/p>\n<p>&nbsp;<\/p>\n<p>&nbsp;<\/p>\n<p>&nbsp;<\/p>\n<p>&nbsp;<\/p>\n<p>&nbsp;<\/p>\n<p>&nbsp;<\/p>\n","protected":false},"excerpt":{"rendered":"<p>&nbsp; Por Jos\u00e9 Lima Cobos\u00a0 Por m\u00e1s que se esfuerce, desga\u00f1ite y denuncie el presidente L\u00f3pez Obrador el combate a<\/p>\n","protected":false},"author":4,"featured_media":4215,"comment_status":"closed","ping_status":"closed","sticky":false,"template":"","format":"standard","meta":{"colormag_page_container_layout":"default_layout","colormag_page_sidebar_layout":"default_layout","_jetpack_memberships_contains_paid_content":false,"footnotes":"","jetpack_publicize_message":"","jetpack_publicize_feature_enabled":true,"jetpack_social_post_already_shared":false,"jetpack_social_options":{"image_generator_settings":{"template":"highway","default_image_id":0,"font":"","enabled":false},"version":2}},"categories":[26],"tags":[],"class_list":["post-15670","post","type-post","status-publish","format-standard","has-post-thumbnail","hentry","category-columnistas"],"jetpack_publicize_connections":[],"jetpack_featured_media_url":"https:\/\/i0.wp.com\/politicosaldesnudo.com.mx\/wp-content\/uploads\/2022\/04\/JOSE%CC%81-LIMA-COBOS.png?fit=1816%2C1016&ssl=1","jetpack-related-posts":[],"jetpack_sharing_enabled":true,"_links":{"self":[{"href":"https:\/\/politicosaldesnudo.com.mx\/index.php\/wp-json\/wp\/v2\/posts\/15670","targetHints":{"allow":["GET"]}}],"collection":[{"href":"https:\/\/politicosaldesnudo.com.mx\/index.php\/wp-json\/wp\/v2\/posts"}],"about":[{"href":"https:\/\/politicosaldesnudo.com.mx\/index.php\/wp-json\/wp\/v2\/types\/post"}],"author":[{"embeddable":true,"href":"https:\/\/politicosaldesnudo.com.mx\/index.php\/wp-json\/wp\/v2\/users\/4"}],"replies":[{"embeddable":true,"href":"https:\/\/politicosaldesnudo.com.mx\/index.php\/wp-json\/wp\/v2\/comments?post=15670"}],"version-history":[{"count":0,"href":"https:\/\/politicosaldesnudo.com.mx\/index.php\/wp-json\/wp\/v2\/posts\/15670\/revisions"}],"wp:featuredmedia":[{"embeddable":true,"href":"https:\/\/politicosaldesnudo.com.mx\/index.php\/wp-json\/wp\/v2\/media\/4215"}],"wp:attachment":[{"href":"https:\/\/politicosaldesnudo.com.mx\/index.php\/wp-json\/wp\/v2\/media?parent=15670"}],"wp:term":[{"taxonomy":"category","embeddable":true,"href":"https:\/\/politicosaldesnudo.com.mx\/index.php\/wp-json\/wp\/v2\/categories?post=15670"},{"taxonomy":"post_tag","embeddable":true,"href":"https:\/\/politicosaldesnudo.com.mx\/index.php\/wp-json\/wp\/v2\/tags?post=15670"}],"curies":[{"name":"wp","href":"https:\/\/api.w.org\/{rel}","templated":true}]}}