{"id":15673,"date":"2023-01-30T00:47:10","date_gmt":"2023-01-30T06:47:10","guid":{"rendered":"https:\/\/politicosaldesnudo.com.mx\/?p=15673"},"modified":"2023-01-30T00:47:10","modified_gmt":"2023-01-30T06:47:10","slug":"la-oposicion-en-la-calle","status":"publish","type":"post","link":"https:\/\/politicosaldesnudo.com.mx\/index.php\/2023\/01\/30\/la-oposicion-en-la-calle\/","title":{"rendered":"La oposici\u00f3n en la calle"},"content":{"rendered":"<p class=\"p1\">\n<p>&nbsp;<\/p>\n<p class=\"p1\"><span style=\"font-size: 18pt;\"><b>Por Jos\u00e9 Garc\u00eda S\u00e1nchez<\/b><\/span><\/p>\n<p class=\"p1\"><span style=\"font-size: 14pt;\">Los partidos integrantes de la alianza opositora se mostraron tal y como son al asistir a la Suprema Corte de Justicia de la Naci\u00f3n, por separado, a interponer una denuncia contra la reforma electoral que los legisladores aprobaron. Entre ellos algunos de sus correligionarios.<\/span><\/p>\n<p class=\"p1\"><span style=\"font-size: 18pt;\"><strong>Se organizaron los l\u00edderes del PRI, PAN y PRD para ir en horario diferente, en busca de tres notas informativas y convertirse en la gran noticia del d\u00eda. No fue as\u00ed, Alito, Marko y Zambrano cedieron involuntariamente la trascendencia de su espacio y la informaci\u00f3n esperada, a la gente que iba pasando a un lado del z\u00f3calo capitalino y al verlos les gritaron su sentir.<\/strong><\/span><\/p>\n<p class=\"p1\"><span style=\"font-size: 14pt;\">Para desactivar el repudio mostrado en las tres ocasiones correspondientes a los tres partidos las senadoras de siempre del PAN argumentaron que Morena hab\u00eda enviado personas a agredirlos, que se trataba de grupos de choque de Morena, organizados para reventar su improvisada conferencia de prensa en la escalinata de la Suprema Corte. El desconocimiento total del pensar de los mexicanos, su nulo contacto con la poblaci\u00f3n los obliga a desconocer su pensar, aunque siempre digan en el discurso que millones de mexicanos est\u00e1n detr\u00e1s de ellos, lo cierto es que no es as\u00ed.<\/span><\/p>\n<p>&nbsp;<\/p>\n<p class=\"p1\"><span style=\"font-size: 18pt; color: #139eca;\"><b>GENTE INSULTABA A LOS VENDE PATRIAS <\/b><\/span><\/p>\n<p class=\"p1\"><span style=\"font-size: 18pt;\"><strong>En los videos se muestra claramente que en ning\u00fan momento los esperaban, eran personas que pasaban por ah\u00ed y advertir su presencia y no pudieron ocultar el rechazo a personajes tan oscuros y con trayectorias delictivas. La gente los insultaba y no se quedaba en el lugar, segu\u00eda su camino. La organizaci\u00f3n de quienes les gritaron a los integrantes de la alianza no era homog\u00e9nea, ni su conducta programada, ni sus consignas parejas.<\/strong><\/span><\/p>\n<p class=\"p1\"><span style=\"font-size: 18pt; color: #139eca;\"><strong>Las palabras de rechazo eran muy diferentes en todos los casos, lo cual habla de una reacci\u00f3n espont\u00e1nea: <span class=\"s1\">\u201c<\/span>Amigos de Garc\u00eda Luna\u201d, <span class=\"s1\">\u201c<\/span>Asesinos\u201d, <span class=\"s1\">\u201c<\/span>Ladrones\u201d, <span class=\"s1\">\u201c<\/span>Traidores a la Patria\u201d, <span class=\"s1\">\u201c<\/span>Sinverg\u00fcenzas\u201d, <span class=\"s1\">\u201c<\/span>Rateros\u201d, etc. Es decir, no son consignas partidistas sino expresiones puras de la poblaci\u00f3n.<\/strong><\/span><\/p>\n<p>&nbsp;<\/p>\n<p><img data-recalc-dims=\"1\" loading=\"lazy\" decoding=\"async\" class=\"aligncenter wp-image-15674 size-large\" src=\"https:\/\/i0.wp.com\/politicosaldesnudo.com.mx\/wp-content\/uploads\/2023\/01\/P-ALIANZA-VAPORMEXICO-CORTE-1024x573.png?resize=800%2C448&#038;ssl=1\" alt=\"\" width=\"800\" height=\"448\" srcset=\"https:\/\/i0.wp.com\/politicosaldesnudo.com.mx\/wp-content\/uploads\/2023\/01\/P-ALIANZA-VAPORMEXICO-CORTE.png?resize=1024%2C573&amp;ssl=1 1024w, https:\/\/i0.wp.com\/politicosaldesnudo.com.mx\/wp-content\/uploads\/2023\/01\/P-ALIANZA-VAPORMEXICO-CORTE.png?resize=300%2C168&amp;ssl=1 300w, https:\/\/i0.wp.com\/politicosaldesnudo.com.mx\/wp-content\/uploads\/2023\/01\/P-ALIANZA-VAPORMEXICO-CORTE.png?resize=768%2C430&amp;ssl=1 768w, https:\/\/i0.wp.com\/politicosaldesnudo.com.mx\/wp-content\/uploads\/2023\/01\/P-ALIANZA-VAPORMEXICO-CORTE.png?resize=1536%2C859&amp;ssl=1 1536w, https:\/\/i0.wp.com\/politicosaldesnudo.com.mx\/wp-content\/uploads\/2023\/01\/P-ALIANZA-VAPORMEXICO-CORTE.png?w=1816&amp;ssl=1 1816w, https:\/\/i0.wp.com\/politicosaldesnudo.com.mx\/wp-content\/uploads\/2023\/01\/P-ALIANZA-VAPORMEXICO-CORTE.png?w=1600&amp;ssl=1 1600w\" sizes=\"auto, (max-width: 800px) 100vw, 800px\" \/><\/p>\n<p>&nbsp;<\/p>\n<p class=\"p1\"><span style=\"font-size: 14pt;\">Se trata de una muestra del mundo tan separado de la realidad en el que viven los l\u00edderes de la oposici\u00f3n, que cuando se encuentran de frente con la gente, de carne y hueso y no con los bots que ellos mismo manda a lanzar al Twitter, se dan cuenta que no son nada.<\/span><\/p>\n<p class=\"p1\"><span style=\"font-size: 18pt;\"><strong>Si hubieran enviado gente a sabotear el evento organizado por la alianza opositora quiere decir que tienen infiltrados en sus filas, ya que supuestamente el horario para presentar sus denuncias fue manejado con suma discreci\u00f3n y hermetismo. Mejor que se preocupen por empezar a trabajar, porque lo importante no es ganar sino saber competir.<\/strong><\/span><\/p>\n<p class=\"p1\"><span style=\"font-size: 14pt;\">Partidos como el PAN y el PRI viven el peor momento de su historia, s\u00f3lo los gritos de que ganar\u00e1n en las urnas los cargos de elecci\u00f3n popular los muestra vivos, de otra manera la mediocridad de su propuesta pol\u00edtica est\u00e1 muerta, sobre todo en la ciudad de M\u00e9xico, donde aseguran que tienen el triunfo asegurado.<\/span><\/p>\n<p class=\"p1\"><span style=\"font-size: 14pt;\">Sin duda fue un duro golpe al ego de los l\u00edderes de los tres partidos que vieron que deben ponerse a trabajar para competir, aunque no ganen. Porque estos partidos con m\u00e1s pasado que futuro tienen m\u00e1s que perder que ganar en las pr\u00f3ximas competencias en las urnas de este y el pr\u00f3ximo a\u00f1o.<\/span><\/p>\n<p class=\"p1\"><span style=\"font-size: 14pt;\">Nuevamente su estrategia pol\u00edtica se vino abajo a causa del desconocimiento y falta de contacto con el pensamiento de la poblaci\u00f3n a la que dicen conocer y contar con su apoyo. S\u00f3lo fantas\u00eda.<\/span><\/p>\n<p class=\"p1\"><span style=\"font-size: 18pt;\"><strong>Se les anul\u00f3 es espect\u00e1culo medi\u00e1tico que hab\u00edan preparado al ir por separado. En lugar de tres notas en los medios, hubo tres cuestionamientos severos de la poblaci\u00f3n, en una sola nota, donde la esencia de la informaci\u00f3n fue el repudio social y no la denuncia penal.<\/strong><\/span><\/p>\n<p class=\"p1\"><span style=\"font-size: 18pt; color: #139eca;\"><strong>La oposici\u00f3n por fin se dio cuenta que est\u00e1 en la calle.<\/strong><\/span><\/p>\n<p>&nbsp;<\/p>\n<hr \/>\n<p>&nbsp;<\/p>\n<p><span style=\"font-size: 18pt;\"><strong>Twitter:\u00a0<a href=\"https:\/\/twitter.com\/Josangasa3\">@Josangasa3<\/a><\/strong><\/span><\/p>\n<p>&nbsp;<\/p>\n<p><img data-recalc-dims=\"1\" loading=\"lazy\" decoding=\"async\" class=\"aligncenter wp-image-14351\" src=\"https:\/\/i0.wp.com\/politicosaldesnudo.com.mx\/wp-content\/uploads\/2023\/01\/FIRMA-EDITORIAL-PD-300x37.png?resize=800%2C98&#038;ssl=1\" alt=\"\" width=\"800\" height=\"98\" srcset=\"https:\/\/i0.wp.com\/politicosaldesnudo.com.mx\/wp-content\/uploads\/2023\/01\/FIRMA-EDITORIAL-PD.png?resize=300%2C37&amp;ssl=1 300w, https:\/\/i0.wp.com\/politicosaldesnudo.com.mx\/wp-content\/uploads\/2023\/01\/FIRMA-EDITORIAL-PD.png?resize=1024%2C125&amp;ssl=1 1024w, https:\/\/i0.wp.com\/politicosaldesnudo.com.mx\/wp-content\/uploads\/2023\/01\/FIRMA-EDITORIAL-PD.png?resize=768%2C94&amp;ssl=1 768w, https:\/\/i0.wp.com\/politicosaldesnudo.com.mx\/wp-content\/uploads\/2023\/01\/FIRMA-EDITORIAL-PD.png?resize=1536%2C188&amp;ssl=1 1536w, https:\/\/i0.wp.com\/politicosaldesnudo.com.mx\/wp-content\/uploads\/2023\/01\/FIRMA-EDITORIAL-PD.png?resize=2048%2C250&amp;ssl=1 2048w, https:\/\/i0.wp.com\/politicosaldesnudo.com.mx\/wp-content\/uploads\/2023\/01\/FIRMA-EDITORIAL-PD.png?w=1600&amp;ssl=1 1600w, https:\/\/i0.wp.com\/politicosaldesnudo.com.mx\/wp-content\/uploads\/2023\/01\/FIRMA-EDITORIAL-PD.png?w=2400&amp;ssl=1 2400w\" sizes=\"auto, (max-width: 800px) 100vw, 800px\" \/><\/p>\n<p>&nbsp;<\/p>\n<p>&nbsp;<\/p>\n<p>&nbsp;<\/p>\n<p>&nbsp;<\/p>\n<p>&nbsp;<\/p>\n","protected":false},"excerpt":{"rendered":"<p>&nbsp; Por Jos\u00e9 Garc\u00eda S\u00e1nchez Los partidos integrantes de la alianza opositora se mostraron tal y como son al asistir<\/p>\n","protected":false},"author":4,"featured_media":3934,"comment_status":"closed","ping_status":"closed","sticky":false,"template":"","format":"standard","meta":{"colormag_page_container_layout":"default_layout","colormag_page_sidebar_layout":"default_layout","_jetpack_memberships_contains_paid_content":false,"footnotes":"","jetpack_publicize_message":"","jetpack_publicize_feature_enabled":true,"jetpack_social_post_already_shared":false,"jetpack_social_options":{"image_generator_settings":{"template":"highway","default_image_id":0,"font":"","enabled":false},"version":2}},"categories":[26],"tags":[452,103,2167,318,226,545],"class_list":["post-15673","post","type-post","status-publish","format-standard","has-post-thumbnail","hentry","category-columnistas","tag-oposicion","tag-pan","tag-plan-b","tag-prd","tag-pri","tag-suprema-corte-de-justicia"],"jetpack_publicize_connections":[],"jetpack_featured_media_url":"https:\/\/i0.wp.com\/politicosaldesnudo.com.mx\/wp-content\/uploads\/2022\/04\/JOSE%CC%81-GARCI%CC%81A.png?fit=1816%2C1016&ssl=1","jetpack-related-posts":[],"jetpack_sharing_enabled":true,"_links":{"self":[{"href":"https:\/\/politicosaldesnudo.com.mx\/index.php\/wp-json\/wp\/v2\/posts\/15673","targetHints":{"allow":["GET"]}}],"collection":[{"href":"https:\/\/politicosaldesnudo.com.mx\/index.php\/wp-json\/wp\/v2\/posts"}],"about":[{"href":"https:\/\/politicosaldesnudo.com.mx\/index.php\/wp-json\/wp\/v2\/types\/post"}],"author":[{"embeddable":true,"href":"https:\/\/politicosaldesnudo.com.mx\/index.php\/wp-json\/wp\/v2\/users\/4"}],"replies":[{"embeddable":true,"href":"https:\/\/politicosaldesnudo.com.mx\/index.php\/wp-json\/wp\/v2\/comments?post=15673"}],"version-history":[{"count":0,"href":"https:\/\/politicosaldesnudo.com.mx\/index.php\/wp-json\/wp\/v2\/posts\/15673\/revisions"}],"wp:featuredmedia":[{"embeddable":true,"href":"https:\/\/politicosaldesnudo.com.mx\/index.php\/wp-json\/wp\/v2\/media\/3934"}],"wp:attachment":[{"href":"https:\/\/politicosaldesnudo.com.mx\/index.php\/wp-json\/wp\/v2\/media?parent=15673"}],"wp:term":[{"taxonomy":"category","embeddable":true,"href":"https:\/\/politicosaldesnudo.com.mx\/index.php\/wp-json\/wp\/v2\/categories?post=15673"},{"taxonomy":"post_tag","embeddable":true,"href":"https:\/\/politicosaldesnudo.com.mx\/index.php\/wp-json\/wp\/v2\/tags?post=15673"}],"curies":[{"name":"wp","href":"https:\/\/api.w.org\/{rel}","templated":true}]}}