{"id":15743,"date":"2023-01-31T14:36:03","date_gmt":"2023-01-31T20:36:03","guid":{"rendered":"https:\/\/politicosaldesnudo.com.mx\/?p=15743"},"modified":"2023-01-31T14:36:03","modified_gmt":"2023-01-31T20:36:03","slug":"balaceras-incendios-y-bloqueos-se-desata-mas-violencia-en-celaya","status":"publish","type":"post","link":"https:\/\/politicosaldesnudo.com.mx\/index.php\/2023\/01\/31\/balaceras-incendios-y-bloqueos-se-desata-mas-violencia-en-celaya\/","title":{"rendered":"Balaceras,\u00a0incendios y bloqueos, se desata m\u00e1s violencia en Celaya\u00a0"},"content":{"rendered":"<p>&nbsp;<\/p>\n<p class=\"p2\"><span style=\"font-size: 14pt;\"><em><strong>CELAYA, GTO.<\/strong><\/em> Un fuerte dispositivo de seguridad fue desplegado en el municipio de Celaya por parte del <strong>Ej\u00e9rcito<\/strong>, la <strong>Guardia Nacional<\/strong>, las <strong>Fuerzas de Seguridad P\u00fablica del Estado (FSPE)<\/strong> y la <strong>polic\u00eda local<\/strong> derivado de la <strong>quema de negocios y veh\u00edculos<\/strong>.<\/span><\/p>\n<p class=\"p2\"><span style=\"font-size: 18pt;\"><strong>La Fiscal\u00eda General del Estado (FGE) no ha detenido a ning\u00fan integrante del C\u00e1rtel Santa Rosa de Lima (CSRL), inform\u00f3 un funcionario de la instituci\u00f3n, cuestionado si los hechos de violencia se generaron por un arresto.<\/strong><\/span><\/p>\n<p>&nbsp;<\/p>\n<blockquote>\n<p class=\"p2\"><span style=\"font-size: 14pt;\">Nosotros no hemos detenido a nadie y no hay personas puestas a disposici\u00f3n de la Fiscal\u00eda por parte de las instituciones federales\u201d, recalc\u00f3 la fuente<\/span><\/p>\n<\/blockquote>\n<p>&nbsp;<\/p>\n<p class=\"p2\"><span style=\"font-size: 18pt; color: #139eca;\"><strong>De manera extraoficial circula que en una comunidad de Juventino Rosas, fue detenido \u201cEl Mu\u00f1eco\u201d, un l\u00edder del CSRL.<\/strong><\/span><\/p>\n<p class=\"p2\"><span style=\"font-size: 18pt;\"><strong>Tras esta detenci\u00f3n se desat\u00f3 una ola de violencia, quemando dos tiendas y cuatro veh\u00edculos en diferentes puntos de Celaya. No hay personas lesionadas, ni fallecidas.<\/strong><\/span><\/p>\n<p>&nbsp;<\/p>\n<p><img data-recalc-dims=\"1\" loading=\"lazy\" decoding=\"async\" class=\"aligncenter wp-image-15744 size-large\" src=\"https:\/\/i0.wp.com\/politicosaldesnudo.com.mx\/wp-content\/uploads\/2023\/01\/P-CELAYA-VIOLENCIA-1-1024x573.png?resize=800%2C448&#038;ssl=1\" alt=\"\" width=\"800\" height=\"448\" srcset=\"https:\/\/i0.wp.com\/politicosaldesnudo.com.mx\/wp-content\/uploads\/2023\/01\/P-CELAYA-VIOLENCIA-1.png?resize=1024%2C573&amp;ssl=1 1024w, https:\/\/i0.wp.com\/politicosaldesnudo.com.mx\/wp-content\/uploads\/2023\/01\/P-CELAYA-VIOLENCIA-1.png?resize=300%2C168&amp;ssl=1 300w, https:\/\/i0.wp.com\/politicosaldesnudo.com.mx\/wp-content\/uploads\/2023\/01\/P-CELAYA-VIOLENCIA-1.png?resize=768%2C430&amp;ssl=1 768w, https:\/\/i0.wp.com\/politicosaldesnudo.com.mx\/wp-content\/uploads\/2023\/01\/P-CELAYA-VIOLENCIA-1.png?resize=1536%2C859&amp;ssl=1 1536w, https:\/\/i0.wp.com\/politicosaldesnudo.com.mx\/wp-content\/uploads\/2023\/01\/P-CELAYA-VIOLENCIA-1.png?w=1816&amp;ssl=1 1816w, https:\/\/i0.wp.com\/politicosaldesnudo.com.mx\/wp-content\/uploads\/2023\/01\/P-CELAYA-VIOLENCIA-1.png?w=1600&amp;ssl=1 1600w\" sizes=\"auto, (max-width: 800px) 100vw, 800px\" \/><\/p>\n<p>&nbsp;<\/p>\n<p class=\"p2\"><span style=\"font-size: 18pt;\"><strong>La Secretar\u00eda de Seguridad de Celaya inform\u00f3 que los negocios y autom\u00f3viles quemados son \u201crespuesta a operativos en municipios aleda\u00f1os\u201d.<\/strong><\/span><\/p>\n<p>&nbsp;<\/p>\n<blockquote>\n<p class=\"p2\"><span style=\"font-size: 14pt;\">Se tiene un despliegue operativo entre la Polic\u00eda Municipal, FSPE, Guardia Nacional y la Secretar\u00eda de la Defensa Nacional (Sedena), en el municipio de Celaya\u201d, se\u00f1al\u00f3 la dependencia<\/span><\/p>\n<\/blockquote>\n<p>&nbsp;<\/p>\n<p class=\"p2\"><span style=\"font-size: 18pt;\"><strong>En el municipio de Comonfort fue baleada la presidencia municipal, una comandancia de Polic\u00eda, en tanto que fue quemada una taquer\u00eda, ocho carros y tres tiendas.<\/strong><\/span><\/p>\n<p>&nbsp;<\/p>\n<p><img data-recalc-dims=\"1\" loading=\"lazy\" decoding=\"async\" class=\"aligncenter wp-image-15745 size-large\" src=\"https:\/\/i0.wp.com\/politicosaldesnudo.com.mx\/wp-content\/uploads\/2023\/01\/P-CELAYA-VIOLENCIA-3-1024x573.png?resize=800%2C448&#038;ssl=1\" alt=\"\" width=\"800\" height=\"448\" srcset=\"https:\/\/i0.wp.com\/politicosaldesnudo.com.mx\/wp-content\/uploads\/2023\/01\/P-CELAYA-VIOLENCIA-3.png?resize=1024%2C573&amp;ssl=1 1024w, https:\/\/i0.wp.com\/politicosaldesnudo.com.mx\/wp-content\/uploads\/2023\/01\/P-CELAYA-VIOLENCIA-3.png?resize=300%2C168&amp;ssl=1 300w, https:\/\/i0.wp.com\/politicosaldesnudo.com.mx\/wp-content\/uploads\/2023\/01\/P-CELAYA-VIOLENCIA-3.png?resize=768%2C430&amp;ssl=1 768w, https:\/\/i0.wp.com\/politicosaldesnudo.com.mx\/wp-content\/uploads\/2023\/01\/P-CELAYA-VIOLENCIA-3.png?resize=1536%2C859&amp;ssl=1 1536w, https:\/\/i0.wp.com\/politicosaldesnudo.com.mx\/wp-content\/uploads\/2023\/01\/P-CELAYA-VIOLENCIA-3.png?w=1816&amp;ssl=1 1816w, https:\/\/i0.wp.com\/politicosaldesnudo.com.mx\/wp-content\/uploads\/2023\/01\/P-CELAYA-VIOLENCIA-3.png?w=1600&amp;ssl=1 1600w\" sizes=\"auto, (max-width: 800px) 100vw, 800px\" \/><\/p>\n<p>&nbsp;<\/p>\n<p class=\"p2\"><span style=\"font-size: 14pt;\">La vocera del gobierno del estado en materia de Seguridad, Sophia Huett L\u00f3pez, no ha dado informaci\u00f3n sobre la quema de tiendas, veh\u00edculos y la posible detenci\u00f3n de un capo. Se solicit\u00f3 una entrevista con la funcionaria, pero las peticiones nunca son atendidas.<\/span><\/p>\n<p>&nbsp;<\/p>\n<p>&nbsp;<\/p>\n<p class=\"p2\"><span style=\"font-size: 18pt;\">Con Informaci\u00f3n de La Jornada<\/span><\/p>\n<p>&nbsp;<\/p>\n<p>&nbsp;<\/p>\n<p>&nbsp;<\/p>\n<p>&nbsp;<\/p>\n<p>&nbsp;<\/p>\n","protected":false},"excerpt":{"rendered":"<p>&nbsp; CELAYA, GTO. Un fuerte dispositivo de seguridad fue desplegado en el municipio de Celaya por parte del Ej\u00e9rcito, la<\/p>\n","protected":false},"author":4,"featured_media":15746,"comment_status":"closed","ping_status":"closed","sticky":false,"template":"","format":"standard","meta":{"colormag_page_container_layout":"default_layout","colormag_page_sidebar_layout":"default_layout","_jetpack_memberships_contains_paid_content":false,"footnotes":"","jetpack_publicize_message":"","jetpack_publicize_feature_enabled":true,"jetpack_social_post_already_shared":false,"jetpack_social_options":{"image_generator_settings":{"template":"highway","default_image_id":0,"font":"","enabled":false},"version":2}},"categories":[30],"tags":[2018,1328,742,2191,529,203,168],"class_list":["post-15743","post","type-post","status-publish","format-standard","has-post-thumbnail","hentry","category-estados","tag-bloqueos","tag-celaya","tag-ejercito","tag-el-muneco","tag-guardia-nacional","tag-incendios","tag-violencia"],"jetpack_publicize_connections":[],"jetpack_featured_media_url":"https:\/\/i0.wp.com\/politicosaldesnudo.com.mx\/wp-content\/uploads\/2023\/01\/P-CELAYA-VIOLENCIA.jpg?fit=1816%2C1016&ssl=1","jetpack-related-posts":[],"jetpack_sharing_enabled":true,"_links":{"self":[{"href":"https:\/\/politicosaldesnudo.com.mx\/index.php\/wp-json\/wp\/v2\/posts\/15743","targetHints":{"allow":["GET"]}}],"collection":[{"href":"https:\/\/politicosaldesnudo.com.mx\/index.php\/wp-json\/wp\/v2\/posts"}],"about":[{"href":"https:\/\/politicosaldesnudo.com.mx\/index.php\/wp-json\/wp\/v2\/types\/post"}],"author":[{"embeddable":true,"href":"https:\/\/politicosaldesnudo.com.mx\/index.php\/wp-json\/wp\/v2\/users\/4"}],"replies":[{"embeddable":true,"href":"https:\/\/politicosaldesnudo.com.mx\/index.php\/wp-json\/wp\/v2\/comments?post=15743"}],"version-history":[{"count":0,"href":"https:\/\/politicosaldesnudo.com.mx\/index.php\/wp-json\/wp\/v2\/posts\/15743\/revisions"}],"wp:featuredmedia":[{"embeddable":true,"href":"https:\/\/politicosaldesnudo.com.mx\/index.php\/wp-json\/wp\/v2\/media\/15746"}],"wp:attachment":[{"href":"https:\/\/politicosaldesnudo.com.mx\/index.php\/wp-json\/wp\/v2\/media?parent=15743"}],"wp:term":[{"taxonomy":"category","embeddable":true,"href":"https:\/\/politicosaldesnudo.com.mx\/index.php\/wp-json\/wp\/v2\/categories?post=15743"},{"taxonomy":"post_tag","embeddable":true,"href":"https:\/\/politicosaldesnudo.com.mx\/index.php\/wp-json\/wp\/v2\/tags?post=15743"}],"curies":[{"name":"wp","href":"https:\/\/api.w.org\/{rel}","templated":true}]}}