{"id":15846,"date":"2023-02-06T03:00:35","date_gmt":"2023-02-06T09:00:35","guid":{"rendered":"https:\/\/politicosaldesnudo.com.mx\/?p=15846"},"modified":"2023-02-06T11:01:11","modified_gmt":"2023-02-06T17:01:11","slug":"quistes-del-pasado-en-segob","status":"publish","type":"post","link":"https:\/\/politicosaldesnudo.com.mx\/index.php\/2023\/02\/06\/quistes-del-pasado-en-segob\/","title":{"rendered":"Quistes del pasado en Segob"},"content":{"rendered":"<p>&nbsp;<\/p>\n<p><span style=\"font-size: 18pt;\"><strong>Por \u00c1ngel \u00c1lvaro Pe\u00f1a<\/strong><\/span><\/p>\n<p><span style=\"font-size: 14pt;\">Mientras haya quien conserve los vicios del pasado seguir\u00e1n estando presente esos errores, esto es lo que sucede en oficinas de gobierno donde lo nuevo no acaba de nacer y lo viejo no acaba de morir. Esto sucede en diferentes oficinas de gobierno donde mandos medios, con capacidad de decisi\u00f3n, impiden transformar algunas dependencias del actual gobierno.<\/span><\/p>\n<p><span style=\"font-size: 18pt; color: #139eca;\"><strong>Este es el caso de la Secretar\u00eda de Gobernaci\u00f3n cuyo esp\u00edritu de cambio hab\u00eda sufrido una inercia que no permit\u00eda una din\u00e1mica mayor que la acostumbrada por la burocracia de los viejos tiempos. Su actual titular en a\u00f1o y medio de gesti\u00f3n, ha logrado erradicar vicios y poner a tiempo el reloj de la pol\u00edtica interna de M\u00e9xico, prueba de ello es lo que se ha logrado con el Mecanismo de Protecci\u00f3n Para Defensores de Derechos Humanos y Periodistas, donde por fin existe la conciencia de que la vida de los comunicadores est\u00e1 en sus manos.<\/strong><\/span><\/p>\n<p>&nbsp;<\/p>\n<p><img data-recalc-dims=\"1\" loading=\"lazy\" decoding=\"async\" class=\"aligncenter wp-image-15848 size-large\" src=\"https:\/\/i0.wp.com\/politicosaldesnudo.com.mx\/wp-content\/uploads\/2023\/02\/Y3H6KSIK6BD6VKVGVJPNF374XA-1024x576.jpg?resize=800%2C450&#038;ssl=1\" alt=\"\" width=\"800\" height=\"450\" srcset=\"https:\/\/i0.wp.com\/politicosaldesnudo.com.mx\/wp-content\/uploads\/2023\/02\/Y3H6KSIK6BD6VKVGVJPNF374XA.jpg?resize=1024%2C576&amp;ssl=1 1024w, https:\/\/i0.wp.com\/politicosaldesnudo.com.mx\/wp-content\/uploads\/2023\/02\/Y3H6KSIK6BD6VKVGVJPNF374XA.jpg?resize=300%2C169&amp;ssl=1 300w, https:\/\/i0.wp.com\/politicosaldesnudo.com.mx\/wp-content\/uploads\/2023\/02\/Y3H6KSIK6BD6VKVGVJPNF374XA.jpg?resize=768%2C432&amp;ssl=1 768w, https:\/\/i0.wp.com\/politicosaldesnudo.com.mx\/wp-content\/uploads\/2023\/02\/Y3H6KSIK6BD6VKVGVJPNF374XA.jpg?resize=1536%2C864&amp;ssl=1 1536w, https:\/\/i0.wp.com\/politicosaldesnudo.com.mx\/wp-content\/uploads\/2023\/02\/Y3H6KSIK6BD6VKVGVJPNF374XA.jpg?w=1920&amp;ssl=1 1920w, https:\/\/i0.wp.com\/politicosaldesnudo.com.mx\/wp-content\/uploads\/2023\/02\/Y3H6KSIK6BD6VKVGVJPNF374XA.jpg?w=1600&amp;ssl=1 1600w\" sizes=\"auto, (max-width: 800px) 100vw, 800px\" \/><\/p>\n<p>&nbsp;<\/p>\n<p><span style=\"font-size: 18pt;\"><strong>Los trabajos del Mecanismo deber\u00e1n estar encaminados a la prevenci\u00f3n de las agresiones a los periodistas, no s\u00f3lo de los homicidios sino de amenazas, y todo tipo de violencia contra los comunicadores, lo saben y han iniciado un proceso de cambio dentro del Mecanismo que, si bien todav\u00eda no lo logran, realizan un esfuerzo para lograrlo.<\/strong><\/span><\/p>\n<p><span style=\"font-size: 14pt;\">Por ejemplo, no se hab\u00eda sabido que los escoltas asignados a alg\u00fan periodista le hayan salvado la vida. Como sucedi\u00f3 en Canc\u00fan, Quintana Roo, con el compa\u00f1ero Rub\u00e9n Dar\u00edo Cruz Hern\u00e1ndez, reportero del peri\u00f3dico Por Esto, quien sali\u00f3 ileso luego de un atentado de un comando.<\/span><\/p>\n<p><span style=\"font-size: 14pt;\">Dar\u00edo Cruz era un periodista desplazado de Veracruz, y se encuentra bajo la protecci\u00f3n del gobierno federal por anteriores amenazas y actos que han atentado contra su vida en los \u00faltimos a\u00f1os.<\/span><\/p>\n<p><span style=\"font-size: 14pt;\">El periodista aclara que fue un escolta del Mecanismo quien dispar\u00f3 su arma al percatarse del hombre armado que se acerc\u00f3 a ellos, despu\u00e9s de una aparente persecuci\u00f3n que termin\u00f3 en las inmediaciones del penal de Canc\u00fan, a un kil\u00f3metro de las instalaciones del diario donde labora.<\/span><\/p>\n<p><span style=\"font-size: 14pt;\">Cruz inici\u00f3 su actividad period\u00edstica hace 12 a\u00f1os en el extinto Diario del Sur, en Acayucan, Veracruz. Hace seis a\u00f1os tuvo que trasladarse a Canc\u00fan luego de las amenazas que sufri\u00f3 en Veracruz donde los actos de violencia contra periodistas son comunes.<\/span><\/p>\n<p><span style=\"font-size: 18pt;\"><strong>Anteriormente, el Mecanismo, perteneciente a la Secretar\u00eda de Gobernaci\u00f3n, ni siquiera era capaz de otorgar la protecci\u00f3n b\u00e1sica, porque por lo menos la mitad de los periodistas muertos estaban inscritos en el Mecanismo, y a quienes estaban inscritos les regateaban hasta la gasolina de los veh\u00edculos. Para otorgar un veh\u00edculo, cuyo uso es plenamente justificado, tardan a\u00f1os en otorgarlo, muchas veces deb\u00eda interponerse un amparo para lograrlo.<\/strong><\/span><\/p>\n<p><span style=\"font-size: 18pt; color: #139eca;\"><strong>La Junta de Gobierno del Mecanismo, estaba integrada todav\u00eda hace a\u00f1o y medio por funcionarios de la administraci\u00f3n anterior, donde todav\u00eda quedan algunos, que se encargaba de regatear los derechos de los defensores de los derechos humanos y los periodistas, de ah\u00ed los homicidios imperdonables de estos bur\u00f3cratas que les importaba m\u00e1s la austeridad que se confund\u00eda con la consigna opositora.<\/strong><\/span><\/p>\n<p><span style=\"font-size: 14pt;\">Cuando los mandos medios y en algunos casos los superiores, permanecen dentro de la administraci\u00f3n p\u00fablica con la orden de pagar la factura a los funcionarios que les dieron el empleo, y reciben \u00f3rdenes que se parecen m\u00e1s al sabotaje contra la 4T que a la responsabilidad para la que fueron contratados.<\/span><\/p>\n<p><span style=\"font-size: 18pt;\"><strong>Los mandos que se anquilosaron, aparentemente discretos pero efectivos, se convierten en un peligro para el desarrollo de la transformaci\u00f3n como sucede en la Termoel\u00e9ctrica Adolfo L\u00f3pez Mateos, de Tuxpan, Veracruz, donde la gente que se qued\u00f3, de administraciones anteriores, hace equipo con quienes intentan sabotear el trabajo de Manuel Bartlett, quien ha demostrado un gran inter\u00e9s en beneficio de la poblaci\u00f3n.<\/strong><\/span><\/p>\n<p><span style=\"font-size: 18pt; color: #139eca;\"><strong>La politizaci\u00f3n de los problemas sociales no debe ocurrir, pero ante la ausencia de propuestas propias, la oposici\u00f3n se ha montado en accidentes que en lugar de contribuir a su soluci\u00f3n o mitigar las consecuencias, toma como banderas la desgracia ajena, aunque se trate de v\u00edctimas mortales.<\/strong><\/span><\/p>\n<p><span style=\"font-size: 18pt;\"><strong>La presencia de personas de administraciones anteriores en espacios de decisiones y responsabilidades p\u00fablicas contribuye, en gran medida, a que los problemas del pa\u00eds no se arreglen satisfactoriamente y sin importar las consecuencias, puedan tener elementos de cr\u00edtica al actual gobierno, como si los errores fueran intencionales o por negligencia.<\/strong><\/span><\/p>\n<p><span style=\"font-size: 14pt;\">Ah\u00ed est\u00e1 el caso del Metro, donde tantos accidentes, tan continuos, luego de a\u00f1os de haber funcionado perfectamente, mueve a pensar que se trata de incidentes planeados por contrincantes, ya sea incrustados en el sindicato de trabajadores del Sistema de Transporte Colectivo, cuyo liderazgo es pri\u00edsta, o por simple consigna de la oposici\u00f3n, se provocan accidentes que pueden costar la vida de muchas personas, que es lo que esperan algunos para culpar al gobierno federal. Aunque no se descarta el fuego amigo. As\u00ed se las gastan.<\/span><\/p>\n<p><span style=\"font-size: 14pt;\">Ya se abus\u00f3 de las quejas de los periodistas asesinados, su continuidad traspas\u00f3 nuestras fronteras y los voceros de los partidos de oposici\u00f3n convocaron a pronunciarse a organismos internacionales con el objetivo de desgastar y se\u00f1alar, en lugar de contribuir al bienestar del pa\u00eds el sabotaje pareciera ser la \u00fanica estrategia pol\u00edtica de algunos que no miden consecuencias.<\/span><\/p>\n<p><span style=\"font-size: 18pt;\"><strong>En el Mecanismo de Protecci\u00f3n Para Defensores de Derechos Humanos y Periodistas, entendieron que la burocratizaci\u00f3n que condujo a varias muertes de comunicadores, debi\u00f3 tener como posibles causas, la austeridad, el regateo de protecci\u00f3n, la negligencia, la lentitud de soluciones, la rigidez de requisitos, etc.<\/strong><\/span><\/p>\n<p><span style=\"font-size: 18pt;\"><strong>Debieron pasar cuatro a\u00f1os para darse cuenta de que el enemigo estaba dentro de las oficinas de la transformaci\u00f3n cuya \u00fanica funci\u00f3n era detenerla, evitarla, sabotearla. Las acciones estaban bien establecidas y radican en la filtraci\u00f3n de informaci\u00f3n, la lentitud de resoluciones, la negaci\u00f3n de servicios, la imposici\u00f3n de tr\u00e1mites innecesarios, entre otras muchas trabas que hacen del trabajo de la burocracia una trinchera pol\u00edtica que debe ser estudiada, investigada y sancionada.<\/strong><\/span><\/p>\n<p>&nbsp;<\/p>\n<p><span style=\"font-size: 18pt; color: #139eca;\"><strong>PEGA Y CORRE<\/strong><\/span><\/p>\n<p><span style=\"font-size: 14pt;\">El l\u00edder nacional del PAN inicia su campa\u00f1a Comit\u00e9 Azul Migrante con la visita de un pr\u00f3fugo de la justicia mexicana, Ricardo Anaya, en Dallas, Texas. acusado de delitos de operaciones con recursos de procedencia il\u00edcita y asociaci\u00f3n delictuosa. En ese mismo pa\u00eds se lleva a cabo el proceso penal de otro panista, Genaro Garc\u00eda Luna, acusado de uso indebido de atribuciones y facultades, asociaci\u00f3n delictuosa, enriquecimiento il\u00edcito, introducci\u00f3n ilegal de armamento en el caso \u2018R\u00e1pido y Furioso\u2019, narcotr\u00e1fico y v\u00ednculos con el c\u00e1rtel de Sinaloa.<\/span><\/p>\n<p>&nbsp;<\/p>\n<p><em><span style=\"font-size: 18pt;\"><strong>Esta columna se publica los lunes, mi\u00e9rcoles y viernes<\/strong><\/span><\/em><\/p>\n<p>&nbsp;<\/p>\n<hr \/>\n<p>&nbsp;<\/p>\n<p><img data-recalc-dims=\"1\" loading=\"lazy\" decoding=\"async\" class=\"aligncenter wp-image-14351\" src=\"https:\/\/i0.wp.com\/politicosaldesnudo.com.mx\/wp-content\/uploads\/2023\/01\/FIRMA-EDITORIAL-PD-300x37.png?resize=800%2C98&#038;ssl=1\" alt=\"\" width=\"800\" height=\"98\" srcset=\"https:\/\/i0.wp.com\/politicosaldesnudo.com.mx\/wp-content\/uploads\/2023\/01\/FIRMA-EDITORIAL-PD.png?resize=300%2C37&amp;ssl=1 300w, https:\/\/i0.wp.com\/politicosaldesnudo.com.mx\/wp-content\/uploads\/2023\/01\/FIRMA-EDITORIAL-PD.png?resize=1024%2C125&amp;ssl=1 1024w, https:\/\/i0.wp.com\/politicosaldesnudo.com.mx\/wp-content\/uploads\/2023\/01\/FIRMA-EDITORIAL-PD.png?resize=768%2C94&amp;ssl=1 768w, https:\/\/i0.wp.com\/politicosaldesnudo.com.mx\/wp-content\/uploads\/2023\/01\/FIRMA-EDITORIAL-PD.png?resize=1536%2C188&amp;ssl=1 1536w, https:\/\/i0.wp.com\/politicosaldesnudo.com.mx\/wp-content\/uploads\/2023\/01\/FIRMA-EDITORIAL-PD.png?resize=2048%2C250&amp;ssl=1 2048w, https:\/\/i0.wp.com\/politicosaldesnudo.com.mx\/wp-content\/uploads\/2023\/01\/FIRMA-EDITORIAL-PD.png?w=1600&amp;ssl=1 1600w, https:\/\/i0.wp.com\/politicosaldesnudo.com.mx\/wp-content\/uploads\/2023\/01\/FIRMA-EDITORIAL-PD.png?w=2400&amp;ssl=1 2400w\" sizes=\"auto, (max-width: 800px) 100vw, 800px\" \/><\/p>\n<p>&nbsp;<\/p>\n<p>&nbsp;<\/p>\n","protected":false},"excerpt":{"rendered":"<p>&nbsp; Por \u00c1ngel \u00c1lvaro Pe\u00f1a Mientras haya quien conserve los vicios del pasado seguir\u00e1n estando presente esos errores, esto es<\/p>\n","protected":false},"author":4,"featured_media":15807,"comment_status":"closed","ping_status":"closed","sticky":false,"template":"","format":"standard","meta":{"colormag_page_container_layout":"default_layout","colormag_page_sidebar_layout":"default_layout","_jetpack_memberships_contains_paid_content":false,"footnotes":"","jetpack_publicize_message":"","jetpack_publicize_feature_enabled":true,"jetpack_social_post_already_shared":false,"jetpack_social_options":{"image_generator_settings":{"template":"highway","default_image_id":0,"font":"","enabled":false},"version":2}},"categories":[26],"tags":[1394,870,2197,42,267,645,1046],"class_list":["post-15846","post","type-post","status-publish","format-standard","has-post-thumbnail","hentry","category-columnistas","tag-adan-augusto","tag-mecanismo","tag-mecanismo-de-proteccion","tag-mexico","tag-periodistas","tag-secretaria-de-gobernacion","tag-segob"],"jetpack_publicize_connections":[],"jetpack_featured_media_url":"https:\/\/i0.wp.com\/politicosaldesnudo.com.mx\/wp-content\/uploads\/2023\/02\/ANGEL-ALVARO-PENA1.webp?fit=800%2C445&ssl=1","jetpack-related-posts":[],"jetpack_sharing_enabled":true,"_links":{"self":[{"href":"https:\/\/politicosaldesnudo.com.mx\/index.php\/wp-json\/wp\/v2\/posts\/15846","targetHints":{"allow":["GET"]}}],"collection":[{"href":"https:\/\/politicosaldesnudo.com.mx\/index.php\/wp-json\/wp\/v2\/posts"}],"about":[{"href":"https:\/\/politicosaldesnudo.com.mx\/index.php\/wp-json\/wp\/v2\/types\/post"}],"author":[{"embeddable":true,"href":"https:\/\/politicosaldesnudo.com.mx\/index.php\/wp-json\/wp\/v2\/users\/4"}],"replies":[{"embeddable":true,"href":"https:\/\/politicosaldesnudo.com.mx\/index.php\/wp-json\/wp\/v2\/comments?post=15846"}],"version-history":[{"count":0,"href":"https:\/\/politicosaldesnudo.com.mx\/index.php\/wp-json\/wp\/v2\/posts\/15846\/revisions"}],"wp:featuredmedia":[{"embeddable":true,"href":"https:\/\/politicosaldesnudo.com.mx\/index.php\/wp-json\/wp\/v2\/media\/15807"}],"wp:attachment":[{"href":"https:\/\/politicosaldesnudo.com.mx\/index.php\/wp-json\/wp\/v2\/media?parent=15846"}],"wp:term":[{"taxonomy":"category","embeddable":true,"href":"https:\/\/politicosaldesnudo.com.mx\/index.php\/wp-json\/wp\/v2\/categories?post=15846"},{"taxonomy":"post_tag","embeddable":true,"href":"https:\/\/politicosaldesnudo.com.mx\/index.php\/wp-json\/wp\/v2\/tags?post=15846"}],"curies":[{"name":"wp","href":"https:\/\/api.w.org\/{rel}","templated":true}]}}