{"id":15852,"date":"2023-02-06T03:43:38","date_gmt":"2023-02-06T09:43:38","guid":{"rendered":"https:\/\/politicosaldesnudo.com.mx\/?p=15852"},"modified":"2023-02-08T08:03:39","modified_gmt":"2023-02-08T14:03:39","slug":"creel-se-tropieza-su-pasado-lo-condena","status":"publish","type":"post","link":"https:\/\/politicosaldesnudo.com.mx\/index.php\/2023\/02\/06\/creel-se-tropieza-su-pasado-lo-condena\/","title":{"rendered":"Creel se tropieza, su pasado lo condena"},"content":{"rendered":"<p>&nbsp;<\/p>\n<p style=\"text-align: center;\"><span style=\"font-size: 18pt;\"><strong>&lt;&lt; El ex secretario de Gobernaci\u00f3n en busca de la Presidencia, al caer destapan su pasado que todav\u00eda perdura en la memoria de los mexicanos &gt;&gt;<\/strong><\/span><\/p>\n<p>&nbsp;<\/p>\n<p>&nbsp;<\/p>\n<p><span style=\"font-size: 18pt;\"><strong>Por \u00c1ngel \u00c1lvaro Pe\u00f1a<\/strong><\/span><\/p>\n<p><span style=\"font-size: 14pt;\">Caminar muy pronto puede ocasionar ca\u00eddas irreparables y esto es lo que le sucedi\u00f3 a Santiago Creel, camino a la candidatura a la Presidencia de la Rep\u00fablica para las elecciones del pr\u00f3ximo 2024, camino en el que fue el primero en incorporarse, tratando de madrugar para ver si le amanec\u00eda m\u00e1s temprano. Todo esto sin conocer lo elemental del protocolo de la Presidencia, conocimiento b\u00e1sico para todo pol\u00edtico que se digne de serlo.<\/span><\/p>\n<p><span style=\"font-size: 18pt;\"><strong>Confiado Creel en que su pasado como secretario de Gobernaci\u00f3n de Vicente Fox se hab\u00eda olvidado, busc\u00f3, hace un par de meses, impartir c\u00e1tedra sobre seguridad a Ad\u00e1n Augusto L\u00f3pez. Anteriormente buscaba dialogar con el Presidente de la Rep\u00fablica para armonizar con el actual gobierno mientras manten\u00eda a sus legisladoras gritando insultos al Jefe del Ejecutivo. En ambos casos lo batearon.<\/strong><\/span><\/p>\n<p>&nbsp;<\/p>\n<p><img data-recalc-dims=\"1\" loading=\"lazy\" decoding=\"async\" class=\"aligncenter wp-image-15854 size-large\" src=\"https:\/\/i0.wp.com\/politicosaldesnudo.com.mx\/wp-content\/uploads\/2023\/02\/REPORTAJE-2-1024x768.jpeg?resize=800%2C600&#038;ssl=1\" alt=\"\" width=\"800\" height=\"600\" srcset=\"https:\/\/i0.wp.com\/politicosaldesnudo.com.mx\/wp-content\/uploads\/2023\/02\/REPORTAJE-2.jpeg?resize=1024%2C768&amp;ssl=1 1024w, https:\/\/i0.wp.com\/politicosaldesnudo.com.mx\/wp-content\/uploads\/2023\/02\/REPORTAJE-2.jpeg?resize=300%2C225&amp;ssl=1 300w, https:\/\/i0.wp.com\/politicosaldesnudo.com.mx\/wp-content\/uploads\/2023\/02\/REPORTAJE-2.jpeg?resize=768%2C576&amp;ssl=1 768w, https:\/\/i0.wp.com\/politicosaldesnudo.com.mx\/wp-content\/uploads\/2023\/02\/REPORTAJE-2.jpeg?w=1200&amp;ssl=1 1200w\" sizes=\"auto, (max-width: 800px) 100vw, 800px\" \/><\/p>\n<p>&nbsp;<\/p>\n<p><span style=\"font-size: 18pt; color: #139eca;\"><strong>Desconoc\u00eda los cauces legales adecuados para ambos casos, y mostraba que sus aspiraciones eran muy altas para tratarse del secretario de Acci\u00f3n Pol\u00edtica del PAN.<\/strong><\/span><\/p>\n<p><span style=\"font-size: 14pt;\">Ahora, como Presidente de la Mesa Directiva de la C\u00e1mara de Diputados tambi\u00e9n incurri\u00f3 p\u00fablicamente en desaciertos que lo muestran como un novato en la pol\u00edtica, a pesar de contar con 24 a\u00f1os de militancia en el PAN y m\u00e1s de 30 a\u00f1os en la vida p\u00fablica de M\u00e9xico.<\/span><\/p>\n<p><span style=\"font-size: 18pt;\"><strong>Es necesario tomar en cuenta que los cargos otorgados en los gobiernos del PAN de 2000 a 2012, no fueron entregados a los m\u00e1s capaces para las diferentes responsabilidades sino a los amigos del Presidente y los amigos de los amigos, as\u00ed se convirti\u00f3 en el secretario de Gobernaci\u00f3n de Fox en 2000, por casi cinco a\u00f1os y medio.<\/strong><\/span><\/p>\n<p>&nbsp;<\/p>\n<p>&nbsp;<\/p>\n<p><span style=\"font-size: 18pt; color: #139eca;\"><strong>N\u00daMEROS SUCIOS DE CREEL<\/strong><\/span><\/p>\n<p><span style=\"font-size: 18pt;\"><strong>Una semana antes se dejar el cargo en mayo de 2005, para dedicarse a competir por la candidatura a la Presidencia de la Rep\u00fablica, Creel otorg\u00f3 permisos a acaudalados empresarios mexicanos, entre ellos algunos relacionados con los medios como Emilio Azc\u00e1rraga Jean, de Televisa; Olegario V\u00e1zquez Ra\u00f1a, del Grupo Imagen, y Carlos Enrique Abraham Mafud, concesionario de TV Azteca, en Yucat\u00e1n.<\/strong><\/span><\/p>\n<p><span style=\"font-size: 18pt;\"><strong>Al due\u00f1o de Televisa le autoriz\u00f3 170 centros de apuestas y salas de sorteos de n\u00fameros; al propietario del diario Exc\u00e9lsior, Cadena 3 y Reporte 98.5 le dio permisos para operar 20 salas de sorteos de n\u00famero y al concesionario de TV Azteca en Yucat\u00e1n, le otorg\u00f3 36 autorizaciones para operar centros de apuestas y salas de sorteos de n\u00fameros.<\/strong><\/span><\/p>\n<p><span style=\"font-size: 18pt; color: #139eca;\"><strong>En s\u00f3lo cinco d\u00edas, autoriz\u00f3 un total de 432 centros de apuestas remotas y salas de sorteo por un periodo de 25 a\u00f1os.<\/strong><\/span><\/p>\n<p><span style=\"font-size: 18pt; color: #139eca;\"><strong>Entre los d\u00edas 3, 6, 17, 18 y 25 de mayo de 2005, aument\u00f3 en consecuencia el n\u00famero de permisionarios en m\u00e1s de 30 por ciento; es decir, de 18 que hab\u00eda registrados, a 25.<\/strong><\/span><\/p>\n<p><span style=\"font-size: 18pt;\"><strong>El 30 de julio de 2008, el entonces senador Santiago Creel Miranda fue denunciado por supuesto tr\u00e1fico de influencias y uso indebido de atribuciones al otorgar de manera discrecional casi 450 autorizaciones para la apertura de salas de juego.<\/strong><\/span><\/p>\n<p><span style=\"font-size: 14pt;\">Al final, en la Procuradur\u00eda General de la Rep\u00fablica qued\u00f3 archivada y sin consecuencias contra Santiago Creel Miranda, quien dos a\u00f1os antes de ese proceso contaba ya con la protecci\u00f3n del fuero como senador.<\/span><\/p>\n<p><span style=\"font-size: 18pt;\"><strong>La denuncia contra Creel fue por incurrir en irregularidades en el otorgamiento de permisos para casas de apuestas, la interpuso ante la Secretar\u00eda de la Funci\u00f3n P\u00fablica el presidente de la organizaci\u00f3n ciudadana \u201cDi no a los Casinos \u00a1S\u00ed al Turismo Nuevo!\u201d, Daniel Olivares Villag\u00f3mez.<\/strong><\/span><\/p>\n<p><span style=\"font-size: 14pt;\">Pero \u00e9sta tampoco tuvo efecto y se sancion\u00f3 a funcionarios menores como Manuel Ignacio Fierro Evans, ex titular de la Unidad de Gobierno; Jos\u00e9 Guadalupe Vargas, ex director general de Juegos y Sorteos, y Fernando Chargoy, subdirector de Control y Finiquito de Espect\u00e1culos en Vivo, Ezequiel Gonz\u00e1lez Matus, ex director general adjunto de Juegos y Sorteos de la Secretar\u00eda de Gobernaci\u00f3n, a quien el propio Santiago Creel responsabiliz\u00f3 p\u00fablicamente del proceso de autorizaci\u00f3n para la apertura de los casi 450 centros de apuestas y salas de sorteos.<\/span><\/p>\n<p><span style=\"font-size: 14pt;\"><strong>\u00a0<\/strong><\/span><\/p>\n<p>&nbsp;<\/p>\n<p><span style=\"font-size: 18pt; color: #139eca;\"><strong>DESFALCO DE CREEL EN EL FONDEN<\/strong><\/span><\/p>\n<p><span style=\"font-size: 18pt;\"><strong>Durante su gesti\u00f3n como secretario de gobernaci\u00f3n Creel desfalc\u00f3 al Fondo Nacional de Desastres Naturales por m\u00e1s de 800 millones de pesos. Dichos recursos fueron utilizados para \u201cuso electoral\u201d, para favorecer a gobiernos panistas, principalmente a Guanajuato, Aguascalientes y Yucat\u00e1n. Creel hizo todo lo posible para impedir que se transparentara el destino de los recursos del Fonden.<\/strong><\/span><\/p>\n<p><span style=\"font-size: 14pt;\">El hurac\u00e1n Isidore de categor\u00eda 3 que entr\u00f3 al territorio yucateco, tard\u00f3 36 horas en atravesar el Estado provocando severos da\u00f1os. Dej\u00f3 m\u00e1s de 500 mil damnificados, da\u00f1os en 15 mil casas; 85 municipios fueron afectados, destruy\u00f3 700 ranchos yucatecos, pero los fondos para la reconstrucci\u00f3n estaban siendo utilizados para otros fines.<\/span><\/p>\n<p><span style=\"font-size: 18pt;\"><strong>Se denunci\u00f3 a Creel por desv\u00edo de los recursos del Fonden fueron tambi\u00e9n para beneficiar a un grupo de compa\u00f1\u00edas privadas, entre ellas una perteneciente a los hijos de Martha Sahag\u00fan.<\/strong><\/span><\/p>\n<p><span style=\"font-size: 18pt; color: #139eca;\"><strong>A mediados de 2020 fue cancelado el Fonden y uno de los partidos que m\u00e1s protest\u00f3 por esta desaparici\u00f3n fue el PAN.<\/strong><\/span><\/p>\n<p>&nbsp;<\/p>\n<p><img data-recalc-dims=\"1\" loading=\"lazy\" decoding=\"async\" class=\"aligncenter wp-image-15853 size-large\" src=\"https:\/\/i0.wp.com\/politicosaldesnudo.com.mx\/wp-content\/uploads\/2023\/02\/REPORTAJE-1-1024x682.jpg?resize=800%2C533&#038;ssl=1\" alt=\"\" width=\"800\" height=\"533\" srcset=\"https:\/\/i0.wp.com\/politicosaldesnudo.com.mx\/wp-content\/uploads\/2023\/02\/REPORTAJE-1.jpg?resize=1024%2C682&amp;ssl=1 1024w, https:\/\/i0.wp.com\/politicosaldesnudo.com.mx\/wp-content\/uploads\/2023\/02\/REPORTAJE-1.jpg?resize=300%2C200&amp;ssl=1 300w, https:\/\/i0.wp.com\/politicosaldesnudo.com.mx\/wp-content\/uploads\/2023\/02\/REPORTAJE-1.jpg?resize=768%2C512&amp;ssl=1 768w, https:\/\/i0.wp.com\/politicosaldesnudo.com.mx\/wp-content\/uploads\/2023\/02\/REPORTAJE-1.jpg?w=1280&amp;ssl=1 1280w\" sizes=\"auto, (max-width: 800px) 100vw, 800px\" \/><\/p>\n<p>&nbsp;<\/p>\n<p><span style=\"font-size: 18pt; color: #139eca;\"><strong>Existe, adem\u00e1s, en una investigaci\u00f3n &#8211;contra el empresario V\u00edctor Manuel \u00c1lvarez Puga y su esposa, la conductora In\u00e9s G\u00f3mez Mont, sobrina del ex secretario de Gobernaci\u00f3n de Felipe Calder\u00f3n, Fernando G\u00f3mez-Mont Urueta&#8211;, por lavado de dinero y desv\u00edo de recursos p\u00fablicos por casi 3 mil millones de pesos, en la cual aparece Santiago Creel y su hijo como socios de una red de empresas \u201cfactureras\u201d usadas para evadir al fisco.<\/strong><\/span><\/p>\n<p><span style=\"font-size: 14pt;\">Por si esto fuera poco, seg\u00fan la revista Contral\u00ednea, la FGR, la UIF y el SAT investigan al panista Santiago Creel Miranda, a su hijo Santiago y al excandidato del PAN a la Presidencia, Ricardo Anaya Cort\u00e9s, por supuestamente participar en una intrincada red financiera que vincula a pol\u00edticos y despachos de abogados con 36 factureras. La mayor\u00eda de las empresas tienen su sede en Zapopan, principal centro de operaciones del C\u00e1rtel Jalisco Nueva Generaci\u00f3n. Otros il\u00edcitos que se indagan son defraudaci\u00f3n del fisco y lavado dinero del narcotr\u00e1fico<\/span><\/p>\n<p><span style=\"font-size: 18pt;\"><strong>El actual diputado federal por el PAN es investigado junto con su hijo Santiago Creel Garza-R\u00edos y el excandidato panista a la Presidencia de la Rep\u00fablica, Ricardo Anaya Cort\u00e9s, por participar supuestamente en una intrincada red financiera que vincula a pol\u00edticos y despachos de abogados con empresas acusadas de facturar operaciones sospechosas.<\/strong><\/span><\/p>\n<p>&nbsp;<\/p>\n<p><img data-recalc-dims=\"1\" loading=\"lazy\" decoding=\"async\" class=\"aligncenter wp-image-15856 size-large\" src=\"https:\/\/i0.wp.com\/politicosaldesnudo.com.mx\/wp-content\/uploads\/2023\/02\/REPORTAJE-4-1024x683.jpeg?resize=800%2C534&#038;ssl=1\" alt=\"\" width=\"800\" height=\"534\" srcset=\"https:\/\/i0.wp.com\/politicosaldesnudo.com.mx\/wp-content\/uploads\/2023\/02\/REPORTAJE-4.jpeg?resize=1024%2C683&amp;ssl=1 1024w, https:\/\/i0.wp.com\/politicosaldesnudo.com.mx\/wp-content\/uploads\/2023\/02\/REPORTAJE-4.jpeg?resize=300%2C200&amp;ssl=1 300w, https:\/\/i0.wp.com\/politicosaldesnudo.com.mx\/wp-content\/uploads\/2023\/02\/REPORTAJE-4.jpeg?resize=768%2C512&amp;ssl=1 768w, https:\/\/i0.wp.com\/politicosaldesnudo.com.mx\/wp-content\/uploads\/2023\/02\/REPORTAJE-4.jpeg?resize=1536%2C1024&amp;ssl=1 1536w, https:\/\/i0.wp.com\/politicosaldesnudo.com.mx\/wp-content\/uploads\/2023\/02\/REPORTAJE-4.jpeg?w=1920&amp;ssl=1 1920w\" sizes=\"auto, (max-width: 800px) 100vw, 800px\" \/><\/p>\n<p>&nbsp;<\/p>\n<p><span style=\"font-size: 18pt; color: #139eca;\"><strong>El distanciamiento que los panistas tienen ante los militares, a quienes responsabilizan de la seguridad en todo el pa\u00eds, y, al mismo tiempo, rechazan la presencia de la Guardia Nacional a pesar de que Guanajuato, Chihuahua, Aguascalientes, son los m\u00e1s violentos y son gobernados por el PAN.<\/strong><\/span><\/p>\n<p><span style=\"font-size: 14pt;\">Podr\u00eda pensarse que su intenci\u00f3n por ser candidato a la Presidencia, que parece alej\u00e1rsele cada d\u00eda m\u00e1s, no es s\u00f3lo por ambici\u00f3n o protagonismo sino por obtener el fueron correspondiente y alcanzar la impunidad.<\/span><\/p>\n<p>&nbsp;<\/p>\n<p>&nbsp;<\/p>\n<p>&nbsp;<\/p>\n<p>&nbsp;<\/p>\n<p>&nbsp;<\/p>\n","protected":false},"excerpt":{"rendered":"<p>&nbsp; &lt;&lt; El ex secretario de Gobernaci\u00f3n en busca de la Presidencia, al caer destapan su pasado que todav\u00eda perdura [&hellip;]<\/p>\n","protected":false},"author":4,"featured_media":15857,"comment_status":"closed","ping_status":"closed","sticky":false,"template":"","format":"standard","meta":{"site-sidebar-layout":"default","site-content-layout":"","ast-site-content-layout":"default","site-content-style":"default","site-sidebar-style":"default","ast-global-header-display":"","ast-banner-title-visibility":"","ast-main-header-display":"","ast-hfb-above-header-display":"","ast-hfb-below-header-display":"","ast-hfb-mobile-header-display":"","site-post-title":"","ast-breadcrumbs-content":"","ast-featured-img":"","footer-sml-layout":"","ast-disable-related-posts":"","theme-transparent-header-meta":"","adv-header-id-meta":"","stick-header-meta":"","header-above-stick-meta":"","header-main-stick-meta":"","header-below-stick-meta":"","astra-migrate-meta-layouts":"default","ast-page-background-enabled":"default","ast-page-background-meta":{"desktop":{"background-color":"var(--ast-global-color-5)","background-image":"","background-repeat":"repeat","background-position":"center center","background-size":"auto","background-attachment":"scroll","background-type":"","background-media":"","overlay-type":"","overlay-color":"","overlay-opacity":"","overlay-gradient":""},"tablet":{"background-color":"","background-image":"","background-repeat":"repeat","background-position":"center center","background-size":"auto","background-attachment":"scroll","background-type":"","background-media":"","overlay-type":"","overlay-color":"","overlay-opacity":"","overlay-gradient":""},"mobile":{"background-color":"","background-image":"","background-repeat":"repeat","background-position":"center center","background-size":"auto","background-attachment":"scroll","background-type":"","background-media":"","overlay-type":"","overlay-color":"","overlay-opacity":"","overlay-gradient":""}},"ast-content-background-meta":{"desktop":{"background-color":"var(--ast-global-color-4)","background-image":"","background-repeat":"repeat","background-position":"center center","background-size":"auto","background-attachment":"scroll","background-type":"","background-media":"","overlay-type":"","overlay-color":"","overlay-opacity":"","overlay-gradient":""},"tablet":{"background-color":"var(--ast-global-color-4)","background-image":"","background-repeat":"repeat","background-position":"center center","background-size":"auto","background-attachment":"scroll","background-type":"","background-media":"","overlay-type":"","overlay-color":"","overlay-opacity":"","overlay-gradient":""},"mobile":{"background-color":"var(--ast-global-color-4)","background-image":"","background-repeat":"repeat","background-position":"center center","background-size":"auto","background-attachment":"scroll","background-type":"","background-media":"","overlay-type":"","overlay-color":"","overlay-opacity":"","overlay-gradient":""}},"_jetpack_newsletter_access":"","_jetpack_dont_email_post_to_subs":false,"_jetpack_newsletter_tier_id":0,"_jetpack_memberships_contains_paywalled_content":false,"_jetpack_feature_clip_id":0,"_jetpack_memberships_contains_paid_content":false,"footnotes":"","jetpack_publicize_message":"","jetpack_publicize_feature_enabled":true,"jetpack_social_post_already_shared":false,"jetpack_social_options":{"image_generator_settings":{"template":"highway","default_image_id":0,"font":"","enabled":false},"version":2},"jetpack_post_was_ever_published":false},"categories":[33],"tags":[1953,2198,2200,529,103,1548,2199,1290],"class_list":["post-15852","post","type-post","status-publish","format-standard","has-post-thumbnail","hentry","category-nacional","tag-casinos","tag-creel","tag-fonden","tag-guardia-nacional","tag-pan","tag-santiago-creel","tag-secretario-de-gobernacion","tag-vicente-fox"],"yoast_head":"<!-- This site is optimized with the Yoast SEO plugin v28.3 - https:\/\/yoast.com\/product\/yoast-seo-wordpress\/ -->\n<title>Creel se tropieza, su pasado lo condena - Pol\u00edticos al Desnudo<\/title>\n<meta name=\"robots\" content=\"index, follow, max-snippet:-1, max-image-preview:large, max-video-preview:-1\" \/>\n<link rel=\"canonical\" href=\"https:\/\/politicosaldesnudo.com.mx\/index.php\/2023\/02\/06\/creel-se-tropieza-su-pasado-lo-condena\/\" \/>\n<meta property=\"og:locale\" content=\"es_ES\" \/>\n<meta property=\"og:type\" content=\"article\" \/>\n<meta property=\"og:title\" content=\"Creel se tropieza, su pasado lo condena - Pol\u00edticos al Desnudo\" \/>\n<meta property=\"og:description\" content=\"&nbsp; &lt;&lt; El ex secretario de Gobernaci\u00f3n en busca de la Presidencia, al caer destapan su pasado que todav\u00eda perdura [&hellip;]\" \/>\n<meta property=\"og:url\" content=\"https:\/\/politicosaldesnudo.com.mx\/index.php\/2023\/02\/06\/creel-se-tropieza-su-pasado-lo-condena\/\" \/>\n<meta property=\"og:site_name\" content=\"Pol\u00edticos al Desnudo\" \/>\n<meta property=\"article:publisher\" content=\"https:\/\/www.facebook.com\/PoliticosAD\" \/>\n<meta property=\"article:published_time\" content=\"2023-02-06T09:43:38+00:00\" \/>\n<meta property=\"article:modified_time\" content=\"2023-02-08T14:03:39+00:00\" \/>\n<meta property=\"og:image\" content=\"https:\/\/i0.wp.com\/politicosaldesnudo.com.mx\/wp-content\/uploads\/2023\/02\/p-CREEL-Y-ANAYA-1.jpg?fit=1280%2C720&ssl=1\" \/>\n\t<meta property=\"og:image:width\" content=\"1280\" \/>\n\t<meta property=\"og:image:height\" content=\"720\" \/>\n\t<meta property=\"og:image:type\" content=\"image\/jpeg\" \/>\n<meta name=\"author\" content=\"Redacci\u00f3n Pol\u00edticos\" \/>\n<meta name=\"twitter:card\" content=\"summary_large_image\" \/>\n<meta name=\"twitter:label1\" content=\"Escrito por\" \/>\n\t<meta name=\"twitter:data1\" content=\"Redacci\u00f3n Pol\u00edticos\" \/>\n\t<meta name=\"twitter:label2\" content=\"Tiempo de lectura\" \/>\n\t<meta name=\"twitter:data2\" content=\"6 minutos\" \/>\n<script type=\"application\/ld+json\" class=\"yoast-schema-graph\">{\"@context\":\"https:\\\/\\\/schema.org\",\"@graph\":[{\"@type\":\"Article\",\"@id\":\"https:\\\/\\\/politicosaldesnudo.com.mx\\\/index.php\\\/2023\\\/02\\\/06\\\/creel-se-tropieza-su-pasado-lo-condena\\\/#article\",\"isPartOf\":{\"@id\":\"https:\\\/\\\/politicosaldesnudo.com.mx\\\/index.php\\\/2023\\\/02\\\/06\\\/creel-se-tropieza-su-pasado-lo-condena\\\/\"},\"author\":{\"name\":\"Redacci\u00f3n Pol\u00edticos\",\"@id\":\"https:\\\/\\\/politicosaldesnudo.com.mx\\\/#\\\/schema\\\/person\\\/ef3a64e561cc3f3f5dc52fab81adde7e\"},\"headline\":\"Creel se tropieza, su pasado lo condena\",\"datePublished\":\"2023-02-06T09:43:38+00:00\",\"dateModified\":\"2023-02-08T14:03:39+00:00\",\"mainEntityOfPage\":{\"@id\":\"https:\\\/\\\/politicosaldesnudo.com.mx\\\/index.php\\\/2023\\\/02\\\/06\\\/creel-se-tropieza-su-pasado-lo-condena\\\/\"},\"wordCount\":1250,\"publisher\":{\"@id\":\"https:\\\/\\\/politicosaldesnudo.com.mx\\\/#organization\"},\"image\":{\"@id\":\"https:\\\/\\\/politicosaldesnudo.com.mx\\\/index.php\\\/2023\\\/02\\\/06\\\/creel-se-tropieza-su-pasado-lo-condena\\\/#primaryimage\"},\"thumbnailUrl\":\"https:\\\/\\\/i0.wp.com\\\/politicosaldesnudo.com.mx\\\/wp-content\\\/uploads\\\/2023\\\/02\\\/p-CREEL-Y-ANAYA-1.jpg?fit=1280%2C720&ssl=1\",\"keywords\":[\"CASINOS\",\"CREEL\",\"FONDEN\",\"GUARDIA NACIONAL\",\"PAN\",\"SANTIAGO CREEL\",\"SECRETARIO DE GOBERNACION\",\"VICENTE FOX\"],\"articleSection\":[\"NACIONAL\"],\"inLanguage\":\"es\"},{\"@type\":\"WebPage\",\"@id\":\"https:\\\/\\\/politicosaldesnudo.com.mx\\\/index.php\\\/2023\\\/02\\\/06\\\/creel-se-tropieza-su-pasado-lo-condena\\\/\",\"url\":\"https:\\\/\\\/politicosaldesnudo.com.mx\\\/index.php\\\/2023\\\/02\\\/06\\\/creel-se-tropieza-su-pasado-lo-condena\\\/\",\"name\":\"Creel se tropieza, su pasado lo condena - Pol\u00edticos al Desnudo\",\"isPartOf\":{\"@id\":\"https:\\\/\\\/politicosaldesnudo.com.mx\\\/#website\"},\"primaryImageOfPage\":{\"@id\":\"https:\\\/\\\/politicosaldesnudo.com.mx\\\/index.php\\\/2023\\\/02\\\/06\\\/creel-se-tropieza-su-pasado-lo-condena\\\/#primaryimage\"},\"image\":{\"@id\":\"https:\\\/\\\/politicosaldesnudo.com.mx\\\/index.php\\\/2023\\\/02\\\/06\\\/creel-se-tropieza-su-pasado-lo-condena\\\/#primaryimage\"},\"thumbnailUrl\":\"https:\\\/\\\/i0.wp.com\\\/politicosaldesnudo.com.mx\\\/wp-content\\\/uploads\\\/2023\\\/02\\\/p-CREEL-Y-ANAYA-1.jpg?fit=1280%2C720&ssl=1\",\"datePublished\":\"2023-02-06T09:43:38+00:00\",\"dateModified\":\"2023-02-08T14:03:39+00:00\",\"breadcrumb\":{\"@id\":\"https:\\\/\\\/politicosaldesnudo.com.mx\\\/index.php\\\/2023\\\/02\\\/06\\\/creel-se-tropieza-su-pasado-lo-condena\\\/#breadcrumb\"},\"inLanguage\":\"es\",\"potentialAction\":[{\"@type\":\"ReadAction\",\"target\":[\"https:\\\/\\\/politicosaldesnudo.com.mx\\\/index.php\\\/2023\\\/02\\\/06\\\/creel-se-tropieza-su-pasado-lo-condena\\\/\"]}]},{\"@type\":\"ImageObject\",\"inLanguage\":\"es\",\"@id\":\"https:\\\/\\\/politicosaldesnudo.com.mx\\\/index.php\\\/2023\\\/02\\\/06\\\/creel-se-tropieza-su-pasado-lo-condena\\\/#primaryimage\",\"url\":\"https:\\\/\\\/i0.wp.com\\\/politicosaldesnudo.com.mx\\\/wp-content\\\/uploads\\\/2023\\\/02\\\/p-CREEL-Y-ANAYA-1.jpg?fit=1280%2C720&ssl=1\",\"contentUrl\":\"https:\\\/\\\/i0.wp.com\\\/politicosaldesnudo.com.mx\\\/wp-content\\\/uploads\\\/2023\\\/02\\\/p-CREEL-Y-ANAYA-1.jpg?fit=1280%2C720&ssl=1\",\"width\":1280,\"height\":720},{\"@type\":\"BreadcrumbList\",\"@id\":\"https:\\\/\\\/politicosaldesnudo.com.mx\\\/index.php\\\/2023\\\/02\\\/06\\\/creel-se-tropieza-su-pasado-lo-condena\\\/#breadcrumb\",\"itemListElement\":[{\"@type\":\"ListItem\",\"position\":1,\"name\":\"Portada\",\"item\":\"https:\\\/\\\/politicosaldesnudo.com.mx\\\/\"},{\"@type\":\"ListItem\",\"position\":2,\"name\":\"Creel se tropieza, su pasado lo condena\"}]},{\"@type\":\"WebSite\",\"@id\":\"https:\\\/\\\/politicosaldesnudo.com.mx\\\/#website\",\"url\":\"https:\\\/\\\/politicosaldesnudo.com.mx\\\/\",\"name\":\"Pol\u00edticos al Desnudo\",\"description\":\"\",\"publisher\":{\"@id\":\"https:\\\/\\\/politicosaldesnudo.com.mx\\\/#organization\"},\"potentialAction\":[{\"@type\":\"SearchAction\",\"target\":{\"@type\":\"EntryPoint\",\"urlTemplate\":\"https:\\\/\\\/politicosaldesnudo.com.mx\\\/?s={search_term_string}\"},\"query-input\":{\"@type\":\"PropertyValueSpecification\",\"valueRequired\":true,\"valueName\":\"search_term_string\"}}],\"inLanguage\":\"es\"},{\"@type\":\"Organization\",\"@id\":\"https:\\\/\\\/politicosaldesnudo.com.mx\\\/#organization\",\"name\":\"Pol\u00edticos al Desnudo\",\"url\":\"https:\\\/\\\/politicosaldesnudo.com.mx\\\/\",\"logo\":{\"@type\":\"ImageObject\",\"inLanguage\":\"es\",\"@id\":\"https:\\\/\\\/politicosaldesnudo.com.mx\\\/#\\\/schema\\\/logo\\\/image\\\/\",\"url\":\"https:\\\/\\\/i0.wp.com\\\/politicosaldesnudo.com.mx\\\/wp-content\\\/uploads\\\/2026\\\/08\\\/cropped-logo.webp?fit=400%2C126&ssl=1\",\"contentUrl\":\"https:\\\/\\\/i0.wp.com\\\/politicosaldesnudo.com.mx\\\/wp-content\\\/uploads\\\/2026\\\/08\\\/cropped-logo.webp?fit=400%2C126&ssl=1\",\"width\":400,\"height\":126,\"caption\":\"Pol\u00edticos al Desnudo\"},\"image\":{\"@id\":\"https:\\\/\\\/politicosaldesnudo.com.mx\\\/#\\\/schema\\\/logo\\\/image\\\/\"},\"sameAs\":[\"https:\\\/\\\/www.facebook.com\\\/PoliticosAD\"]},{\"@type\":\"Person\",\"@id\":\"https:\\\/\\\/politicosaldesnudo.com.mx\\\/#\\\/schema\\\/person\\\/ef3a64e561cc3f3f5dc52fab81adde7e\",\"name\":\"Redacci\u00f3n Pol\u00edticos\",\"url\":\"https:\\\/\\\/politicosaldesnudo.com.mx\\\/index.php\\\/author\\\/redaccion-politicos\\\/\"}]}<\/script>\n<!-- \/ Yoast SEO plugin. -->","yoast_head_json":{"title":"Creel se tropieza, su pasado lo condena - Pol\u00edticos al Desnudo","robots":{"index":"index","follow":"follow","max-snippet":"max-snippet:-1","max-image-preview":"max-image-preview:large","max-video-preview":"max-video-preview:-1"},"canonical":"https:\/\/politicosaldesnudo.com.mx\/index.php\/2023\/02\/06\/creel-se-tropieza-su-pasado-lo-condena\/","og_locale":"es_ES","og_type":"article","og_title":"Creel se tropieza, su pasado lo condena - Pol\u00edticos al Desnudo","og_description":"&nbsp; &lt;&lt; El ex secretario de Gobernaci\u00f3n en busca de la Presidencia, al caer destapan su pasado que todav\u00eda perdura [&hellip;]","og_url":"https:\/\/politicosaldesnudo.com.mx\/index.php\/2023\/02\/06\/creel-se-tropieza-su-pasado-lo-condena\/","og_site_name":"Pol\u00edticos al Desnudo","article_publisher":"https:\/\/www.facebook.com\/PoliticosAD","article_published_time":"2023-02-06T09:43:38+00:00","article_modified_time":"2023-02-08T14:03:39+00:00","og_image":[{"width":1280,"height":720,"url":"https:\/\/i0.wp.com\/politicosaldesnudo.com.mx\/wp-content\/uploads\/2023\/02\/p-CREEL-Y-ANAYA-1.jpg?fit=1280%2C720&ssl=1","type":"image\/jpeg"}],"author":"Redacci\u00f3n Pol\u00edticos","twitter_card":"summary_large_image","twitter_misc":{"Escrito por":"Redacci\u00f3n Pol\u00edticos","Tiempo de lectura":"6 minutos"},"schema":{"@context":"https:\/\/schema.org","@graph":[{"@type":"Article","@id":"https:\/\/politicosaldesnudo.com.mx\/index.php\/2023\/02\/06\/creel-se-tropieza-su-pasado-lo-condena\/#article","isPartOf":{"@id":"https:\/\/politicosaldesnudo.com.mx\/index.php\/2023\/02\/06\/creel-se-tropieza-su-pasado-lo-condena\/"},"author":{"name":"Redacci\u00f3n Pol\u00edticos","@id":"https:\/\/politicosaldesnudo.com.mx\/#\/schema\/person\/ef3a64e561cc3f3f5dc52fab81adde7e"},"headline":"Creel se tropieza, su pasado lo condena","datePublished":"2023-02-06T09:43:38+00:00","dateModified":"2023-02-08T14:03:39+00:00","mainEntityOfPage":{"@id":"https:\/\/politicosaldesnudo.com.mx\/index.php\/2023\/02\/06\/creel-se-tropieza-su-pasado-lo-condena\/"},"wordCount":1250,"publisher":{"@id":"https:\/\/politicosaldesnudo.com.mx\/#organization"},"image":{"@id":"https:\/\/politicosaldesnudo.com.mx\/index.php\/2023\/02\/06\/creel-se-tropieza-su-pasado-lo-condena\/#primaryimage"},"thumbnailUrl":"https:\/\/i0.wp.com\/politicosaldesnudo.com.mx\/wp-content\/uploads\/2023\/02\/p-CREEL-Y-ANAYA-1.jpg?fit=1280%2C720&ssl=1","keywords":["CASINOS","CREEL","FONDEN","GUARDIA NACIONAL","PAN","SANTIAGO CREEL","SECRETARIO DE GOBERNACION","VICENTE FOX"],"articleSection":["NACIONAL"],"inLanguage":"es"},{"@type":"WebPage","@id":"https:\/\/politicosaldesnudo.com.mx\/index.php\/2023\/02\/06\/creel-se-tropieza-su-pasado-lo-condena\/","url":"https:\/\/politicosaldesnudo.com.mx\/index.php\/2023\/02\/06\/creel-se-tropieza-su-pasado-lo-condena\/","name":"Creel se tropieza, su pasado lo condena - Pol\u00edticos al Desnudo","isPartOf":{"@id":"https:\/\/politicosaldesnudo.com.mx\/#website"},"primaryImageOfPage":{"@id":"https:\/\/politicosaldesnudo.com.mx\/index.php\/2023\/02\/06\/creel-se-tropieza-su-pasado-lo-condena\/#primaryimage"},"image":{"@id":"https:\/\/politicosaldesnudo.com.mx\/index.php\/2023\/02\/06\/creel-se-tropieza-su-pasado-lo-condena\/#primaryimage"},"thumbnailUrl":"https:\/\/i0.wp.com\/politicosaldesnudo.com.mx\/wp-content\/uploads\/2023\/02\/p-CREEL-Y-ANAYA-1.jpg?fit=1280%2C720&ssl=1","datePublished":"2023-02-06T09:43:38+00:00","dateModified":"2023-02-08T14:03:39+00:00","breadcrumb":{"@id":"https:\/\/politicosaldesnudo.com.mx\/index.php\/2023\/02\/06\/creel-se-tropieza-su-pasado-lo-condena\/#breadcrumb"},"inLanguage":"es","potentialAction":[{"@type":"ReadAction","target":["https:\/\/politicosaldesnudo.com.mx\/index.php\/2023\/02\/06\/creel-se-tropieza-su-pasado-lo-condena\/"]}]},{"@type":"ImageObject","inLanguage":"es","@id":"https:\/\/politicosaldesnudo.com.mx\/index.php\/2023\/02\/06\/creel-se-tropieza-su-pasado-lo-condena\/#primaryimage","url":"https:\/\/i0.wp.com\/politicosaldesnudo.com.mx\/wp-content\/uploads\/2023\/02\/p-CREEL-Y-ANAYA-1.jpg?fit=1280%2C720&ssl=1","contentUrl":"https:\/\/i0.wp.com\/politicosaldesnudo.com.mx\/wp-content\/uploads\/2023\/02\/p-CREEL-Y-ANAYA-1.jpg?fit=1280%2C720&ssl=1","width":1280,"height":720},{"@type":"BreadcrumbList","@id":"https:\/\/politicosaldesnudo.com.mx\/index.php\/2023\/02\/06\/creel-se-tropieza-su-pasado-lo-condena\/#breadcrumb","itemListElement":[{"@type":"ListItem","position":1,"name":"Portada","item":"https:\/\/politicosaldesnudo.com.mx\/"},{"@type":"ListItem","position":2,"name":"Creel se tropieza, su pasado lo condena"}]},{"@type":"WebSite","@id":"https:\/\/politicosaldesnudo.com.mx\/#website","url":"https:\/\/politicosaldesnudo.com.mx\/","name":"Pol\u00edticos al Desnudo","description":"","publisher":{"@id":"https:\/\/politicosaldesnudo.com.mx\/#organization"},"potentialAction":[{"@type":"SearchAction","target":{"@type":"EntryPoint","urlTemplate":"https:\/\/politicosaldesnudo.com.mx\/?s={search_term_string}"},"query-input":{"@type":"PropertyValueSpecification","valueRequired":true,"valueName":"search_term_string"}}],"inLanguage":"es"},{"@type":"Organization","@id":"https:\/\/politicosaldesnudo.com.mx\/#organization","name":"Pol\u00edticos al Desnudo","url":"https:\/\/politicosaldesnudo.com.mx\/","logo":{"@type":"ImageObject","inLanguage":"es","@id":"https:\/\/politicosaldesnudo.com.mx\/#\/schema\/logo\/image\/","url":"https:\/\/i0.wp.com\/politicosaldesnudo.com.mx\/wp-content\/uploads\/2026\/08\/cropped-logo.webp?fit=400%2C126&ssl=1","contentUrl":"https:\/\/i0.wp.com\/politicosaldesnudo.com.mx\/wp-content\/uploads\/2026\/08\/cropped-logo.webp?fit=400%2C126&ssl=1","width":400,"height":126,"caption":"Pol\u00edticos al Desnudo"},"image":{"@id":"https:\/\/politicosaldesnudo.com.mx\/#\/schema\/logo\/image\/"},"sameAs":["https:\/\/www.facebook.com\/PoliticosAD"]},{"@type":"Person","@id":"https:\/\/politicosaldesnudo.com.mx\/#\/schema\/person\/ef3a64e561cc3f3f5dc52fab81adde7e","name":"Redacci\u00f3n Pol\u00edticos","url":"https:\/\/politicosaldesnudo.com.mx\/index.php\/author\/redaccion-politicos\/"}]}},"jetpack_publicize_connections":[],"jetpack-related-posts":[{"id":88035,"url":"https:\/\/politicosaldesnudo.com.mx\/index.php\/2026\/08\/24\/rocha-moya-recula-ante-sheinbaum\/","url_meta":{"origin":15852,"position":0},"title":"Rocha Moya recula ante Sheinbaum","author":"Redacci\u00f3n Pol\u00edticos","date":"24 de agosto de 2026","format":false,"excerpt":"ALMA GRANDE POR \u00c1NGEL \u00c1LVARO PE\u00d1A Sinaloa vuelve a colocarse en el centro de la discusi\u00f3n pol\u00edtica nacional luego de que Rub\u00e9n Rocha Moya solicitara nuevamente licencia al cargo de gobernador, ahora por tiempo indefinido, apenas un d\u00eda despu\u00e9s de haber retomado sus funciones. La decisi\u00f3n ocurre despu\u00e9s del llamado\u2026","rel":"","context":"En \u00abOPINI\u00d3N\u00bb","block_context":{"text":"OPINI\u00d3N","link":"https:\/\/politicosaldesnudo.com.mx\/index.php\/category\/columnistas\/"},"img":{"alt_text":"","src":"https:\/\/i0.wp.com\/politicosaldesnudo.com.mx\/wp-content\/uploads\/2026\/08\/AG-2408-scaled.png?fit=1200%2C659&ssl=1&resize=350%2C200","width":350,"height":200,"srcset":"https:\/\/i0.wp.com\/politicosaldesnudo.com.mx\/wp-content\/uploads\/2026\/08\/AG-2408-scaled.png?fit=1200%2C659&ssl=1&resize=350%2C200 1x, https:\/\/i0.wp.com\/politicosaldesnudo.com.mx\/wp-content\/uploads\/2026\/08\/AG-2408-scaled.png?fit=1200%2C659&ssl=1&resize=525%2C300 1.5x, https:\/\/i0.wp.com\/politicosaldesnudo.com.mx\/wp-content\/uploads\/2026\/08\/AG-2408-scaled.png?fit=1200%2C659&ssl=1&resize=700%2C400 2x, https:\/\/i0.wp.com\/politicosaldesnudo.com.mx\/wp-content\/uploads\/2026\/08\/AG-2408-scaled.png?fit=1200%2C659&ssl=1&resize=1050%2C600 3x"},"classes":[]},{"id":86105,"url":"https:\/\/politicosaldesnudo.com.mx\/index.php\/2026\/06\/22\/calderon-medina-mora-y-otros-responsables-de-crimenes-de-lesa-humanidad\/","url_meta":{"origin":15852,"position":1},"title":"Calderon, Medina Mora y otros, responsables de cr\u00edmenes de lesa humanidad","author":"Redacci\u00f3n Pol\u00edticos","date":"22 de junio de 2026","format":false,"excerpt":"La fiscal\u00eda general de\u00a0 la Republica tiene la responsabilidad de hacer\u00a0 que la justicia sea efectiva y elocuente, de otra suerte se sospechara, m\u00e1s que nada, y \u00a0quedar\u00e1 la\u00a0 evidencia de que\u00a0 el Estado Mexicano\u00a0 es tapadera contumaz de la criminalidad, y , con\u00a0 ello, de la impunidad m\u00e1s ominosa\u2026","rel":"","context":"En \u00abOPINI\u00d3N\u00bb","block_context":{"text":"OPINI\u00d3N","link":"https:\/\/politicosaldesnudo.com.mx\/index.php\/category\/columnistas\/"},"img":{"alt_text":"","src":"https:\/\/i0.wp.com\/politicosaldesnudo.com.mx\/wp-content\/uploads\/2026\/01\/BANNER-LIMA-COBOS.jpg?fit=533%2C297&ssl=1&resize=350%2C200","width":350,"height":200,"srcset":"https:\/\/i0.wp.com\/politicosaldesnudo.com.mx\/wp-content\/uploads\/2026\/01\/BANNER-LIMA-COBOS.jpg?fit=533%2C297&ssl=1&resize=350%2C200 1x, https:\/\/i0.wp.com\/politicosaldesnudo.com.mx\/wp-content\/uploads\/2026\/01\/BANNER-LIMA-COBOS.jpg?fit=533%2C297&ssl=1&resize=525%2C300 1.5x"},"classes":[]},{"id":87989,"url":"https:\/\/politicosaldesnudo.com.mx\/index.php\/2026\/08\/23\/sheinbaum-avala-nueva-salida-de-rocha-moya-es-lo-mejor-para-sinaloa\/","url_meta":{"origin":15852,"position":2},"title":"Sheinbaum avala nueva salida de Rocha Moya: \u201cEs lo mejor para Sinaloa\u201d","author":"Redacci\u00f3n Pol\u00edticos","date":"23 de agosto de 2026","format":false,"excerpt":"La presidenta Claudia Sheinbaum consider\u00f3 acertada la nueva licencia solicitada por Rub\u00e9n Rocha Moya para separarse de la gubernatura de Sinaloa, apenas unas horas despu\u00e9s de haber retomado el cargo. Cuestionada este domingo durante la supervisi\u00f3n de las obras de la L\u00ednea 4 del Cableb\u00fas, la mandataria sostuvo que tanto\u2026","rel":"","context":"En \u00abNACIONAL\u00bb","block_context":{"text":"NACIONAL","link":"https:\/\/politicosaldesnudo.com.mx\/index.php\/category\/nacional\/"},"img":{"alt_text":"","src":"https:\/\/i0.wp.com\/politicosaldesnudo.com.mx\/wp-content\/uploads\/2026\/08\/shein.jpg?fit=650%2C380&ssl=1&resize=350%2C200","width":350,"height":200,"srcset":"https:\/\/i0.wp.com\/politicosaldesnudo.com.mx\/wp-content\/uploads\/2026\/08\/shein.jpg?fit=650%2C380&ssl=1&resize=350%2C200 1x, https:\/\/i0.wp.com\/politicosaldesnudo.com.mx\/wp-content\/uploads\/2026\/08\/shein.jpg?fit=650%2C380&ssl=1&resize=525%2C300 1.5x"},"classes":[]},{"id":13905,"url":"https:\/\/politicosaldesnudo.com.mx\/index.php\/2022\/12\/19\/cae-el-cartel-del-ine-y-el-futbolero-cuando\/","url_meta":{"origin":15852,"position":3},"title":"Cae el c\u00e1rtel del INE y el futbolero \u00bfcu\u00e1ndo?","author":"Redacci\u00f3n Pol\u00edticos","date":"19 de diciembre de 2022","format":false,"excerpt":"\u00a0 Por Jos\u00e9 Lima Cobos\u00a0 Segunda Parte \u00a0 En el pa\u00eds se ha formado y fortalecidos con los varios c\u00e1rteles que, lo mismo sirven para la defraudaci\u00f3n fiscal o tr\u00e1fico de personas\u00a0 o drogas, o bien cualquiera de las otras linduras que se forman\u00a0 o constituyen en la legalidad gubernamental\u2026","rel":"","context":"En \u00abOPINI\u00d3N\u00bb","block_context":{"text":"OPINI\u00d3N","link":"https:\/\/politicosaldesnudo.com.mx\/index.php\/category\/columnistas\/"},"img":{"alt_text":"","src":"https:\/\/i0.wp.com\/politicosaldesnudo.com.mx\/wp-content\/uploads\/2022\/04\/JOSE%CC%81-LIMA-COBOS.png?fit=1200%2C671&ssl=1&resize=350%2C200","width":350,"height":200,"srcset":"https:\/\/i0.wp.com\/politicosaldesnudo.com.mx\/wp-content\/uploads\/2022\/04\/JOSE%CC%81-LIMA-COBOS.png?fit=1200%2C671&ssl=1&resize=350%2C200 1x, https:\/\/i0.wp.com\/politicosaldesnudo.com.mx\/wp-content\/uploads\/2022\/04\/JOSE%CC%81-LIMA-COBOS.png?fit=1200%2C671&ssl=1&resize=525%2C300 1.5x, https:\/\/i0.wp.com\/politicosaldesnudo.com.mx\/wp-content\/uploads\/2022\/04\/JOSE%CC%81-LIMA-COBOS.png?fit=1200%2C671&ssl=1&resize=700%2C400 2x, https:\/\/i0.wp.com\/politicosaldesnudo.com.mx\/wp-content\/uploads\/2022\/04\/JOSE%CC%81-LIMA-COBOS.png?fit=1200%2C671&ssl=1&resize=1050%2C600 3x"},"classes":[]},{"id":88003,"url":"https:\/\/politicosaldesnudo.com.mx\/index.php\/2026\/08\/23\/congreso-de-sinaloa-elegira-este-lunes-a-quien-sustituya-a-rocha-moya\/","url_meta":{"origin":15852,"position":4},"title":"Congreso de Sinaloa elegir\u00e1 este lunes a quien sustituya a Rocha Moya","author":"Redacci\u00f3n Pol\u00edticos","date":"23 de agosto de 2026","format":false,"excerpt":"El futuro inmediato del Gobierno de Sinaloa ser\u00e1 definido este lunes 24 de agosto, cuando el Congreso estatal se re\u00fana en sesi\u00f3n extraordinaria para designar a la persona que asumir\u00e1 de manera interina la gubernatura. La decisi\u00f3n se produce despu\u00e9s de que los diputados aprobaran por unanimidad la nueva licencia\u2026","rel":"","context":"En \u00abNACIONAL\u00bb","block_context":{"text":"NACIONAL","link":"https:\/\/politicosaldesnudo.com.mx\/index.php\/category\/nacional\/"},"img":{"alt_text":"","src":"https:\/\/i0.wp.com\/politicosaldesnudo.com.mx\/wp-content\/uploads\/2026\/08\/moyaa.jpg?fit=1200%2C801&ssl=1&resize=350%2C200","width":350,"height":200,"srcset":"https:\/\/i0.wp.com\/politicosaldesnudo.com.mx\/wp-content\/uploads\/2026\/08\/moyaa.jpg?fit=1200%2C801&ssl=1&resize=350%2C200 1x, https:\/\/i0.wp.com\/politicosaldesnudo.com.mx\/wp-content\/uploads\/2026\/08\/moyaa.jpg?fit=1200%2C801&ssl=1&resize=525%2C300 1.5x, https:\/\/i0.wp.com\/politicosaldesnudo.com.mx\/wp-content\/uploads\/2026\/08\/moyaa.jpg?fit=1200%2C801&ssl=1&resize=700%2C400 2x, https:\/\/i0.wp.com\/politicosaldesnudo.com.mx\/wp-content\/uploads\/2026\/08\/moyaa.jpg?fit=1200%2C801&ssl=1&resize=1050%2C600 3x"},"classes":[]},{"id":54914,"url":"https:\/\/politicosaldesnudo.com.mx\/index.php\/2025\/01\/21\/trump-sienta-a-la-mesa-a-la-ultraderecha\/","url_meta":{"origin":15852,"position":5},"title":"Trump sienta a la mesa a la ultraderecha","author":"Redacci\u00f3n Pol\u00edticos","date":"21 de enero de 2025","format":false,"excerpt":"Trump podr\u00e1 recular sobre sus amenazas de inmigrantes y aranceles, pero donde no podr\u00e1 echarse para atr\u00e1s es en el liderazgo de la ultraderecha mundial que representa una amenaza para el verdadero mundo democr\u00e1tico. Su proyecto no tiene como prioridad elevar el nivel de participaci\u00f3n pol\u00edtica de los estadounidenses para\u2026","rel":"","context":"En \u00abOPINI\u00d3N\u00bb","block_context":{"text":"OPINI\u00d3N","link":"https:\/\/politicosaldesnudo.com.mx\/index.php\/category\/columnistas\/"},"img":{"alt_text":"","src":"https:\/\/i0.wp.com\/politicosaldesnudo.com.mx\/wp-content\/uploads\/2024\/09\/JOSE-GARCIA-SANCHEZ.jpg?fit=760%2C426&ssl=1&resize=350%2C200","width":350,"height":200,"srcset":"https:\/\/i0.wp.com\/politicosaldesnudo.com.mx\/wp-content\/uploads\/2024\/09\/JOSE-GARCIA-SANCHEZ.jpg?fit=760%2C426&ssl=1&resize=350%2C200 1x, https:\/\/i0.wp.com\/politicosaldesnudo.com.mx\/wp-content\/uploads\/2024\/09\/JOSE-GARCIA-SANCHEZ.jpg?fit=760%2C426&ssl=1&resize=525%2C300 1.5x, https:\/\/i0.wp.com\/politicosaldesnudo.com.mx\/wp-content\/uploads\/2024\/09\/JOSE-GARCIA-SANCHEZ.jpg?fit=760%2C426&ssl=1&resize=700%2C400 2x"},"classes":[]}],"jetpack_sharing_enabled":true,"jetpack_featured_media_url":"https:\/\/i0.wp.com\/politicosaldesnudo.com.mx\/wp-content\/uploads\/2023\/02\/p-CREEL-Y-ANAYA-1.jpg?fit=1280%2C720&ssl=1","_links":{"self":[{"href":"https:\/\/politicosaldesnudo.com.mx\/index.php\/wp-json\/wp\/v2\/posts\/15852","targetHints":{"allow":["GET"]}}],"collection":[{"href":"https:\/\/politicosaldesnudo.com.mx\/index.php\/wp-json\/wp\/v2\/posts"}],"about":[{"href":"https:\/\/politicosaldesnudo.com.mx\/index.php\/wp-json\/wp\/v2\/types\/post"}],"author":[{"embeddable":true,"href":"https:\/\/politicosaldesnudo.com.mx\/index.php\/wp-json\/wp\/v2\/users\/4"}],"replies":[{"embeddable":true,"href":"https:\/\/politicosaldesnudo.com.mx\/index.php\/wp-json\/wp\/v2\/comments?post=15852"}],"version-history":[{"count":0,"href":"https:\/\/politicosaldesnudo.com.mx\/index.php\/wp-json\/wp\/v2\/posts\/15852\/revisions"}],"wp:featuredmedia":[{"embeddable":true,"href":"https:\/\/politicosaldesnudo.com.mx\/index.php\/wp-json\/wp\/v2\/media\/15857"}],"wp:attachment":[{"href":"https:\/\/politicosaldesnudo.com.mx\/index.php\/wp-json\/wp\/v2\/media?parent=15852"}],"wp:term":[{"taxonomy":"category","embeddable":true,"href":"https:\/\/politicosaldesnudo.com.mx\/index.php\/wp-json\/wp\/v2\/categories?post=15852"},{"taxonomy":"post_tag","embeddable":true,"href":"https:\/\/politicosaldesnudo.com.mx\/index.php\/wp-json\/wp\/v2\/tags?post=15852"}],"curies":[{"name":"wp","href":"https:\/\/api.w.org\/{rel}","templated":true}]}}