{"id":15860,"date":"2023-02-06T00:05:08","date_gmt":"2023-02-06T06:05:08","guid":{"rendered":"https:\/\/politicosaldesnudo.com.mx\/?p=15860"},"modified":"2023-02-06T11:33:43","modified_gmt":"2023-02-06T17:33:43","slug":"hay-un-tercero","status":"publish","type":"post","link":"https:\/\/politicosaldesnudo.com.mx\/index.php\/2023\/02\/06\/hay-un-tercero\/","title":{"rendered":"\u00a0\u00a1Hay un tercero!"},"content":{"rendered":"<p>&nbsp;<\/p>\n<p>&nbsp;<\/p>\n<p><span style=\"font-size: 18pt;\"><strong>Por Luis Ram\u00edrez Baqueiro<\/strong><\/span><\/p>\n<p>&nbsp;<\/p>\n<p><strong>\u00a0<\/strong><\/p>\n<p style=\"text-align: center;\"><em><span style=\"font-size: 18pt;\"><strong>\u201cCuanto m\u00e1s alto coloque el hombre su meta, tanto m\u00e1s crecer\u00e1\u201d <\/strong><\/span><\/em><\/p>\n<p style=\"text-align: center;\"><span style=\"font-size: 18pt;\">\u2013 Johann Christoph Friedrich von Schiller \u2013<\/span><\/p>\n<p style=\"font-weight: 400;\"><strong>\u00a0<\/strong><\/p>\n<p>&nbsp;<\/p>\n<p><span style=\"font-size: 14pt;\">Recientemente en conversaci\u00f3n con una garganta profunda del altiplano nacional con informaci\u00f3n de primera mano en Palacio Nacional y Palacio de Cobi\u00e1n se nos revel\u00f3 que, para el proceso sucesorio de Veracruz, hab\u00eda nuevos escenarios.<\/span><\/p>\n<p><span style=\"font-size: 14pt;\">Dichas acciones implicar\u00edan el cambio de estrategia del actual Gobierno Estatal, al saber con anticipaci\u00f3n que la Suprema Corte de Justicia de la Naci\u00f3n (SCJN), volver\u00eda a darle palo a la iniciativa de adaptar la Constituci\u00f3n Local a la posibilidad de darle carta porte de residencia a la secretar\u00eda de Energ\u00eda, Roc\u00edo Nahle Garc\u00eda.<\/span><\/p>\n<p><span style=\"font-size: 14pt;\">La fuente explic\u00f3 que una de las razones de las constantes visitas del Gobernador, Cuitl\u00e1huac Garc\u00eda Jim\u00e9nez a Palacio Nacional obedec\u00edan precisamente al hecho de estar cabildeando la posibilidad de inscribir a un actor local en el proceso de sucesi\u00f3n al gobierno de Veracruz.<\/span><\/p>\n<p><span style=\"font-size: 14pt;\">Dicha acci\u00f3n explicaba el infidente, se basaba en saber que el impacto de la senadora con licencia entre el electorado no estar\u00eda causando los efectos esperados y que de cara al proceso electoral no dar\u00eda tiempo de poderla reposicionar en el gusto preferente del electorado.<\/span><\/p>\n<p><span style=\"font-size: 14pt;\">Aunado a ello, la guerra fratricida abierta en contra del diputado federal Sergio Guti\u00e9rrez Luna provocar\u00eda que el descredito y la desuni\u00f3n se apoderar\u00e1n de Morena, causando con ello una gran fractura al interior del partido.<\/span><\/p>\n<p><span style=\"font-size: 14pt;\">As\u00ed es como la alternativa presentada por Cuitl\u00e1huac Garc\u00eda tom\u00f3 relevancia para los responsables de la determinaci\u00f3n sucesoria, cuestionado sobre quien pudiera ser la opci\u00f3n, el mandatario veracruzano mostr\u00f3 su carta para sucederlo, explicando con ello, que una de las razones para proponerlo ser\u00edan su lealtad fundacional al proyecto y por provenir de un aliado important\u00edsimo para el proceso transformador de la 4T, como lo es el magisterio.<\/span><\/p>\n<p><span style=\"font-size: 14pt;\">De esa manera, Garc\u00eda Jim\u00e9nez explic\u00f3 que el trabajo desarrollado por Zenyanzen Escobar Garc\u00eda al frente de la Secretar\u00eda de Educaci\u00f3n de Veracruz (SEV) avalaba su propuesta.<\/span><\/p>\n<p><span style=\"font-size: 14pt;\">Conocido en todos los rincones del estado, los cuales ha recorrido en innumerables ocasiones en sus tareas de supervisi\u00f3n para el mejoramiento de la infraestructura educativa, le convert\u00edan en el mejor activo local para Morena.<\/span><\/p>\n<p><span style=\"font-size: 14pt;\">La medici\u00f3n del personaje en las encuestas de aceptaci\u00f3n tambi\u00e9n fueron otro elemento importante para considerarlo factible, pues aparecer en el tercer lugar de los analizados por todas las casas demosc\u00f3picas, sin que el personaje hiciera abierta campa\u00f1a por el Gobierno elevaban sus posibilidades, pues si eso era sin expresar intensi\u00f3n, como ser\u00eda si lo fuera, dijeron.<\/span><\/p>\n<p><span style=\"font-size: 14pt;\">As\u00ed el trabajo desarrollado por el cordob\u00e9s ha sido valorado, pues el desempe\u00f1o en todos los niveles educativos, especialmente en la Educaci\u00f3n Superior v\u00eda Institutos Tecnol\u00f3gicos ha puesto en el escenario nacional e internacional su trabajo.<\/span><\/p>\n<p><span style=\"font-size: 14pt;\">Basta recordar la reciente gira de trabajo en la que particip\u00f3 el personaje en la capital de Estados Unidos, al asistir a la Universidad de Georgetown en Washington D. C. en donde, particip\u00f3 del Programa de Alta Gerencia Educativa.<\/span><\/p>\n<p><span style=\"font-size: 14pt;\">Dicho evento desarrollado en su primera edici\u00f3n bajo el auspicio de la Fundaci\u00f3n iNatura y organiz\u00f3 la Fundaci\u00f3n Varkey, entre otras instancias, le permiti\u00f3 a Escobar Garc\u00eda mantener encuentros con responsables educativos de diversas naciones.<\/span><\/p>\n<p><span style=\"font-size: 14pt;\">Es sin temor a equivocarnos, el funcionario estatal de primer nivel con mayor actividad, al menos eso queda evidenciado en sus redes sociales, donde de manera pormenorizada se da cuenta de sus actividades y acciones.<\/span><\/p>\n<p><span style=\"font-size: 14pt;\">Pero regresando a la circunstancias y cambios de escenario, los hechos podr\u00edan confirmarse, pues a mediados de diciembre del 2022, todos los funcionarios estatales fueron informados que ahora el apoyo masivo expresado en su momento al proyecto de la titular de Sener pasaba hac\u00eda el cordob\u00e9s, seg\u00fan confirma la fuente del altiplano.<\/span><\/p>\n<p><span style=\"font-size: 14pt;\">Fue as\u00ed como el pasado 11 de diciembre en el evento desarrollado en Banderilla con motivo del Sexto Aniversario de la Asociaci\u00f3n Unidos Todos que encabeza el primo Eleazar Guerrero P\u00e9rez, el invitado especial despu\u00e9s del Gobernador, fue Zenyanzen Escobar Garc\u00eda.<\/span><\/p>\n<p><span style=\"font-size: 14pt;\">El acto sirvi\u00f3 para que ah\u00ed a manera de destape fuera presentado el exdiputado local y la secretar\u00eda del Trabajo, Dorheny Cayetano \u2013pr\u00f3xima candidata al Senado- como las cartas fuertes del Gobierno de Veracruz al proceso sucesorio del 2024.<\/span><\/p>\n<p><span style=\"font-size: 14pt;\">La realidad es que mientras Nahle y Guti\u00e9rrez Luna se siguen golpeando en esa lucha intestina por ganar la candidatura, el gobernador Cuitl\u00e1huac Garc\u00eda Jim\u00e9nez construye una alternativa de soluci\u00f3n que le garantice por mucho una tersa salida de la administraci\u00f3n estatal.<\/span><\/p>\n<p><span style=\"font-size: 14pt;\">Aunado al hecho de garantizarle al presidente Andr\u00e9s Manuel L\u00f3pez Obrador una victoria m\u00e1s para su movimiento de cara al proceso federal de sucesi\u00f3n en el 2024, pues lo que se disputa es de suma importancia y relevancia para el proyecto del tabasque\u00f1o.<\/span><\/p>\n<p><span style=\"font-size: 14pt;\">As\u00ed pues, no son dos, sino tres los que en Morena estar\u00edan jug\u00e1ndose verdaderamente las posibilidades de suceder a Cuitl\u00e1huac Garc\u00eda Jim\u00e9nez.<\/span><\/p>\n<p>&nbsp;<\/p>\n<p class=\"p1\"><span style=\"font-size: 18pt;\"><strong>Al tiempo.<\/strong><\/span><\/p>\n<p>&nbsp;<\/p>\n<hr \/>\n<p>&nbsp;<\/p>\n<p class=\"p1\"><span style=\"font-size: 18pt;\"><strong>Correo: <a href=\"mailto:astrolabiopoliticomx@gmail.com\">astrolabiopoliticomx@gmail.com<\/a><\/strong><\/span><\/p>\n<p class=\"p1\"><span style=\"font-size: 18pt;\"><strong>Twitter: <a href=\"http:\/\/www.twitter.com\/LuisBaqueiro_mx\">@LuisBaqueiro_mx<\/a><\/strong><\/span><\/p>\n<p>&nbsp;<\/p>\n<p><img data-recalc-dims=\"1\" loading=\"lazy\" decoding=\"async\" class=\"aligncenter wp-image-14351\" src=\"https:\/\/i0.wp.com\/politicosaldesnudo.com.mx\/wp-content\/uploads\/2023\/01\/FIRMA-EDITORIAL-PD-300x37.png?resize=800%2C98&#038;ssl=1\" alt=\"\" width=\"800\" height=\"98\" srcset=\"https:\/\/i0.wp.com\/politicosaldesnudo.com.mx\/wp-content\/uploads\/2023\/01\/FIRMA-EDITORIAL-PD.png?resize=300%2C37&amp;ssl=1 300w, https:\/\/i0.wp.com\/politicosaldesnudo.com.mx\/wp-content\/uploads\/2023\/01\/FIRMA-EDITORIAL-PD.png?resize=1024%2C125&amp;ssl=1 1024w, https:\/\/i0.wp.com\/politicosaldesnudo.com.mx\/wp-content\/uploads\/2023\/01\/FIRMA-EDITORIAL-PD.png?resize=768%2C94&amp;ssl=1 768w, https:\/\/i0.wp.com\/politicosaldesnudo.com.mx\/wp-content\/uploads\/2023\/01\/FIRMA-EDITORIAL-PD.png?resize=1536%2C188&amp;ssl=1 1536w, https:\/\/i0.wp.com\/politicosaldesnudo.com.mx\/wp-content\/uploads\/2023\/01\/FIRMA-EDITORIAL-PD.png?resize=2048%2C250&amp;ssl=1 2048w, https:\/\/i0.wp.com\/politicosaldesnudo.com.mx\/wp-content\/uploads\/2023\/01\/FIRMA-EDITORIAL-PD.png?w=1600&amp;ssl=1 1600w, https:\/\/i0.wp.com\/politicosaldesnudo.com.mx\/wp-content\/uploads\/2023\/01\/FIRMA-EDITORIAL-PD.png?w=2400&amp;ssl=1 2400w\" sizes=\"auto, (max-width: 800px) 100vw, 800px\" \/><\/p>\n<p>&nbsp;<\/p>\n<p>&nbsp;<\/p>\n<p>&nbsp;<\/p>\n<p>&nbsp;<\/p>\n<p>&nbsp;<\/p>\n","protected":false},"excerpt":{"rendered":"<p>&nbsp; &nbsp; Por Luis Ram\u00edrez Baqueiro &nbsp; \u00a0 \u201cCuanto m\u00e1s alto coloque el hombre su meta, tanto m\u00e1s crecer\u00e1\u201d \u2013<\/p>\n","protected":false},"author":4,"featured_media":4390,"comment_status":"closed","ping_status":"closed","sticky":false,"template":"","format":"standard","meta":{"colormag_page_container_layout":"default_layout","colormag_page_sidebar_layout":"default_layout","_jetpack_memberships_contains_paid_content":false,"footnotes":"","jetpack_publicize_message":"","jetpack_publicize_feature_enabled":true,"jetpack_social_post_already_shared":false,"jetpack_social_options":{"image_generator_settings":{"template":"highway","default_image_id":0,"font":"","enabled":false},"version":2}},"categories":[26],"tags":[],"class_list":["post-15860","post","type-post","status-publish","format-standard","has-post-thumbnail","hentry","category-columnistas"],"jetpack_publicize_connections":[],"jetpack_featured_media_url":"https:\/\/i0.wp.com\/politicosaldesnudo.com.mx\/wp-content\/uploads\/2022\/04\/LUIS-RAMI%CC%81REZ-BAQUEIRO.png?fit=1816%2C1016&ssl=1","jetpack-related-posts":[],"jetpack_sharing_enabled":true,"_links":{"self":[{"href":"https:\/\/politicosaldesnudo.com.mx\/index.php\/wp-json\/wp\/v2\/posts\/15860","targetHints":{"allow":["GET"]}}],"collection":[{"href":"https:\/\/politicosaldesnudo.com.mx\/index.php\/wp-json\/wp\/v2\/posts"}],"about":[{"href":"https:\/\/politicosaldesnudo.com.mx\/index.php\/wp-json\/wp\/v2\/types\/post"}],"author":[{"embeddable":true,"href":"https:\/\/politicosaldesnudo.com.mx\/index.php\/wp-json\/wp\/v2\/users\/4"}],"replies":[{"embeddable":true,"href":"https:\/\/politicosaldesnudo.com.mx\/index.php\/wp-json\/wp\/v2\/comments?post=15860"}],"version-history":[{"count":0,"href":"https:\/\/politicosaldesnudo.com.mx\/index.php\/wp-json\/wp\/v2\/posts\/15860\/revisions"}],"wp:featuredmedia":[{"embeddable":true,"href":"https:\/\/politicosaldesnudo.com.mx\/index.php\/wp-json\/wp\/v2\/media\/4390"}],"wp:attachment":[{"href":"https:\/\/politicosaldesnudo.com.mx\/index.php\/wp-json\/wp\/v2\/media?parent=15860"}],"wp:term":[{"taxonomy":"category","embeddable":true,"href":"https:\/\/politicosaldesnudo.com.mx\/index.php\/wp-json\/wp\/v2\/categories?post=15860"},{"taxonomy":"post_tag","embeddable":true,"href":"https:\/\/politicosaldesnudo.com.mx\/index.php\/wp-json\/wp\/v2\/tags?post=15860"}],"curies":[{"name":"wp","href":"https:\/\/api.w.org\/{rel}","templated":true}]}}