{"id":15870,"date":"2023-02-06T02:20:23","date_gmt":"2023-02-06T08:20:23","guid":{"rendered":"https:\/\/politicosaldesnudo.com.mx\/?p=15870"},"modified":"2023-02-06T12:46:05","modified_gmt":"2023-02-06T18:46:05","slug":"monreal-impune-coahuilenses-expulsados-por-el-mismo-delito","status":"publish","type":"post","link":"https:\/\/politicosaldesnudo.com.mx\/index.php\/2023\/02\/06\/monreal-impune-coahuilenses-expulsados-por-el-mismo-delito\/","title":{"rendered":"Monreal impune, coahuilenses expulsados por el mismo delito"},"content":{"rendered":"<p>&nbsp;<\/p>\n<p><span style=\"font-size: 18pt;\"><strong>Por Jos\u00e9 Garc\u00eda S\u00e1nchez<\/strong><\/span><\/p>\n<p><span style=\"font-size: 14pt;\">Los coahuilenses le dieron una gran lecci\u00f3n a Mario Delgado, lo cual desestabiliz\u00f3 tanto al visceral l\u00edder de Morena que de inmediato propuso expulsar a los causantes de dicho desagravio.<\/span><\/p>\n<p><span style=\"font-size: 18pt;\"><strong>El remedo de selecci\u00f3n que se basa en la encuesta a 1,500 personas, por tel\u00e9fono, que fueron las que en la entidad definieron a Armando Guadiana, como el m\u00e1s conocido, no puede ser un factor determinante para convertirlo en candidato la gubernatura. La encuesta mencionada inicialmente era para definir el delegado en Coahuila y no el candidato, como se plasma en los estatutos.<\/strong><\/span><\/p>\n<p>&nbsp;<\/p>\n<p><img data-recalc-dims=\"1\" loading=\"lazy\" decoding=\"async\" class=\"aligncenter wp-image-15871 size-large\" src=\"https:\/\/i0.wp.com\/politicosaldesnudo.com.mx\/wp-content\/uploads\/2023\/02\/p-GUADIANA-Y-DELAGADO-1024x768.webp?resize=800%2C600&#038;ssl=1\" alt=\"\" width=\"800\" height=\"600\" srcset=\"https:\/\/i0.wp.com\/politicosaldesnudo.com.mx\/wp-content\/uploads\/2023\/02\/p-GUADIANA-Y-DELAGADO.webp?resize=1024%2C768&amp;ssl=1 1024w, https:\/\/i0.wp.com\/politicosaldesnudo.com.mx\/wp-content\/uploads\/2023\/02\/p-GUADIANA-Y-DELAGADO.webp?resize=300%2C225&amp;ssl=1 300w, https:\/\/i0.wp.com\/politicosaldesnudo.com.mx\/wp-content\/uploads\/2023\/02\/p-GUADIANA-Y-DELAGADO.webp?resize=768%2C576&amp;ssl=1 768w, https:\/\/i0.wp.com\/politicosaldesnudo.com.mx\/wp-content\/uploads\/2023\/02\/p-GUADIANA-Y-DELAGADO.webp?w=1200&amp;ssl=1 1200w\" sizes=\"auto, (max-width: 800px) 100vw, 800px\" \/><\/p>\n<p>&nbsp;<\/p>\n<p><span style=\"font-size: 18pt; color: #139eca;\"><strong>Lo que hicieron las personas que ahora quiere expulsar Delgado fue pedirle que se apegue a los estatutos. Ni siquiera mostraron simpat\u00edas por alg\u00fan prospecto a candidato, simplemente intentaron que Coahuila no se sumara a los caprichos que ha impuesto el l\u00edder nacional en todos los lugares donde hay \u201cconsultas\u201d para definir candidato.<\/strong><\/span><\/p>\n<p><span style=\"font-size: 14pt;\">A una semana de una marcha multitudinaria en Saltillo, Delgado se inclin\u00f3 por la persona m\u00e1s proclive a respetar su voluntad y arroj\u00f3 como resultado al candidato que los coahuilenses no quieren. Las protestas surgieron desde la presidencia del Consejo Estatal de Morena, encabezado por Laila Yamile Mtanous Casta\u00f1o, para que Remediara el mal que hab\u00eda hecho contra los estatutos, pero el l\u00edder nacional lo tom\u00f3 como una afrenta personal a su poder y convoc\u00f3 a la Comisi\u00f3n Nacional de Honestidad y Justicia del partido la expulsi\u00f3n de 22 morenistas por su apoyo a Ricardo Mej\u00eda Berdeja, precandidato del Partido del Trabajo a la gubernatura de Coahuila.<\/span><\/p>\n<p>&nbsp;<\/p>\n<p><span style=\"font-size: 18pt; color: #139eca;\"><strong>DEFENDIENDO EL ESTATUTO<\/strong><\/span><\/p>\n<p><span style=\"font-size: 14pt;\">En ning\u00fan momento mostraron simpat\u00edas por nadie los acusados sino respeto a los estatutos que son posturas muy diferentes, pero como nunca nadie cuestiona la actuaci\u00f3n de este l\u00edder desgastado, lo tom\u00f3 como un reto y actu\u00f3 en consecuencia.<\/span><\/p>\n<p><span style=\"font-size: 18pt;\"><strong>Consider\u00f3 que su apoyo a un candidato distinto al de Morena contraviene la normatividad interna, ya que no buscan la unidad al interior del partido. Fue exactamente lo que hizo Ricardo Monreal al apoyar no s\u00f3lo a un candidato de Fuerza por M\u00e9xico sino a todo el partido. Despu\u00e9s impuls\u00f3 a Sandra Cuevas, de quien es mejor no decir nada, no vaya a ser contagioso, pero nunca dijo nada Mario Delgado, ni una amonestaci\u00f3n, ni un gesto.<\/strong><\/span><\/p>\n<p><span style=\"font-size: 18pt;\"><strong>Porque Delgado s\u00f3lo castiga a quien no est\u00e1 de acuerdo con su liderazgo que se deteriora r\u00e1pidamente y con severa contundencia, la selecci\u00f3n de candidatos a la Presidencia de la rep\u00fablica no puede quedar en sus manos por el bien del partido y, sobre todo, de su democracia interna.<\/strong><\/span><\/p>\n<p><span style=\"font-size: 18pt; color: #139eca;\"><strong>Candil de la calle y oscuridad de su casa, es el refr\u00e1n que puede nombrar a Mario delgado, quien den un alarde de pluralidad y apertura llam\u00f3 a los simpatizantes del PRD a unirse a la cuarta transformaci\u00f3n, luego de que el PAN y PRI excluyeron a ese partido de un posicionamiento en el que refrendaron su alianza para 2023 y 2024.<\/strong><\/span><\/p>\n<p><span style=\"font-size: 18pt;\"><strong>Los actos de Ricardo Monreal re\u00fanen todos los requisitos para ser expulsado de Morena, no se trata de una purga, en este caso sino de una depuraci\u00f3n en nombre de la definici\u00f3n y la coherencia, porque si el zacatecano pugna por la unidad, no debiera defender p\u00fablicamente a una de las agresoras a sus compa\u00f1eros de partido, ni hubiera impulsado la candidatura de esa mujer a la alcald\u00eda de Cuauht\u00e9moc, ni la hubiera defendido de los medios en sus m\u00faltiples pifias. Esto es peor que la exigencia de los coahuilenses por hacer respetar los estatutos, pero Delgado le teme a Monreal, le guarda consideraciones comulgando en sus traiciones y coincidiendo en la parcialidad de aplicaci\u00f3n de las normas partidistas.<\/strong><\/span><\/p>\n<p><span style=\"font-size: 14pt;\">La designaci\u00f3n de Guadiana por Morena para la gubernatura no excluye que la candidatura de Mej\u00eda sea tan propia de la 4T como la de Morena, lo que s\u00ed se hace evidente es la parcialidad de Mario Delgado, su traici\u00f3n a la verdad, su deshonestidad, y haberle dado la espalda al pueblo.<\/span><\/p>\n<p>&nbsp;<\/p>\n<hr \/>\n<p>&nbsp;<\/p>\n<p><span style=\"font-size: 18pt;\"><strong>Twitter:\u00a0<a href=\"https:\/\/twitter.com\/Josangasa3\">@Josangasa3<\/a><\/strong><\/span><\/p>\n<p>&nbsp;<\/p>\n<p><img data-recalc-dims=\"1\" loading=\"lazy\" decoding=\"async\" class=\"aligncenter wp-image-14351\" src=\"https:\/\/i0.wp.com\/politicosaldesnudo.com.mx\/wp-content\/uploads\/2023\/01\/FIRMA-EDITORIAL-PD-300x37.png?resize=800%2C98&#038;ssl=1\" alt=\"\" width=\"800\" height=\"98\" srcset=\"https:\/\/i0.wp.com\/politicosaldesnudo.com.mx\/wp-content\/uploads\/2023\/01\/FIRMA-EDITORIAL-PD.png?resize=300%2C37&amp;ssl=1 300w, https:\/\/i0.wp.com\/politicosaldesnudo.com.mx\/wp-content\/uploads\/2023\/01\/FIRMA-EDITORIAL-PD.png?resize=1024%2C125&amp;ssl=1 1024w, https:\/\/i0.wp.com\/politicosaldesnudo.com.mx\/wp-content\/uploads\/2023\/01\/FIRMA-EDITORIAL-PD.png?resize=768%2C94&amp;ssl=1 768w, https:\/\/i0.wp.com\/politicosaldesnudo.com.mx\/wp-content\/uploads\/2023\/01\/FIRMA-EDITORIAL-PD.png?resize=1536%2C188&amp;ssl=1 1536w, https:\/\/i0.wp.com\/politicosaldesnudo.com.mx\/wp-content\/uploads\/2023\/01\/FIRMA-EDITORIAL-PD.png?resize=2048%2C250&amp;ssl=1 2048w, https:\/\/i0.wp.com\/politicosaldesnudo.com.mx\/wp-content\/uploads\/2023\/01\/FIRMA-EDITORIAL-PD.png?w=1600&amp;ssl=1 1600w, https:\/\/i0.wp.com\/politicosaldesnudo.com.mx\/wp-content\/uploads\/2023\/01\/FIRMA-EDITORIAL-PD.png?w=2400&amp;ssl=1 2400w\" sizes=\"auto, (max-width: 800px) 100vw, 800px\" \/><\/p>\n<p>&nbsp;<\/p>\n<p>&nbsp;<\/p>\n<p>&nbsp;<\/p>\n<p>&nbsp;<\/p>\n<p>&nbsp;<\/p>\n","protected":false},"excerpt":{"rendered":"<p>&nbsp; Por Jos\u00e9 Garc\u00eda S\u00e1nchez Los coahuilenses le dieron una gran lecci\u00f3n a Mario Delgado, lo cual desestabiliz\u00f3 tanto al<\/p>\n","protected":false},"author":4,"featured_media":3934,"comment_status":"closed","ping_status":"closed","sticky":false,"template":"","format":"standard","meta":{"colormag_page_container_layout":"default_layout","colormag_page_sidebar_layout":"default_layout","_jetpack_memberships_contains_paid_content":false,"footnotes":"","jetpack_publicize_message":"","jetpack_publicize_feature_enabled":true,"jetpack_social_post_already_shared":false,"jetpack_social_options":{"image_generator_settings":{"template":"highway","default_image_id":0,"font":"","enabled":false},"version":2}},"categories":[26],"tags":[2201,1263,63,981,98],"class_list":["post-15870","post","type-post","status-publish","format-standard","has-post-thumbnail","hentry","category-columnistas","tag-guadiana","tag-mario-delgado","tag-morena","tag-ricardo-mejia-berdeja","tag-ricardo-monreal"],"jetpack_publicize_connections":[],"jetpack_featured_media_url":"https:\/\/i0.wp.com\/politicosaldesnudo.com.mx\/wp-content\/uploads\/2022\/04\/JOSE%CC%81-GARCI%CC%81A.png?fit=1816%2C1016&ssl=1","jetpack-related-posts":[],"jetpack_sharing_enabled":true,"_links":{"self":[{"href":"https:\/\/politicosaldesnudo.com.mx\/index.php\/wp-json\/wp\/v2\/posts\/15870","targetHints":{"allow":["GET"]}}],"collection":[{"href":"https:\/\/politicosaldesnudo.com.mx\/index.php\/wp-json\/wp\/v2\/posts"}],"about":[{"href":"https:\/\/politicosaldesnudo.com.mx\/index.php\/wp-json\/wp\/v2\/types\/post"}],"author":[{"embeddable":true,"href":"https:\/\/politicosaldesnudo.com.mx\/index.php\/wp-json\/wp\/v2\/users\/4"}],"replies":[{"embeddable":true,"href":"https:\/\/politicosaldesnudo.com.mx\/index.php\/wp-json\/wp\/v2\/comments?post=15870"}],"version-history":[{"count":0,"href":"https:\/\/politicosaldesnudo.com.mx\/index.php\/wp-json\/wp\/v2\/posts\/15870\/revisions"}],"wp:featuredmedia":[{"embeddable":true,"href":"https:\/\/politicosaldesnudo.com.mx\/index.php\/wp-json\/wp\/v2\/media\/3934"}],"wp:attachment":[{"href":"https:\/\/politicosaldesnudo.com.mx\/index.php\/wp-json\/wp\/v2\/media?parent=15870"}],"wp:term":[{"taxonomy":"category","embeddable":true,"href":"https:\/\/politicosaldesnudo.com.mx\/index.php\/wp-json\/wp\/v2\/categories?post=15870"},{"taxonomy":"post_tag","embeddable":true,"href":"https:\/\/politicosaldesnudo.com.mx\/index.php\/wp-json\/wp\/v2\/tags?post=15870"}],"curies":[{"name":"wp","href":"https:\/\/api.w.org\/{rel}","templated":true}]}}