{"id":15895,"date":"2023-02-08T07:05:06","date_gmt":"2023-02-08T13:05:06","guid":{"rendered":"https:\/\/politicosaldesnudo.com.mx\/?p=15895"},"modified":"2023-02-08T08:13:39","modified_gmt":"2023-02-08T14:13:39","slug":"la-constitucion-sobre-el-rumor","status":"publish","type":"post","link":"https:\/\/politicosaldesnudo.com.mx\/index.php\/2023\/02\/08\/la-constitucion-sobre-el-rumor\/","title":{"rendered":"La Constituci\u00f3n sobre el rumor"},"content":{"rendered":"<p>&nbsp;<\/p>\n<p>&nbsp;<\/p>\n<p><strong><span style=\"font-size: 18pt;\">Por \u00c1ngel \u00c1lvaro Pe\u00f1a<\/span><\/strong><\/p>\n<p><span style=\"font-size: 14pt;\">La presidenta de la Suprema Corte de Justicia de la Naci\u00f3n, Norma Luc\u00eda Pi\u00f1a Hern\u00e1ndez, fue utilizada para confrontar al presidente y sabotear el acto de conmemoraci\u00f3n del 106 Aniversario de la creaci\u00f3n de nuestra Carta Magna de 1917.<\/span><\/p>\n<p><strong><span style=\"font-size: 18pt;\">Las versiones sobre un desd\u00e9n al Presidente de la Rep\u00fablica por parte de la nueva presidenta de la Suprema Corte son tan variadas como mal intencionadas. Hubo malas y buenas intenciones, dependen del cristal con el que quieran verse y lo cierto es que cualquiera que sea la percepci\u00f3n lo cierto es que fortalece la Naci\u00f3n y otorga a los tres Poderes de la Uni\u00f3n, la independencia en la que debe asentarse la democracia mexicana.<\/span><\/strong><\/p>\n<p><span style=\"font-size: 18pt; color: #139eca;\"><strong>Acostumbrados unos, a ser agredidos constantemente por la oposici\u00f3n, consideraron que hubo una agresi\u00f3n, o, en el mejor de los casos, un olvido del protocolo; los otros, acostumbrados a encontrar en cualquier gesto una agresi\u00f3n al gobierno federal, llegaron a considerar a la presidenta ministra Norma Luc\u00eda Pi\u00f1a, como posible candidata a la Presidencia de la Rep\u00fablica en 2024.<\/strong><\/span><\/p>\n<p><span style=\"font-size: 14pt;\">La oposici\u00f3n est\u00e1 tan carente de cuadros, de l\u00edderes y de candidatos que aprovechan cualquier incidente para abrir un espacio en su lista de precandidatos, la mayor\u00eda de ellos tan improvisados como la posibilidad de que la ministra quisiera ser Presidente de la Rep\u00fablica, lo cual nunca le pregunt\u00f3 nadie.<\/span><\/p>\n<p><span style=\"font-size: 18pt;\"><strong>La ceremonia del aniversario de la Constituci\u00f3n Mexicana inici\u00f3 con la llegada del Jefe del Ejecutivo a la puerta del Teatro de la Rep\u00fablica, anteriormente llamado Agust\u00edn de Iturbide, donde la ministra Norma Pi\u00f1a recibi\u00f3 y salud\u00f3 al Presidente seg\u00fan el protocolo. Una vez en el recinto la presentaci\u00f3n de quienes ocuparon el recinto no fue motivo suficiente para que se pusiera de pie la ministra. A la hora de rendirle los honores al Presidente, no s\u00f3lo se puso de pie sino que aplaudi\u00f3. Lo mismo hizo cuando pronunci\u00f3 su discurso Andr\u00e9s Manuel L\u00f3pez Obrador, quien fuera el \u00faltimo orador en el acto.<\/strong><\/span><\/p>\n<p>&nbsp;<\/p>\n<p><img data-recalc-dims=\"1\" loading=\"lazy\" decoding=\"async\" class=\"aligncenter wp-image-15897 size-large\" src=\"https:\/\/i0.wp.com\/politicosaldesnudo.com.mx\/wp-content\/uploads\/2023\/02\/P-CONTITUCION-1917-1024x573.png?resize=800%2C448&#038;ssl=1\" alt=\"\" width=\"800\" height=\"448\" srcset=\"https:\/\/i0.wp.com\/politicosaldesnudo.com.mx\/wp-content\/uploads\/2023\/02\/P-CONTITUCION-1917.png?resize=1024%2C573&amp;ssl=1 1024w, https:\/\/i0.wp.com\/politicosaldesnudo.com.mx\/wp-content\/uploads\/2023\/02\/P-CONTITUCION-1917.png?resize=300%2C168&amp;ssl=1 300w, https:\/\/i0.wp.com\/politicosaldesnudo.com.mx\/wp-content\/uploads\/2023\/02\/P-CONTITUCION-1917.png?resize=768%2C430&amp;ssl=1 768w, https:\/\/i0.wp.com\/politicosaldesnudo.com.mx\/wp-content\/uploads\/2023\/02\/P-CONTITUCION-1917.png?resize=1536%2C859&amp;ssl=1 1536w, https:\/\/i0.wp.com\/politicosaldesnudo.com.mx\/wp-content\/uploads\/2023\/02\/P-CONTITUCION-1917.png?w=1816&amp;ssl=1 1816w, https:\/\/i0.wp.com\/politicosaldesnudo.com.mx\/wp-content\/uploads\/2023\/02\/P-CONTITUCION-1917.png?w=1600&amp;ssl=1 1600w\" sizes=\"auto, (max-width: 800px) 100vw, 800px\" \/><\/p>\n<p>&nbsp;<\/p>\n<p><span style=\"font-size: 14pt;\">Las versiones sobre el hecho se multiplicaron. Algunas involuntariamente, otras inconscientemente, otras m\u00e1s s\u00f3lo siguieron la inercia de un permanente enfrentamiento entre la oposici\u00f3n y el gobierno. Lo cierto es que, al no ponerse de pie en la presentaci\u00f3n de los integrantes del pres\u00eddium, no faltaba a ning\u00fan protocolo, el momento protocolario inici\u00f3 cuando se pidi\u00f3 rendir homenaje a la investidura del Presidente de la Rep\u00fablica, momento en el que la ministra se puso de pie y aplaudi\u00f3.<\/span><\/p>\n<p><span style=\"font-size: 18pt;\"><strong>Hay quienes quieren hacer de una an\u00e9cdota un hecho trascendente, incluso de rebeld\u00eda. \u201cLa pol\u00edtica es hacer historia\u201d, como dijera el Presidente en ese acto, pero si se toman incidentes sin importancia como una acci\u00f3n pol\u00edtica, las versiones de algunos medios no pueden prevalecer sobre lo que se conmemoraba, sobre el hecho hist\u00f3rico, porque hasta en los discursos trataron de encontrar mensajes cifrados que intentan influir en las elecciones de 2024, a m\u00e1s de un a\u00f1o de distancia.<\/strong><\/span><\/p>\n<p>&nbsp;<\/p>\n<p><img data-recalc-dims=\"1\" loading=\"lazy\" decoding=\"async\" class=\"aligncenter wp-image-15923 size-large\" src=\"https:\/\/i0.wp.com\/politicosaldesnudo.com.mx\/wp-content\/uploads\/2023\/02\/P-NORMA-LUCIA-PINA-1-1024x573.png?resize=800%2C448&#038;ssl=1\" alt=\"\" width=\"800\" height=\"448\" srcset=\"https:\/\/i0.wp.com\/politicosaldesnudo.com.mx\/wp-content\/uploads\/2023\/02\/P-NORMA-LUCIA-PINA-1.png?resize=1024%2C573&amp;ssl=1 1024w, https:\/\/i0.wp.com\/politicosaldesnudo.com.mx\/wp-content\/uploads\/2023\/02\/P-NORMA-LUCIA-PINA-1.png?resize=300%2C168&amp;ssl=1 300w, https:\/\/i0.wp.com\/politicosaldesnudo.com.mx\/wp-content\/uploads\/2023\/02\/P-NORMA-LUCIA-PINA-1.png?resize=768%2C430&amp;ssl=1 768w, https:\/\/i0.wp.com\/politicosaldesnudo.com.mx\/wp-content\/uploads\/2023\/02\/P-NORMA-LUCIA-PINA-1.png?resize=1536%2C859&amp;ssl=1 1536w, https:\/\/i0.wp.com\/politicosaldesnudo.com.mx\/wp-content\/uploads\/2023\/02\/P-NORMA-LUCIA-PINA-1.png?w=1816&amp;ssl=1 1816w, https:\/\/i0.wp.com\/politicosaldesnudo.com.mx\/wp-content\/uploads\/2023\/02\/P-NORMA-LUCIA-PINA-1.png?w=1600&amp;ssl=1 1600w\" sizes=\"auto, (max-width: 800px) 100vw, 800px\" \/><\/p>\n<p>&nbsp;<\/p>\n<p><span style=\"font-size: 18pt; color: #139eca;\"><strong>Lo que sucedi\u00f3 en Quer\u00e9taro el 5 de febrero, fue un ejemplo de c\u00f3mo se hace pol\u00edtica en los \u00faltimos cuatro a\u00f1os, donde la especulaci\u00f3n se vuelve agravio, el rumor hecho consumado y la mentira el anticipo de violencia verbal.<\/strong><\/span><\/p>\n<p><span style=\"font-size: 14pt;\">Este escenario se convierte en el lugar ideal para crear un enfrentamiento que s\u00f3lo tiene su origen en la imaginaci\u00f3n, pero sobre todo en la mala intenci\u00f3n. Este suceso debe servir de llamado de atenci\u00f3n para elevar el nivel del debate, subir la calidad del ejercicio pol\u00edtico y saber la diferencia entre pol\u00edtica y politiquer\u00eda. Un rumor no puede colocar en segundo t\u00e9rmino la conmemoraci\u00f3n del Aniversario de nuestra Carta Magna.<\/span><\/p>\n<p>&nbsp;<\/p>\n<p><span style=\"font-size: 18pt; color: #139eca;\"><strong>PEGA Y CORRE<\/strong><\/span><\/p>\n<p><span style=\"font-size: 14pt;\">Menudo problema enfrenta el PRD en Coahuila, donde en la \u00faltima elecci\u00f3n obtuvo el 1.25 por ciento de la votaci\u00f3n, perdiendo con esto su registro. Entonces est\u00e1 fuera de la alianza, del gobierno de coalici\u00f3n y sin fuerza en la entidad. Debe apostar su sobrevivencia en el Edomex, una de las pocas entidades donde todav\u00eda conserva el registro.<\/span><\/p>\n<p>&nbsp;<\/p>\n<p><em><span style=\"font-size: 18pt;\"><strong>Esta columna se publica los lunes, mi\u00e9rcoles y viernes<\/strong><\/span><\/em><\/p>\n<p>&nbsp;<\/p>\n<hr \/>\n<p>&nbsp;<\/p>\n<p><img data-recalc-dims=\"1\" loading=\"lazy\" decoding=\"async\" class=\"aligncenter wp-image-14351\" src=\"https:\/\/i0.wp.com\/politicosaldesnudo.com.mx\/wp-content\/uploads\/2023\/01\/FIRMA-EDITORIAL-PD-300x37.png?resize=800%2C98&#038;ssl=1\" alt=\"\" width=\"800\" height=\"98\" srcset=\"https:\/\/i0.wp.com\/politicosaldesnudo.com.mx\/wp-content\/uploads\/2023\/01\/FIRMA-EDITORIAL-PD.png?resize=300%2C37&amp;ssl=1 300w, https:\/\/i0.wp.com\/politicosaldesnudo.com.mx\/wp-content\/uploads\/2023\/01\/FIRMA-EDITORIAL-PD.png?resize=1024%2C125&amp;ssl=1 1024w, https:\/\/i0.wp.com\/politicosaldesnudo.com.mx\/wp-content\/uploads\/2023\/01\/FIRMA-EDITORIAL-PD.png?resize=768%2C94&amp;ssl=1 768w, https:\/\/i0.wp.com\/politicosaldesnudo.com.mx\/wp-content\/uploads\/2023\/01\/FIRMA-EDITORIAL-PD.png?resize=1536%2C188&amp;ssl=1 1536w, https:\/\/i0.wp.com\/politicosaldesnudo.com.mx\/wp-content\/uploads\/2023\/01\/FIRMA-EDITORIAL-PD.png?resize=2048%2C250&amp;ssl=1 2048w, https:\/\/i0.wp.com\/politicosaldesnudo.com.mx\/wp-content\/uploads\/2023\/01\/FIRMA-EDITORIAL-PD.png?w=1600&amp;ssl=1 1600w, https:\/\/i0.wp.com\/politicosaldesnudo.com.mx\/wp-content\/uploads\/2023\/01\/FIRMA-EDITORIAL-PD.png?w=2400&amp;ssl=1 2400w\" sizes=\"auto, (max-width: 800px) 100vw, 800px\" \/><\/p>\n<p>&nbsp;<\/p>\n<p>&nbsp;<\/p>\n","protected":false},"excerpt":{"rendered":"<p>&nbsp; &nbsp; Por \u00c1ngel \u00c1lvaro Pe\u00f1a La presidenta de la Suprema Corte de Justicia de la Naci\u00f3n, Norma Luc\u00eda Pi\u00f1a<\/p>\n","protected":false},"author":4,"featured_media":15807,"comment_status":"closed","ping_status":"closed","sticky":false,"template":"","format":"standard","meta":{"colormag_page_container_layout":"default_layout","colormag_page_sidebar_layout":"default_layout","_jetpack_memberships_contains_paid_content":false,"footnotes":"","jetpack_publicize_message":"","jetpack_publicize_feature_enabled":true,"jetpack_social_post_already_shared":false,"jetpack_social_options":{"image_generator_settings":{"template":"highway","default_image_id":0,"font":"","enabled":false},"version":2}},"categories":[26],"tags":[95,1058,42,2013,545],"class_list":["post-15895","post","type-post","status-publish","format-standard","has-post-thumbnail","hentry","category-columnistas","tag-andres-manuel-lopez-obrador","tag-constitucion","tag-mexico","tag-norma-lucia-pina","tag-suprema-corte-de-justicia"],"jetpack_publicize_connections":[],"jetpack_featured_media_url":"https:\/\/i0.wp.com\/politicosaldesnudo.com.mx\/wp-content\/uploads\/2023\/02\/ANGEL-ALVARO-PENA1.webp?fit=800%2C445&ssl=1","jetpack-related-posts":[],"jetpack_sharing_enabled":true,"_links":{"self":[{"href":"https:\/\/politicosaldesnudo.com.mx\/index.php\/wp-json\/wp\/v2\/posts\/15895","targetHints":{"allow":["GET"]}}],"collection":[{"href":"https:\/\/politicosaldesnudo.com.mx\/index.php\/wp-json\/wp\/v2\/posts"}],"about":[{"href":"https:\/\/politicosaldesnudo.com.mx\/index.php\/wp-json\/wp\/v2\/types\/post"}],"author":[{"embeddable":true,"href":"https:\/\/politicosaldesnudo.com.mx\/index.php\/wp-json\/wp\/v2\/users\/4"}],"replies":[{"embeddable":true,"href":"https:\/\/politicosaldesnudo.com.mx\/index.php\/wp-json\/wp\/v2\/comments?post=15895"}],"version-history":[{"count":0,"href":"https:\/\/politicosaldesnudo.com.mx\/index.php\/wp-json\/wp\/v2\/posts\/15895\/revisions"}],"wp:featuredmedia":[{"embeddable":true,"href":"https:\/\/politicosaldesnudo.com.mx\/index.php\/wp-json\/wp\/v2\/media\/15807"}],"wp:attachment":[{"href":"https:\/\/politicosaldesnudo.com.mx\/index.php\/wp-json\/wp\/v2\/media?parent=15895"}],"wp:term":[{"taxonomy":"category","embeddable":true,"href":"https:\/\/politicosaldesnudo.com.mx\/index.php\/wp-json\/wp\/v2\/categories?post=15895"},{"taxonomy":"post_tag","embeddable":true,"href":"https:\/\/politicosaldesnudo.com.mx\/index.php\/wp-json\/wp\/v2\/tags?post=15895"}],"curies":[{"name":"wp","href":"https:\/\/api.w.org\/{rel}","templated":true}]}}