{"id":15987,"date":"2023-02-10T05:51:05","date_gmt":"2023-02-10T11:51:05","guid":{"rendered":"https:\/\/politicosaldesnudo.com.mx\/?p=15987"},"modified":"2023-02-10T12:38:47","modified_gmt":"2023-02-10T18:38:47","slug":"evitar-agresiones-a-periodistas-y-no-investigar-crimenes","status":"publish","type":"post","link":"https:\/\/politicosaldesnudo.com.mx\/index.php\/2023\/02\/10\/evitar-agresiones-a-periodistas-y-no-investigar-crimenes\/","title":{"rendered":"Evitar agresiones a periodistas y no investigar cr\u00edmenes"},"content":{"rendered":"<p>&nbsp;<\/p>\n<p class=\"p1\"><span style=\"font-size: 18pt;\"><b>Por \u00c1ngel \u00c1lvaro Pe\u00f1a<\/b><\/span><\/p>\n<p class=\"p1\"><span style=\"font-size: 14pt;\">La informaci\u00f3n que dio a conocer el Mecanismo de Protecci\u00f3n a Personas Defensoras de Derechos Humanos y Periodistas se convierte en una acusaci\u00f3n por la ineficacia de ese organismo.<\/span><\/p>\n<p class=\"p1\"><span style=\"font-size: 18pt;\"><strong>En Tamaulipas, donde fue ofrecido el informe, el a\u00f1o pasado asesinaron a Antonio de la Cruz, motivo por el cual Alejandro Encinas, subsecretario de Gobernaci\u00f3n y responsable del desarrollo del Mecanismo, habl\u00f3 acerca de que \u201cDe los 13 homicidios registrados el a\u00f1o pasado como pr\u00e1cticamente en su totalidad est\u00e1n siendo esclarecidos, ya est\u00e1n todas las personas, actores materiales e intelectuales identificados;\u00a0han sido consignadas ya, las personas, en su mayor\u00eda\u201d.<\/strong><\/span><\/p>\n<p class=\"p1\"><span style=\"font-size: 18pt; color: #139eca;\"><strong>En 2022 asesinaron a 17 periodistas, de los cuales s\u00f3lo se han esclarecido 13 casos, sin que nadie tenga mayor informaci\u00f3n al respecto. Pero de lo que se trata es que no haya homicidios de comunicadores, pero hay quienes consideran que la eficacia del Mecanismo radica en el \u00e9xito de la investigaci\u00f3n, cuando debe considerarse que no haya muertes, que sea preventivo.<\/strong><\/span><\/p>\n<p>&nbsp;<\/p>\n<p><img data-recalc-dims=\"1\" loading=\"lazy\" decoding=\"async\" class=\"aligncenter wp-image-15988 size-large\" src=\"https:\/\/i0.wp.com\/politicosaldesnudo.com.mx\/wp-content\/uploads\/2023\/02\/P-ENCINAS-TAMAULIPAS-1024x573.png?resize=800%2C448&#038;ssl=1\" alt=\"\" width=\"800\" height=\"448\" srcset=\"https:\/\/i0.wp.com\/politicosaldesnudo.com.mx\/wp-content\/uploads\/2023\/02\/P-ENCINAS-TAMAULIPAS.png?resize=1024%2C573&amp;ssl=1 1024w, https:\/\/i0.wp.com\/politicosaldesnudo.com.mx\/wp-content\/uploads\/2023\/02\/P-ENCINAS-TAMAULIPAS.png?resize=300%2C168&amp;ssl=1 300w, https:\/\/i0.wp.com\/politicosaldesnudo.com.mx\/wp-content\/uploads\/2023\/02\/P-ENCINAS-TAMAULIPAS.png?resize=768%2C430&amp;ssl=1 768w, https:\/\/i0.wp.com\/politicosaldesnudo.com.mx\/wp-content\/uploads\/2023\/02\/P-ENCINAS-TAMAULIPAS.png?resize=1536%2C859&amp;ssl=1 1536w, https:\/\/i0.wp.com\/politicosaldesnudo.com.mx\/wp-content\/uploads\/2023\/02\/P-ENCINAS-TAMAULIPAS.png?w=1816&amp;ssl=1 1816w, https:\/\/i0.wp.com\/politicosaldesnudo.com.mx\/wp-content\/uploads\/2023\/02\/P-ENCINAS-TAMAULIPAS.png?w=1600&amp;ssl=1 1600w\" sizes=\"auto, (max-width: 800px) 100vw, 800px\" \/><\/p>\n<p>&nbsp;<\/p>\n<p class=\"p1\"><span style=\"font-size: 18pt;\"><strong>A los familiares de las v\u00edctimas no les interesa qui\u00e9n fue, eso es secundario, sino que el sost\u00e9n de su casa y eje de la familia ya no est\u00e1 vivo. Un ser querido que muere en manos de delincuentes, es lo que debe evitarse. Estos cr\u00edmenes, son tragedias de toda una familia, la cual se queda en la orfandad.<\/strong><\/span><\/p>\n<p class=\"p1\"><span style=\"font-size: 14pt;\">Y una vez sucedido lo inevitable debe darse a conocer p\u00fablicamente qui\u00e9nes son, a qu\u00e9 actividad pertenecen los asesinos, si son venganzas personales, de nexos con el gobierno o con el crimen organizado. En una palabra, prevenir y no lamentar.<\/span><\/p>\n<p class=\"p1\"><span style=\"font-size: 18pt;\"><strong>Se ha avanzado en el Mecanismo en los \u00faltimos meses respecto a la erradicaci\u00f3n de elementos pertenecientes a reg\u00edmenes anteriores, pero la tijera se qued\u00f3 corta y a la observaci\u00f3n de los elementos le falt\u00f3 visi\u00f3n para erradicar personas y vicios, de otra manera, no habr\u00eda tantas muertes.<\/strong><\/span><\/p>\n<p class=\"p1\"><span style=\"font-size: 18pt; color: #139eca;\"><strong>El a\u00f1o pasado, 2022, hubo 3 asesinatos de Baja California, estado fronterizo; y tres en Veracruz, estado peligroso para el ejercicio del oficio. Sonora, dos; Michoac\u00e1n, dos. De ah\u00ed siguen Oaxaca, Zacatecas, Guerrero, Guanajuato.<\/strong><\/span><\/p>\n<p class=\"p1\"><span style=\"font-size: 18pt;\"><strong>Alejandro Encinas reconoci\u00f3 que las fiscal\u00edas de los estados no tienen capacidad para atender estos atentados contra los periodistas y la libertad de expresi\u00f3n.<\/strong><\/span><\/p>\n<p class=\"p1\"><span style=\"font-size: 14pt;\">\u201cLamentablemente, en ocasiones, las fiscal\u00edas de los estados no han tenido la capacidad de respuesta, me refiero al conjunto del pa\u00eds, para esclarecer estos hechos\u201d, lo cual contin\u00faa con la misma visi\u00f3n, porque el responsable de evitar los homicidios es el Mecanismo, y todav\u00eda anunci\u00f3 que la propuesta de modificaci\u00f3n que presentar\u00e1 en el Congreso de la Uni\u00f3n, lo replantear\u00e1 como un instrumento preventivo y no reactivo, como fue concebido.<\/span><\/p>\n<p class=\"p1\"><span style=\"font-size: 18pt;\"><strong>Pareciera que el objetivo del Mecanismo es repetir las promesas que la Junta de Gobierno dice desde el inicio de sus trabajos, que es la instancia que trata de distraer para continuar con una inercia de burocratismo, cuyos integrantes no muestran sensibilidad alguna ni responsabilidad en su tarea que implica salvar vidas.<\/strong><\/span><\/p>\n<p class=\"p1\"><span style=\"font-size: 14pt;\">Los hechos no deben esclarecerse, deben evitarse, esto debe estar presente en el Mecanismo, la Junta de Gobierno y los periodistas que se acogen a la protecci\u00f3n para preservar sus vidas.<\/span><\/p>\n<p class=\"p1\"><span style=\"font-size: 14pt;\">\u201cHay que recordar que se concibi\u00f3 como un mecanismo extraordinario para enfrentar una situaci\u00f3n extraordinaria de violencia contra los periodistas, que inici\u00f3 en 2006 y solamente en el gobierno de Calder\u00f3n fueron asesinados 100 compa\u00f1eros y compa\u00f1eras\u201d, coment\u00f3 el subsecretario.<\/span><\/p>\n<p class=\"p1\"><span style=\"font-size: 14pt;\">Sin embargo, hoy por hoy, est\u00e1 en manos del Mecanismo se\u00f1alar las instancias, razones, asesinos intelectuales de las v\u00edctimas como una alerta a otros periodistas para que esa prevenci\u00f3n pueda ser acompa\u00f1ada de las precauciones que los propios comunicadores puedan realizar, contribuyendo a preservar sus vidas.<\/span><\/p>\n<p class=\"p1\"><span style=\"font-size: 14pt;\">En lo que va de 2023 se registr\u00f3 el ataque al periodista de La Nota Prensa, de Sonora, Omar Castro, el pasado primero de enero, y salv\u00f3 la vida. Lo mismo sucedi\u00f3 con un compa\u00f1ero en Quintana Roo, donde los escoltas del Mecanismo impidieron el asesinato de Rub\u00e9n Dar\u00edo Cruz.<\/span><\/p>\n<p class=\"p1\"><span style=\"font-size: 18pt; color: #139eca;\"><strong>En el sexenio de Felipe Calder\u00f3n hubo 100 asesinatos y ataques contra periodistas. Con Pe\u00f1a Nieto fueron 47. En los cuatro a\u00f1os de gobierno de Andr\u00e9s Manuel L\u00f3pez Obrador han ocurrido\u00a042.<\/strong><\/span><\/p>\n<p class=\"p1\"><span style=\"font-size: 14pt;\">Se trata de difundir el mayor n\u00famero de informaci\u00f3n al respecto. Debe haber conciencia de que estos compa\u00f1eros no hayan muerto en vano sino mostrando todo el contexto de sus muertes. Y eso no requiere ni permiso de Congreso ni autorizaci\u00f3n de nadie.<\/span><\/p>\n<p class=\"p1\"><span style=\"font-size: 18pt;\"><strong>El Mecanismo no es una oficina policiaca, ni despacho de detectives, se trata de una instancia que tiene el fin de evitar la muerte de defensores de derechos humanos y periodistas. Nadie quiere saber sobre el esclarecimiento si no hay mayor informaci\u00f3n sobre los casos.<\/strong><\/span><\/p>\n<p class=\"p1\"><span style=\"font-size: 18pt;\"><strong>Prevenir para que no haya asesinatos es el objetivo y no una brillante investigaci\u00f3n. Empieza a trabajarse bien en el Mecanismo, pero puede hacerlo mejor, se dan los primeros pasos donde todos salimos beneficiados.<\/strong><\/span><\/p>\n<p>&nbsp;<\/p>\n<p class=\"p1\"><span style=\"font-size: 18pt; color: #139eca;\"><b>PEGA Y CORRE<\/b><\/span><\/p>\n<p class=\"p1\"><span style=\"font-size: 14pt;\">Comienza a deshacerse la designaci\u00f3n de Morena para el gobierno de Coahuila, Luis Fernando Salazar, coordinador de precampa\u00f1a de Armando Guadiana, renunci\u00f3 a su encargo, dice que crear\u00e1 un equipo alterno pero no dice en favor de qui\u00e9n.<\/span><\/p>\n<p>&nbsp;<\/p>\n<p><em><span style=\"font-size: 18pt;\"><strong>Esta columna se publica los lunes, mi\u00e9rcoles y viernes<\/strong><\/span><\/em><\/p>\n<p>&nbsp;<\/p>\n<hr \/>\n<p>&nbsp;<\/p>\n<p><img data-recalc-dims=\"1\" loading=\"lazy\" decoding=\"async\" class=\"aligncenter wp-image-14351\" src=\"https:\/\/i0.wp.com\/politicosaldesnudo.com.mx\/wp-content\/uploads\/2023\/01\/FIRMA-EDITORIAL-PD-300x37.png?resize=800%2C98&#038;ssl=1\" alt=\"\" width=\"800\" height=\"98\" srcset=\"https:\/\/i0.wp.com\/politicosaldesnudo.com.mx\/wp-content\/uploads\/2023\/01\/FIRMA-EDITORIAL-PD.png?resize=300%2C37&amp;ssl=1 300w, https:\/\/i0.wp.com\/politicosaldesnudo.com.mx\/wp-content\/uploads\/2023\/01\/FIRMA-EDITORIAL-PD.png?resize=1024%2C125&amp;ssl=1 1024w, https:\/\/i0.wp.com\/politicosaldesnudo.com.mx\/wp-content\/uploads\/2023\/01\/FIRMA-EDITORIAL-PD.png?resize=768%2C94&amp;ssl=1 768w, https:\/\/i0.wp.com\/politicosaldesnudo.com.mx\/wp-content\/uploads\/2023\/01\/FIRMA-EDITORIAL-PD.png?resize=1536%2C188&amp;ssl=1 1536w, https:\/\/i0.wp.com\/politicosaldesnudo.com.mx\/wp-content\/uploads\/2023\/01\/FIRMA-EDITORIAL-PD.png?resize=2048%2C250&amp;ssl=1 2048w, https:\/\/i0.wp.com\/politicosaldesnudo.com.mx\/wp-content\/uploads\/2023\/01\/FIRMA-EDITORIAL-PD.png?w=1600&amp;ssl=1 1600w, https:\/\/i0.wp.com\/politicosaldesnudo.com.mx\/wp-content\/uploads\/2023\/01\/FIRMA-EDITORIAL-PD.png?w=2400&amp;ssl=1 2400w\" sizes=\"auto, (max-width: 800px) 100vw, 800px\" \/><\/p>\n<p>&nbsp;<\/p>\n<p>&nbsp;<\/p>\n<p>&nbsp;<\/p>\n<p>&nbsp;<\/p>\n<p class=\"p3\">\n","protected":false},"excerpt":{"rendered":"<p>&nbsp; Por \u00c1ngel \u00c1lvaro Pe\u00f1a La informaci\u00f3n que dio a conocer el Mecanismo de Protecci\u00f3n a Personas Defensoras de Derechos<\/p>\n","protected":false},"author":4,"featured_media":15807,"comment_status":"closed","ping_status":"closed","sticky":false,"template":"","format":"standard","meta":{"colormag_page_container_layout":"default_layout","colormag_page_sidebar_layout":"default_layout","_jetpack_memberships_contains_paid_content":false,"footnotes":"","jetpack_publicize_message":"","jetpack_publicize_feature_enabled":true,"jetpack_social_post_already_shared":false,"jetpack_social_options":{"image_generator_settings":{"template":"highway","default_image_id":0,"font":"","enabled":false},"version":2}},"categories":[26],"tags":[1327,870,42,267],"class_list":["post-15987","post","type-post","status-publish","format-standard","has-post-thumbnail","hentry","category-columnistas","tag-alejandro-encinas","tag-mecanismo","tag-mexico","tag-periodistas"],"jetpack_publicize_connections":[],"jetpack_featured_media_url":"https:\/\/i0.wp.com\/politicosaldesnudo.com.mx\/wp-content\/uploads\/2023\/02\/ANGEL-ALVARO-PENA1.webp?fit=800%2C445&ssl=1","jetpack-related-posts":[],"jetpack_sharing_enabled":true,"_links":{"self":[{"href":"https:\/\/politicosaldesnudo.com.mx\/index.php\/wp-json\/wp\/v2\/posts\/15987","targetHints":{"allow":["GET"]}}],"collection":[{"href":"https:\/\/politicosaldesnudo.com.mx\/index.php\/wp-json\/wp\/v2\/posts"}],"about":[{"href":"https:\/\/politicosaldesnudo.com.mx\/index.php\/wp-json\/wp\/v2\/types\/post"}],"author":[{"embeddable":true,"href":"https:\/\/politicosaldesnudo.com.mx\/index.php\/wp-json\/wp\/v2\/users\/4"}],"replies":[{"embeddable":true,"href":"https:\/\/politicosaldesnudo.com.mx\/index.php\/wp-json\/wp\/v2\/comments?post=15987"}],"version-history":[{"count":0,"href":"https:\/\/politicosaldesnudo.com.mx\/index.php\/wp-json\/wp\/v2\/posts\/15987\/revisions"}],"wp:featuredmedia":[{"embeddable":true,"href":"https:\/\/politicosaldesnudo.com.mx\/index.php\/wp-json\/wp\/v2\/media\/15807"}],"wp:attachment":[{"href":"https:\/\/politicosaldesnudo.com.mx\/index.php\/wp-json\/wp\/v2\/media?parent=15987"}],"wp:term":[{"taxonomy":"category","embeddable":true,"href":"https:\/\/politicosaldesnudo.com.mx\/index.php\/wp-json\/wp\/v2\/categories?post=15987"},{"taxonomy":"post_tag","embeddable":true,"href":"https:\/\/politicosaldesnudo.com.mx\/index.php\/wp-json\/wp\/v2\/tags?post=15987"}],"curies":[{"name":"wp","href":"https:\/\/api.w.org\/{rel}","templated":true}]}}