{"id":16027,"date":"2023-02-10T04:20:21","date_gmt":"2023-02-10T10:20:21","guid":{"rendered":"https:\/\/politicosaldesnudo.com.mx\/?p=16027"},"modified":"2023-02-14T09:36:19","modified_gmt":"2023-02-14T15:36:19","slug":"el-ipax-tambien-tiene-dano-patrimonial","status":"publish","type":"post","link":"https:\/\/politicosaldesnudo.com.mx\/index.php\/2023\/02\/10\/el-ipax-tambien-tiene-dano-patrimonial\/","title":{"rendered":"El IPAX tambi\u00e9n tiene da\u00f1o patrimonial"},"content":{"rendered":"<p>&nbsp;<\/p>\n<p style=\"font-weight: 400; text-align: center;\"><span style=\"font-size: 18pt;\"><strong>&lt;&lt; Se presume la comisi\u00f3n de faltas administrativas por 18,801,830 pesos &gt;&gt;<\/strong><\/span><\/p>\n<p style=\"font-weight: 400; text-align: center;\"><span style=\"font-size: 18pt;\"><strong>&lt;&lt; La presunta existencia de un da\u00f1o patrimonial a la Hacienda P\u00fablica &gt;&gt;<\/strong><\/span><\/p>\n<p style=\"font-weight: 400; text-align: center;\"><span style=\"font-size: 18pt;\"><strong>&lt;&lt; El Orfis promover\u00e1 el fincamiento de responsabilidades a funcionarios &gt;&gt;<\/strong><\/span><\/p>\n<p>&nbsp;<\/p>\n<p>&nbsp;<\/p>\n<p style=\"font-weight: 400;\"><span style=\"font-size: 18pt;\"><strong>Por Miguel \u00c1ngel Cristiani Gonz\u00e1lez<\/strong><\/span><\/p>\n<p style=\"font-weight: 400;\"><span style=\"font-size: 14pt;\">Pues resulta, que tambi\u00e9n el llamado Instituto de la Polic\u00eda Auxiliar y Protecci\u00f3n Patrimonial mejor conocido como el IPAX tambi\u00e9n result\u00f3 con una mala administraci\u00f3n y un \u201cpresunto\u201d da\u00f1o patrimonial financiero en el gasto de su presupuesto por un monto total de 18,801,830 pesos casi 19 millones de pesos.<\/span><\/p>\n<p style=\"font-weight: 400;\"><span style=\"font-size: 14pt;\">En dos \u201cobservaciones\u201d que le hizo el Orfis en sus auditor\u00edas, se estableci\u00f3 un presunto da\u00f1o patrimonial financiero por FP-037\/2021\/006 DA\u00d1 13,701.53 pesos y FP-037\/2021\/008 DA\u00d1 por 5,100,452.29 pesos<\/span><\/p>\n<p style=\"font-weight: 400;\"><span style=\"font-size: 14pt;\">En consecuencia, el Orfis ya debi\u00f3 de haber presentado la denuncia penal correspondiente en la Fiscal\u00eda General del Estado.\u00a0\u00a0\u00a0\u00a0\u00a0<\/span><\/p>\n<p style=\"font-weight: 400;\"><span style=\"font-size: 14pt;\">De acuerdo con la Nueva Valoraci\u00f3n que se hizo a la Cuenta P\u00fablica del a\u00f1o 2021, la Fiscalizaci\u00f3n Superior se practic\u00f3 sobre la totalidad de la informaci\u00f3n proporcionada por el Ente Fiscalizable, por lo que la veracidad de la misma es responsabilidad de las y los servidores p\u00fablicos que administraron los recursos del ejercicio que se audit\u00f3. La revisi\u00f3n efectuada por el Orfis fue planeada y desarrollada de acuerdo con el objetivo y alcance establecidos, aplicando los procedimientos de auditor\u00eda y las pruebas selectivas que se estimaron necesarios. En consecuencia, existe una base razonable para sustentar el presente Informe Individual.<\/span><\/p>\n<p style=\"font-weight: 400;\"><span style=\"font-size: 14pt;\">Una vez concluido el Procedimiento de Fiscalizaci\u00f3n Superior de la Cuenta P\u00fablica del ejercicio 2021 y los plazos legales para la solventaci\u00f3n de los resultados notificados en el Pliego de Observaciones, el Orfis dictamina que derivado del an\u00e1lisis efectuado a las aclaraciones y documentaci\u00f3n justificatoria y comprobatoria presentadas, \u00e9stas no fueron suficientes para solventar las observaciones que hacen presumir la comisi\u00f3n de faltas administrativas y\/o la presunta existencia de un da\u00f1o patrimonial a la Hacienda P\u00fablica Estatal, respecto de la gesti\u00f3n financiera del Instituto de la Polic\u00eda Auxiliar y Protecci\u00f3n Patrimonial, que a continuaci\u00f3n se se\u00f1alan:<\/span><\/p>\n<p style=\"font-weight: 400;\"><span style=\"font-size: 14pt;\">Observaciones que hacen presumir la existencia de un da\u00f1o patrimonial a la Hacienda P\u00fablica Estatal y de las cuales el ORFIS promover\u00e1 el fincamiento de responsabilidades y determinaci\u00f3n de da\u00f1os y perjuicios de conformidad con el T\u00edtulo Quinto de la Ley de Fiscalizaci\u00f3n Superior y Rendici\u00f3n de Cuentas del Estado de Veracruz de Ignacio de la Llave, as\u00ed como con las Leyes General de Responsabilidades Administrativas y de Responsabilidades Administrativas para el Estado de Veracruz de Ignacio de la Llave, mismas que est\u00e1n detalladas en el apartado correspondiente y que a continuaci\u00f3n se indican:<\/span><\/p>\n<p style=\"font-weight: 400;\"><span style=\"font-size: 14pt;\">Observaciones que implican la inobservancia de disposiciones legales o que denotan una deficiencia administrativa por error, omisi\u00f3n o negligencia, pero que no causan perjuicio a la Hacienda P\u00fablica, incluidas en el correspondiente apartado, de las que el Titular del \u00d3rgano Interno de Control deber\u00e1 continuar con la investigaci\u00f3n respectiva y promover las acciones que procedan, informando al Orfis dentro de los treinta d\u00edas h\u00e1biles siguientes a la vista desahogada, el n\u00famero de expediente y fecha con el que se inici\u00f3 la investigaci\u00f3n o procedimiento respectivo. Asimismo, deber\u00e1 remitir al \u00d3rgano de Fiscalizaci\u00f3n Superior del Estado, un tanto en copia certificada de la resoluci\u00f3n definitiva que se determine, dentro de los diez d\u00edas h\u00e1biles siguientes a su emisi\u00f3n.<\/span><\/p>\n<p style=\"font-weight: 400;\"><span style=\"font-size: 14pt;\">En relaci\u00f3n con las recomendaciones que se emiten, que son sugerencias de car\u00e1cter preventivo orientadas a mejorar los sistemas de control en apoyo de la gesti\u00f3n financiera, el Titular del \u00d3rgano Interno de Control deber\u00e1 notificar al Orfis las acciones preventivas y correctivas, en su caso, emprendidas para evitar la recurrencia del incumplimiento normativo y fortalecimiento a los sistemas de control interno.<\/span><\/p>\n<p style=\"font-weight: 400;\"><span style=\"font-size: 14pt;\">Recomendaci\u00f3n N\u00famero: RP-037\/2021\/005:<\/span><\/p>\n<p style=\"font-weight: 400;\"><span style=\"font-size: 14pt;\">Implementar acciones para dar seguimiento a la denuncia radicada en la Carpeta de Investigaci\u00f3n C.I.\/FESP\/584\/2017\/VII ante la Fiscal\u00eda Especializada en Delitos Relacionados con Hechos de Corrupci\u00f3n y Cometidos por Servidores P\u00fablicos ante la Fiscal\u00eda General del Estado, por la omisi\u00f3n del entero de cuotas originadas de ejercicios anteriores, al Instituto de Seguridad y Servicios Sociales de los Trabajadores del Estado (ISSSTE) por concepto de Cesant\u00eda en Edad Avanzada y Vejez, as\u00ed como de su revelaci\u00f3n en las Notas a los Estados Financieros.<\/span><\/p>\n<p style=\"font-weight: 400;\"><span style=\"font-size: 14pt;\">Servicios Generales: Observaci\u00f3n N\u00famero: FP-037\/2021\/010 ADM<\/span><\/p>\n<p style=\"font-weight: 400;\"><span style=\"font-size: 14pt;\">Derivado de la revisi\u00f3n de la muestra de auditor\u00eda de los egresos del Cap\u00edtulo 3000 \u201cServicios Generales\u201d, se detect\u00f3 que el Instituto efectu\u00f3 erogaciones por concepto de arrendamiento mensual de Comandancias operativas por un monto de 1,307,601.86 pesos, sin embargo, no present\u00f3 evidencia de la autorizaci\u00f3n de la Secretar\u00eda de Finanzas y Planeaci\u00f3n (Sefiplan) por el arrendamiento de los inmuebles, por lo que no existe la certeza de que se hayan asegurado las mejores condiciones de eficiencia, eficacia y econom\u00eda por los recursos ejercidos.<\/span><\/p>\n<p style=\"font-weight: 400;\"><span style=\"font-size: 14pt;\">Hallazgo Final: Por las Retenciones y Contribuciones Estatales pendientes de liquidar y\/o depurar, se observ\u00f3 un presunto da\u00f1o patrimonial por un monto de 13,701,378.53 pesos (Trece millones setecientos un mil trescientos setenta y ocho pesos 53\/100 M.N.)<\/span><\/p>\n<p>&nbsp;<\/p>\n<hr \/>\n<p>&nbsp;<\/p>\n<p class=\"p1\"><span style=\"font-size: 18pt;\"><strong>Cont\u00e1ctanos en nuestras redes sociales:<\/strong><\/span><\/p>\n<p class=\"p1\"><span style=\"font-size: 18pt;\"><strong><a href=\"https:\/\/www.canva.com\/design\/DAEN5B9DWgs\/ZCHd2Z8KueYjlg_d59Op3A\/view\">https:\/\/www.canva.com\/design\/DAEN5B9DWgs\/ZCHd2Z8KueYjlg_d59Op3A\/view<\/a><\/strong><\/span><\/p>\n<p>&nbsp;<\/p>\n<p><img data-recalc-dims=\"1\" loading=\"lazy\" decoding=\"async\" class=\"aligncenter wp-image-14351\" src=\"https:\/\/i0.wp.com\/politicosaldesnudo.com.mx\/wp-content\/uploads\/2023\/01\/FIRMA-EDITORIAL-PD-300x37.png?resize=800%2C98&#038;ssl=1\" alt=\"\" width=\"800\" height=\"98\" srcset=\"https:\/\/i0.wp.com\/politicosaldesnudo.com.mx\/wp-content\/uploads\/2023\/01\/FIRMA-EDITORIAL-PD.png?resize=300%2C37&amp;ssl=1 300w, https:\/\/i0.wp.com\/politicosaldesnudo.com.mx\/wp-content\/uploads\/2023\/01\/FIRMA-EDITORIAL-PD.png?resize=1024%2C125&amp;ssl=1 1024w, https:\/\/i0.wp.com\/politicosaldesnudo.com.mx\/wp-content\/uploads\/2023\/01\/FIRMA-EDITORIAL-PD.png?resize=768%2C94&amp;ssl=1 768w, https:\/\/i0.wp.com\/politicosaldesnudo.com.mx\/wp-content\/uploads\/2023\/01\/FIRMA-EDITORIAL-PD.png?resize=1536%2C188&amp;ssl=1 1536w, https:\/\/i0.wp.com\/politicosaldesnudo.com.mx\/wp-content\/uploads\/2023\/01\/FIRMA-EDITORIAL-PD.png?resize=2048%2C250&amp;ssl=1 2048w, https:\/\/i0.wp.com\/politicosaldesnudo.com.mx\/wp-content\/uploads\/2023\/01\/FIRMA-EDITORIAL-PD.png?w=1600&amp;ssl=1 1600w, https:\/\/i0.wp.com\/politicosaldesnudo.com.mx\/wp-content\/uploads\/2023\/01\/FIRMA-EDITORIAL-PD.png?w=2400&amp;ssl=1 2400w\" sizes=\"auto, (max-width: 800px) 100vw, 800px\" \/><\/p>\n<p>&nbsp;<\/p>\n<p>&nbsp;<\/p>\n<p>&nbsp;<\/p>\n<p>&nbsp;<\/p>\n<p>&nbsp;<\/p>\n","protected":false},"excerpt":{"rendered":"<p>&nbsp; &lt;&lt; Se presume la comisi\u00f3n de faltas administrativas por 18,801,830 pesos &gt;&gt; &lt;&lt; La presunta existencia de un da\u00f1o<\/p>\n","protected":false},"author":4,"featured_media":3789,"comment_status":"closed","ping_status":"closed","sticky":false,"template":"","format":"standard","meta":{"colormag_page_container_layout":"default_layout","colormag_page_sidebar_layout":"default_layout","_jetpack_memberships_contains_paid_content":false,"footnotes":"","jetpack_publicize_message":"","jetpack_publicize_feature_enabled":true,"jetpack_social_post_already_shared":false,"jetpack_social_options":{"image_generator_settings":{"template":"highway","default_image_id":0,"font":"","enabled":false},"version":2}},"categories":[26],"tags":[],"class_list":["post-16027","post","type-post","status-publish","format-standard","has-post-thumbnail","hentry","category-columnistas"],"jetpack_publicize_connections":[],"jetpack_featured_media_url":"https:\/\/i0.wp.com\/politicosaldesnudo.com.mx\/wp-content\/uploads\/2022\/04\/CRISTIANI.png?fit=1816%2C1016&ssl=1","jetpack-related-posts":[],"jetpack_sharing_enabled":true,"_links":{"self":[{"href":"https:\/\/politicosaldesnudo.com.mx\/index.php\/wp-json\/wp\/v2\/posts\/16027","targetHints":{"allow":["GET"]}}],"collection":[{"href":"https:\/\/politicosaldesnudo.com.mx\/index.php\/wp-json\/wp\/v2\/posts"}],"about":[{"href":"https:\/\/politicosaldesnudo.com.mx\/index.php\/wp-json\/wp\/v2\/types\/post"}],"author":[{"embeddable":true,"href":"https:\/\/politicosaldesnudo.com.mx\/index.php\/wp-json\/wp\/v2\/users\/4"}],"replies":[{"embeddable":true,"href":"https:\/\/politicosaldesnudo.com.mx\/index.php\/wp-json\/wp\/v2\/comments?post=16027"}],"version-history":[{"count":0,"href":"https:\/\/politicosaldesnudo.com.mx\/index.php\/wp-json\/wp\/v2\/posts\/16027\/revisions"}],"wp:featuredmedia":[{"embeddable":true,"href":"https:\/\/politicosaldesnudo.com.mx\/index.php\/wp-json\/wp\/v2\/media\/3789"}],"wp:attachment":[{"href":"https:\/\/politicosaldesnudo.com.mx\/index.php\/wp-json\/wp\/v2\/media?parent=16027"}],"wp:term":[{"taxonomy":"category","embeddable":true,"href":"https:\/\/politicosaldesnudo.com.mx\/index.php\/wp-json\/wp\/v2\/categories?post=16027"},{"taxonomy":"post_tag","embeddable":true,"href":"https:\/\/politicosaldesnudo.com.mx\/index.php\/wp-json\/wp\/v2\/tags?post=16027"}],"curies":[{"name":"wp","href":"https:\/\/api.w.org\/{rel}","templated":true}]}}