{"id":16056,"date":"2023-02-13T00:45:01","date_gmt":"2023-02-13T06:45:01","guid":{"rendered":"https:\/\/politicosaldesnudo.com.mx\/?p=16056"},"modified":"2023-02-13T00:47:29","modified_gmt":"2023-02-13T06:47:29","slug":"marchas-de-la-oposicion-cortinas-de-humo-para-pri-pan-prd","status":"publish","type":"post","link":"https:\/\/politicosaldesnudo.com.mx\/index.php\/2023\/02\/13\/marchas-de-la-oposicion-cortinas-de-humo-para-pri-pan-prd\/","title":{"rendered":"Marchas de la oposici\u00f3n, cortinas de humo para PRI-PAN-PRD"},"content":{"rendered":"<p>&nbsp;<\/p>\n<p class=\"p1\"><span style=\"font-size: 18pt;\"><b>Por Carlos O. Silva Bandala<\/b><\/span><\/p>\n<p class=\"p1\"><span style=\"font-size: 14pt;\">Estamos viviendo tiempos muy interesantes para el futuro inmediato de la Rep\u00fablica. Tiempos preelectorales (de hecho de campa\u00f1as) 2024\/2030.<\/span><\/p>\n<p class=\"p1\"><span style=\"font-size: 14pt;\">Por eso es de entender, las manifestaciones callejeras, los colectivos sociales, los acuerdos y desacuerdos pol\u00edticos, los ajustes a los acuerdos previamente establecidos.<\/span><\/p>\n<p class=\"p1\"><span style=\"font-size: 18pt;\"><strong>En la alianza \u201cVa por M\u00e9xico\u201d: PAN-PRI-PRD, andan desenfrenados, pregonando (Marko Cort\u00e9s, Alejandro Moreno, Jes\u00fas Zambrano) que ganar\u00e1n la elecci\u00f3n de Presidente de la Rep\u00fablica mediante ese amarre y que en sus creencias se habr\u00e1n de sumar millones de mexicanos para derrotar a la 4T.<\/strong><\/span><\/p>\n<p class=\"p1\"><span style=\"font-size: 14pt;\">Esos alardes triunfalistas son publicidad enga\u00f1osa, que a fuerza de repetirla, pretenden se convierta en verdad. Su af\u00e1n es vender una idea falsea o tergiversa, pues prometen situaciones de medias verdades que en realidad comparten con todos los de su tipo.<\/span><\/p>\n<p class=\"p1\"><span style=\"font-size: 18pt;\"><strong>La mentira o falsea se explica por s\u00ed misma. Morena gobierna en 22 Estados de la Rep\u00fablica, es primera minor\u00eda en la C\u00e1mara de Diputados y de Senadores. Si en el Edomex triunfa la profesora Delfina G\u00f3mez (Morena), circunstancias que ahora as\u00ed se prev\u00e9n el PRI terminar\u00e1 por hundirse. En consecuencia, esa alianza estar\u00e1 m\u00e1s hueca que un coco sin agua.<\/strong><\/span><\/p>\n<p class=\"p1\"><span style=\"font-size: 14pt;\">En los acuerdos de \u201cAlito\u201d, Cort\u00e9s y Zambrano, quien representar\u00e1 la alianza \u201cVa por M\u00e9xico\u201d en las elecciones del Edomex y Coahuila, quien sigla las campa\u00f1as de los candidatos, es el PAN-PRI-PRD, entendieron a tiempo su baja posibilidad de triunfo en esos estados y por eso se sumaron.<\/span><\/p>\n<p>&nbsp;<\/p>\n<p class=\"p1\"><span style=\"font-size: 18pt; color: #139eca;\"><b>GATO ENCERRADO<\/b><\/span><\/p>\n<p class=\"p1\"><span style=\"font-size: 14pt;\">La RAE define esta locuci\u00f3n verbal, coloquial, como haber causa o raz\u00f3n oculta o secreta, o manejos ocultos. Se da a conocer que si bien el PRI sigla y se responsabiliza de organizar todo lo concerniente en ambas elecciones estatales, al PAN le corresponder\u00e1 hacer lo mismo para el caso de la candidatura al gobierno de la Ciudad de M\u00e9xico y de Presidente de la Rep\u00fablica.<\/span><\/p>\n<p class=\"p1\"><span style=\"font-size: 18pt;\"><strong>Al PRI &#8211; Alejandro Moreno, no le cuadran los n\u00fameros en el Edomex, lo sab\u00eda, lo sabe y a\u00fan m\u00e1s cuando se da a conocer que se siguen sumando organizaciones pol\u00edticas a la profesora Delfina. Esa circunstancia preconcebida los llevan a doblegarse (el PRI) para que sea el PAN quien sigue y organice, todo lo que corresponda a la Ciudad de M\u00e9xico y de la Presidencia de la Rep\u00fablica, mediante esa alianza donde el PRI, ya desfigurado, se camuflajea en una coalici\u00f3n de partidos pol\u00edticos, que en s\u00ed mismos son anti hist\u00f3ricos: PAN-PRI y PAN-PRD. Estos partidos, por su parte han preferido la renuncia al compromiso que supone la defensa de una ideolog\u00eda, para adscribirse al pragmatismo exagerado, haciendo un vil oportunismo.<\/strong><\/span><\/p>\n<p>&nbsp;<\/p>\n<p><img data-recalc-dims=\"1\" loading=\"lazy\" decoding=\"async\" class=\"aligncenter wp-image-16057 size-large\" src=\"https:\/\/i0.wp.com\/politicosaldesnudo.com.mx\/wp-content\/uploads\/2023\/02\/P-ALITO-ALEJANDRA-PRI-1024x573.png?resize=800%2C448&#038;ssl=1\" alt=\"\" width=\"800\" height=\"448\" srcset=\"https:\/\/i0.wp.com\/politicosaldesnudo.com.mx\/wp-content\/uploads\/2023\/02\/P-ALITO-ALEJANDRA-PRI.png?resize=1024%2C573&amp;ssl=1 1024w, https:\/\/i0.wp.com\/politicosaldesnudo.com.mx\/wp-content\/uploads\/2023\/02\/P-ALITO-ALEJANDRA-PRI.png?resize=300%2C168&amp;ssl=1 300w, https:\/\/i0.wp.com\/politicosaldesnudo.com.mx\/wp-content\/uploads\/2023\/02\/P-ALITO-ALEJANDRA-PRI.png?resize=768%2C430&amp;ssl=1 768w, https:\/\/i0.wp.com\/politicosaldesnudo.com.mx\/wp-content\/uploads\/2023\/02\/P-ALITO-ALEJANDRA-PRI.png?resize=1536%2C859&amp;ssl=1 1536w, https:\/\/i0.wp.com\/politicosaldesnudo.com.mx\/wp-content\/uploads\/2023\/02\/P-ALITO-ALEJANDRA-PRI.png?w=1816&amp;ssl=1 1816w, https:\/\/i0.wp.com\/politicosaldesnudo.com.mx\/wp-content\/uploads\/2023\/02\/P-ALITO-ALEJANDRA-PRI.png?w=1600&amp;ssl=1 1600w\" sizes=\"auto, (max-width: 800px) 100vw, 800px\" \/><\/p>\n<p>&nbsp;<\/p>\n<p class=\"p1\"><span style=\"font-size: 18pt;\"><strong>Si Alejandra del Moral (PRI) pierde la elecci\u00f3n en el Estado de M\u00e9xico, literalmente Alejandro Moreno y el PRI est\u00e1n muertos pol\u00edticamente. Como todo apunta en ese sentido, una candidatura propia del PRI a la elecci\u00f3n del 2024, ni quien la pele\u00e9; de ah\u00ed que aquellos precandidatos priistas que se han estado auto promocionando para que se les valore dentro de una candidatura mediante la Alianza, pero ni de locos aceptar\u00e1n ser por el PRI, solamente. Ese es el kit de la desgracia que se avecina para el PRI.<\/strong><\/span><\/p>\n<p class=\"p1\"><span style=\"font-size: 14pt;\">Por eso no es casualidad el proyecto que se propone como colectivo social, llamado M\u00e9xicolectivo, mismo que nace agrietado, pues uno de sus principales integrantes, con credibilidad pol\u00edtica, el Ing. Cuauht\u00e9moc C\u00e1rdenas, se deslind\u00f3 de ese grupo opositor.<\/span><\/p>\n<p>&nbsp;<\/p>\n<p class=\"p1\"><span style=\"font-size: 18pt; color: #139eca;\"><b>COLECTIVO CIUDADANO<\/b><\/span><\/p>\n<p class=\"p1\"><span style=\"font-size: 14pt;\">Es una alianza estrat\u00e9gica entre diferentes grupos, organizaciones, redes y movimientos de la sociedad civil, que a nivel nacional se constituyen en una fuerza colectiva cr\u00edtica y se asume de forma corresponsable en actos e interlocutor pol\u00edtico para promover la movilizaci\u00f3n social.<\/span><\/p>\n<p class=\"p1\"><span style=\"font-size: 18pt;\"><strong>Si como ha venido sucediendo, tanto el PAN-PRI-PRD han perdido credibilidad y confianza en la sociedad por su forma de hacer pol\u00edtica, por haberse convertido en un c\u00edrculo de poder por el poder mismo, y por el dinero y por otras tantas razones que la gente los ve ajenos a sus problem\u00e1ticas sociales y econ\u00f3micas, donde los partidos opositores no representan el refugio de sus luchas sociales, situaciones que llevan a la construcci\u00f3n de proyectos de representaci\u00f3n social apartidista, como es o debiera ser M\u00e9xicolectivo.<\/strong><\/span><\/p>\n<p class=\"p1\"><span style=\"font-size: 14pt;\">Pero si al frente de \u00e9l (Francisco Labastida, Dr. Jos\u00e9 Narro, Dante Delgado, Cuauht\u00e9moc C\u00e1rdenas) se observa a pol\u00edticos en campa\u00f1a, fracasados, resentidos, de clara filiaci\u00f3n partidista, su anuncio de creaci\u00f3n, terminar\u00e1 siendo debut y despedida.<\/span><\/p>\n<p class=\"p1\"><span style=\"font-size: 18pt;\"><strong>Morena tiene muy claro su definici\u00f3n ideol\u00f3gica y las causas de su lucha social. Primero los pobres. Esta expresi\u00f3n no es simple y ret\u00f3rica. La gran mayor\u00eda del M\u00e9xico pobre y clases medias bajas son simpatizantes, adherentes o militantes de Morena. Son millones de mexicanos. No es ret\u00f3rico, primero los pobres; son realidades insoslayables del comportamiento pol\u00edtico al que debieran sujetarse los partidos pol\u00edticos. Precisamente eso es de lo que se olvidaron en el PAN y en el PRI, en sus muy diferentes enfoques socios-pol\u00edticos.<\/strong><\/span><\/p>\n<p class=\"p1\"><span style=\"font-size: 14pt;\">Un muy significativo grupo social de clases medias no sabe para d\u00f3nde hacerse. Al PAN-PRI-PRD, los consideran oportunistas. Se transcribe literalmente: oportunista; persona que se acomoda a las circunstancias para obtener provecho, subordinando, incluso sus propios principios.<\/span><\/p>\n<p class=\"p1\"><span style=\"font-size: 14pt;\">Parafraseando al presidente AMLO, este gran conglomerado social de clases medias y altas, ese pueblo no es tonto, tambi\u00e9n.<\/span><\/p>\n<p class=\"p1\"><span style=\"font-size: 18pt;\"><strong>De manera concomitante, al inicio de M\u00e9xicolectivo, diversas organizaciones civiles convocan para una segunda manifestaci\u00f3n en \u201cdefensa del INE\u201d, el 26 de febrero en la Ciudad de M\u00e9xico. Dicen defender la Democracia y al Instituto Nacional Electoral, con el slogan: mi voto no se toca, ahora en virtud del Plan B del presidente AMLO, ante la Suprema Corte de Justicia de la Naci\u00f3n para modificar seis leyes secundarias, con las que se pretende ahorrar 3,500 millones de pesos en el presupuesto del INE y alcanzar hasta 5,000 millones de pesos, al considerar a los organismos locales y para lo cual, la oposici\u00f3n a presentado una controversia constitucional, raz\u00f3n en la que apoyan la movilizaci\u00f3n del 26 pr\u00f3ximo.<\/strong><\/span><\/p>\n<p class=\"p1\"><span style=\"font-size: 14pt;\">El punto es, que si la marcha la convocara el PAN-PRI-PRD, ser\u00eda un fracaso. Ellos lo saben de ah\u00ed que se acomoden y se aprovechen para integrarse, de manera ventajosa. Estos partidos pol\u00edticos ya lograron que las plurinominales (200 diputados y 36 senadur\u00edas) contin\u00faen en la Constituci\u00f3n, lo cual es el verdadero pastel de su lucha y camuflaje en la manifestaci\u00f3n, al comento. Carentes de liderazgo social, Alejandro Moreno, Marko Cort\u00e9s y Jes\u00fas Zambrano, no tengamos la menor duda de que volver\u00e1n a encaramarse en esas dietas econ\u00f3micas del Congreso de la Uni\u00f3n, y sin haber necesitado ni un solo voto ciudadano. Necesitan verse luchadores sociales de la democracia, pero no caben en ella. Son c\u00ednicos del poder p\u00fablico. No tienen reparo en utilizar trampas en su manera de argumentar.<\/span><\/p>\n<p>&nbsp;<\/p>\n<p class=\"p1\"><span style=\"font-size: 18pt; color: #139eca;\"><b>DEMOCRACIA<\/b><\/span><\/p>\n<p class=\"p1\"><span style=\"font-size: 18pt;\"><strong>Sistema pol\u00edtico que defiende la soberan\u00eda del pueblo y el derecho de \u00e9ste a elegir, y controlar a sus gobernantes. Si M\u00e9xicolectivo y la marcha del 26 de febrero pr\u00f3ximo se hacen ver frente al pueblo de M\u00e9xico, sin la presencia de los pol\u00edticos (partidistas) que se han mostrado, los dirigentes de los partidos PAN-PRI-PRD, Alejandro Moreno, Marko Cort\u00e9s y Jes\u00fas Zambrano, habr\u00e1n de justificar su movilizaci\u00f3n como una lucha de la sociedad (al menos de una parte muy importante).<\/strong><\/span><\/p>\n<p class=\"p1\"><span style=\"font-size: 14pt;\">Si las clases medias no entienden del camuflaje pol\u00edtico con que los est\u00e1n pre\u00f1ando en sus movilizaciones, los partidos mencionados, tal vez sean m\u00e1s ingenuos que aqu\u00e9l al que se refiere el Presidente AMLO de que el pueblo no es tonto (los pobres).<\/span><\/p>\n<p>&nbsp;<\/p>\n<hr \/>\n<p>&nbsp;<\/p>\n<p><strong><span style=\"font-size: 18pt;\">Correo: <span class=\"s1\"><a href=\"mailto:flormarcc2@gmail.com\">flormarcc2@gmail.com<\/a><\/span><\/span><\/strong><\/p>\n<p>&nbsp;<\/p>\n<p><img data-recalc-dims=\"1\" loading=\"lazy\" decoding=\"async\" class=\"aligncenter wp-image-14351\" src=\"https:\/\/i0.wp.com\/politicosaldesnudo.com.mx\/wp-content\/uploads\/2023\/01\/FIRMA-EDITORIAL-PD-300x37.png?resize=800%2C98&#038;ssl=1\" alt=\"\" width=\"800\" height=\"98\" srcset=\"https:\/\/i0.wp.com\/politicosaldesnudo.com.mx\/wp-content\/uploads\/2023\/01\/FIRMA-EDITORIAL-PD.png?resize=300%2C37&amp;ssl=1 300w, https:\/\/i0.wp.com\/politicosaldesnudo.com.mx\/wp-content\/uploads\/2023\/01\/FIRMA-EDITORIAL-PD.png?resize=1024%2C125&amp;ssl=1 1024w, https:\/\/i0.wp.com\/politicosaldesnudo.com.mx\/wp-content\/uploads\/2023\/01\/FIRMA-EDITORIAL-PD.png?resize=768%2C94&amp;ssl=1 768w, https:\/\/i0.wp.com\/politicosaldesnudo.com.mx\/wp-content\/uploads\/2023\/01\/FIRMA-EDITORIAL-PD.png?resize=1536%2C188&amp;ssl=1 1536w, https:\/\/i0.wp.com\/politicosaldesnudo.com.mx\/wp-content\/uploads\/2023\/01\/FIRMA-EDITORIAL-PD.png?resize=2048%2C250&amp;ssl=1 2048w, https:\/\/i0.wp.com\/politicosaldesnudo.com.mx\/wp-content\/uploads\/2023\/01\/FIRMA-EDITORIAL-PD.png?w=1600&amp;ssl=1 1600w, https:\/\/i0.wp.com\/politicosaldesnudo.com.mx\/wp-content\/uploads\/2023\/01\/FIRMA-EDITORIAL-PD.png?w=2400&amp;ssl=1 2400w\" sizes=\"auto, (max-width: 800px) 100vw, 800px\" \/><\/p>\n<p>&nbsp;<\/p>\n<p>&nbsp;<\/p>\n<p>&nbsp;<\/p>\n<p>&nbsp;<\/p>\n<p>&nbsp;<\/p>\n<p>&nbsp;<\/p>\n<p>&nbsp;<\/p>\n","protected":false},"excerpt":{"rendered":"<p>&nbsp; Por Carlos O. Silva Bandala Estamos viviendo tiempos muy interesantes para el futuro inmediato de la Rep\u00fablica. Tiempos preelectorales<\/p>\n","protected":false},"author":4,"featured_media":11705,"comment_status":"closed","ping_status":"closed","sticky":false,"template":"","format":"standard","meta":{"colormag_page_container_layout":"default_layout","colormag_page_sidebar_layout":"default_layout","_jetpack_memberships_contains_paid_content":false,"footnotes":"","jetpack_publicize_message":"","jetpack_publicize_feature_enabled":true,"jetpack_social_post_already_shared":false,"jetpack_social_options":{"image_generator_settings":{"template":"highway","default_image_id":0,"font":"","enabled":false},"version":2}},"categories":[26],"tags":[],"class_list":["post-16056","post","type-post","status-publish","format-standard","has-post-thumbnail","hentry","category-columnistas"],"jetpack_publicize_connections":[],"jetpack_featured_media_url":"https:\/\/i0.wp.com\/politicosaldesnudo.com.mx\/wp-content\/uploads\/2022\/10\/CARLOS-O.-SILVA-BANDALA.png?fit=1816%2C1016&ssl=1","jetpack-related-posts":[],"jetpack_sharing_enabled":true,"_links":{"self":[{"href":"https:\/\/politicosaldesnudo.com.mx\/index.php\/wp-json\/wp\/v2\/posts\/16056","targetHints":{"allow":["GET"]}}],"collection":[{"href":"https:\/\/politicosaldesnudo.com.mx\/index.php\/wp-json\/wp\/v2\/posts"}],"about":[{"href":"https:\/\/politicosaldesnudo.com.mx\/index.php\/wp-json\/wp\/v2\/types\/post"}],"author":[{"embeddable":true,"href":"https:\/\/politicosaldesnudo.com.mx\/index.php\/wp-json\/wp\/v2\/users\/4"}],"replies":[{"embeddable":true,"href":"https:\/\/politicosaldesnudo.com.mx\/index.php\/wp-json\/wp\/v2\/comments?post=16056"}],"version-history":[{"count":0,"href":"https:\/\/politicosaldesnudo.com.mx\/index.php\/wp-json\/wp\/v2\/posts\/16056\/revisions"}],"wp:featuredmedia":[{"embeddable":true,"href":"https:\/\/politicosaldesnudo.com.mx\/index.php\/wp-json\/wp\/v2\/media\/11705"}],"wp:attachment":[{"href":"https:\/\/politicosaldesnudo.com.mx\/index.php\/wp-json\/wp\/v2\/media?parent=16056"}],"wp:term":[{"taxonomy":"category","embeddable":true,"href":"https:\/\/politicosaldesnudo.com.mx\/index.php\/wp-json\/wp\/v2\/categories?post=16056"},{"taxonomy":"post_tag","embeddable":true,"href":"https:\/\/politicosaldesnudo.com.mx\/index.php\/wp-json\/wp\/v2\/tags?post=16056"}],"curies":[{"name":"wp","href":"https:\/\/api.w.org\/{rel}","templated":true}]}}