{"id":16108,"date":"2023-02-14T10:47:06","date_gmt":"2023-02-14T16:47:06","guid":{"rendered":"https:\/\/politicosaldesnudo.com.mx\/?p=16108"},"modified":"2023-02-14T10:52:20","modified_gmt":"2023-02-14T16:52:20","slug":"de-pecados-y-pecadores","status":"publish","type":"post","link":"https:\/\/politicosaldesnudo.com.mx\/index.php\/2023\/02\/14\/de-pecados-y-pecadores\/","title":{"rendered":"De pecados y pecadores"},"content":{"rendered":"<p>&nbsp;<\/p>\n<p class=\"p1\"><span style=\"font-size: 18pt;\"><b>Por Mois\u00e9s S\u00e1nchez Lim\u00f3n<\/b><\/span><\/p>\n<p class=\"p1\"><span style=\"font-size: 14pt;\">La del Instituto Nacional Electoral no es defensa oficiosa; los consejeros electorales, \u00bfa poco no?, se defienden solos.<\/span><\/p>\n<p class=\"p1\"><span style=\"font-size: 14pt;\">Estos que corren al ritmo de la sucesi\u00f3n presidencial, son tiempos de maledicencia m\u00e1s que de definiciones, porque \u00e9stas atienden al llamado del due\u00f1o de las reglas.<\/span><\/p>\n<p class=\"p1\"><span style=\"font-size: 18pt;\"><strong>Y con actores que se asumen distintos, el juego est\u00e1 en v\u00edas de superar al que todos jugamos y someternos como ciudadanos en el nivel y espacio que se dicte.<\/strong><\/span><\/p>\n<p class=\"p1\"><span style=\"font-size: 18pt;\"><strong>\u00bfY yo por qu\u00e9?<\/strong><\/span><\/p>\n<p class=\"p1\"><span style=\"font-size: 14pt;\">La vinculaci\u00f3n de ciudadanos etc\u00e9tera con personajes del poder, de las grandes ligas, no siempre es factor de vida que deba presumirse con ese halo que implicar\u00eda haber sido tocado por el dedo divino hacedor de milagros.<\/span><\/p>\n<p class=\"p1\"><span style=\"font-size: 14pt;\">Pero se presume.<\/span><\/p>\n<p class=\"p1\"><span style=\"font-size: 18pt;\"><strong>Y el poder no es para siempre. La soledad es cabrona, m\u00e1s cuando se cae de la gracia divina de los nuevos due\u00f1os del poder, porque el poder se recicla, o de plano se pierde cuando no hay posibilidad de mantener el mismo status con el equipo en turno.<\/strong><\/span><\/p>\n<p class=\"p1\"><span style=\"font-size: 14pt;\">Esa, \u00e9sa es la realidad de aquellos que en 2018 irrumpieron en espacios para los que no se prepararon o carecen de conocimiento y experiencia, de plano. \u00bfY el pa\u00eds?<\/span><\/p>\n<p class=\"p1\"><span style=\"font-size: 14pt;\">Porque lo importante ha sido y es la fidelidad, eso que llaman lealtad que arrastra hacia espacios del fundamentalismo que no razona y desprecia la civilidad democr\u00e1tica porque son los nuevos due\u00f1os del poder.<\/span><\/p>\n<p class=\"p1\"><span style=\"font-size: 14pt;\">Y los encuentra usted en el burocratismo del dizque cambio que supera la pr\u00e1ctica de aquellos tiempos recientes de corrupci\u00f3n, porque hay cinismo e impunidad en perversas complicidades de perjuicio social.<\/span><\/p>\n<p class=\"p1\"><span style=\"font-size: 14pt;\">Usted lo ha vivido, lo vive cuando el tr\u00e1mite que requer\u00eda de tiempo, como una consulta m\u00e9dica simple aplicada con gotero. Y m\u00e1s en trat\u00e1ndose de una intervenci\u00f3n quir\u00fargica, por citar un ejemplo del sistema de salud que, en cuatro a\u00f1os, entr\u00f3 en una especie de t\u00fanel del tiempo hacia el pasado.<\/span><\/p>\n<p class=\"p1\"><span style=\"font-size: 14pt;\">\u00bfPos no que Dinamarca?<\/span><\/p>\n<p class=\"p1\"><span style=\"font-size: 14pt;\">Veamos\u2026<\/span><\/p>\n<p class=\"p1\"><span style=\"font-size: 18pt;\"><strong>El senador Germ\u00e1n Mart\u00ednez C\u00e1zares requiri\u00f3 de cinco meses y 21 d\u00edas para decepcionarse y saber que su cargo de director general del Instituto Mexicano del Seguro Social deb\u00eda someterse a intereses impregnados de corrupci\u00f3n dentro y fuera de la instituci\u00f3n.<\/strong><\/span><\/p>\n<p class=\"p1\"><span style=\"font-size: 14pt;\">Mart\u00ednez C\u00e1zares, hijo predilecto de Quiroga, Michoac\u00e1n, fue panista ejemplar pero renunci\u00f3 y se fue en busca del Vellocino de Oro en Morena. Hoy, desde la oposici\u00f3n en el llamado Grupo Plural en el Senado, es reconocido y respetado cr\u00edtico del acontecer morenista en el ejercicio del poder.<\/span><\/p>\n<p class=\"p1\"><span style=\"font-size: 14pt;\">Designado el 8 de julio como director general del IMSS, cuando el equipo de transici\u00f3n encendi\u00f3 motores; tom\u00f3 posesi\u00f3n del cargo el 1 de diciembre de 2018 pero temprano dimiti\u00f3 al cargo (21 de mayo de 2019) cuando, en lucha desigual, se enfrent\u00f3 a la perversa realidad de quienes presum\u00edan ser diferentes a los de antes.<\/span><\/p>\n<p class=\"p1\"><span style=\"font-size: 14pt;\">Y lo eran y lo son; usted lo sabe, lo vive cotidianamente.<\/span><\/p>\n<p class=\"p1\"><span style=\"font-size: 18pt;\"><strong>\u00bfUsa el Metro? \u00bfViaja de noche por las carreteras del pa\u00eds? \u00bfTrabaja en, digamos, Acapulco y ha sido v\u00edctima del cobro de piso? \u00bfLe parece seguro vacacionar en Canc\u00fan? \u00bfAbraza, sin rubor, a quien lo asalta en el Centro Hist\u00f3rico de Ciudad de M\u00e9xico?<\/strong><\/span><\/p>\n<p class=\"p1\"><span style=\"font-size: 18pt;\"><strong>\u201c\u00a1Ya lo saben, mi gente, primero los pinches celulares! Y no escondan nada porque se los carga la chingada\u201d. Rima la amenaza que ya forma parte del dicho ciudadano.<\/strong><\/span><\/p>\n<p class=\"p1\"><span style=\"font-size: 14pt;\">Hasta octubre del a\u00f1o pasado, m\u00e1s de medio centenar de funcionarios de alto nivel han renunciado al proyecto de la 4T. Entre los dimitentes hay 9 secretarios de despacho, entre ellos Carlos Urz\u00faa que fue secretario de Hacienda; Javier Jim\u00e9nez Espri\u00fa, ac\u00e9rrimo enemigo del proyecto del aeropuerto de Texcoco que renunci\u00f3 a la Secretar\u00eda de Comunicaciones y Transportes, am\u00e9n de Tatiana Clouthier que dej\u00f3 la Secretar\u00eda de Econom\u00eda.<\/span><\/p>\n<p class=\"p1\"><span style=\"font-size: 14pt;\">Este equipo del morenismo que arras\u00f3 en los comicios presidenciales de 2018, lleg\u00f3 al poder merced a la apertura democr\u00e1tica que hoy cuestiona y pretende desmantelar para perpetuarse en el poder con una ma\u00f1osa reforma electoral en leyes secundarias.<\/span><\/p>\n<p class=\"p1\"><span style=\"font-size: 14pt;\">Es posible que esta semana sea aprobado el llamado Plan B de la referida reforma que, sin cambio ser\u00eda enviada al Ejecutivo Federal para su publicaci\u00f3n y entrada en vigor.<\/span><\/p>\n<p class=\"p1\"><span style=\"font-size: 14pt;\">Pero, pero\u2026<\/span><\/p>\n<p class=\"p1\"><span style=\"font-size: 14pt;\">El Ejecutivo puede tomarse el tiempo que quiera y agotar el margen que la Suprema Corte de Justicia de la Naci\u00f3n tiene para atender las demandas de inconstitucionalidad que se requiere contra el paquete completo de seis leyes.<\/span><\/p>\n<p class=\"p1\"><span style=\"font-size: 14pt;\">Y el 1 de junio es fecha fatal, porque de publicarse el decreto del Ejecutivo despu\u00e9s de esa fecha en el Diario Oficial de la Federaci\u00f3n, ya no proceden las demandas de inconstitucionalidad y, en consecuencia, los comicios de Coahuila y el Estado de M\u00e9xico como los federales de 2024 correr\u00edan bajo las reglas del Plan B.<\/span><\/p>\n<p class=\"p1\"><span style=\"font-size: 18pt;\"><strong>Mire usted.<\/strong><\/span><\/p>\n<p class=\"p1\"><span style=\"font-size: 18pt;\"><strong>Hoy, est\u00e1 en riesgo nuestra biso\u00f1a democracia producto de la genialidad que implica el triunfo que sabe a derrota, como ocurri\u00f3 en 1988 cuando nos dio como pa\u00eds que transitaba rumbo a la modernidad en la globalizaci\u00f3n que aplica sus reglas, la pauta para una reforma electoral que abati\u00f3 al centralismo del gobierno que era juez y parte en las elecciones federales.<\/strong><\/span><\/p>\n<p class=\"p1\"><span style=\"font-size: 18pt;\"><strong>La treinta\u00f1era democracia mexicana ha corrido en terrenos resbaladizos, en el centro de la disputa por el poder, en la descalificaci\u00f3n recurrente desde aquellos d\u00edas, cuando en 1990 mediante la expedici\u00f3n legislativa del C\u00f3digo Federal de Instituciones y Procedimientos Electorales, se orden\u00f3 crear al Instituto Federal Electoral, como instituci\u00f3n que, imparcial, brindara certeza, legalidad y transparencia a las elecciones federales.<\/strong><\/span><\/p>\n<p class=\"p1\"><span style=\"font-size: 18pt;\"><strong>Luego, en 1994 merced a la reforma electoral aprobada por el legislativo ese a\u00f1o, el gobierno dej\u00f3 de tener el control de las elecciones y se cre\u00f3 la figura de Consejeros Ciudadanos, despu\u00e9s relevados por los consejeros electorales, propuestos por las bancadas de la C\u00e1mara de Diputados y electos por mayor\u00eda calificada.<\/strong><\/span><\/p>\n<p class=\"p1\"><span style=\"font-size: 14pt;\">Entre junio de 1994 y el 10 de octubre de 1996 ejercieron el cargo de Consejeros Ciudadanos del naciente Instituto Federal Electoral seis personajes, dos de ellos destacados defensores del hoy Instituto Nacional Electoral que est\u00e1 en el severo riesgo de perder hasta el modo de andar.<\/span><\/p>\n<p class=\"p1\"><span style=\"font-size: 14pt;\">Por eso se entiende que Jos\u00e9 Woldenberg Karakowsky haya sido orador \u00fanico en el mitin con el que, en el Monumento a la Revoluci\u00f3n, concluy\u00f3 la marcha de cientos de miles de ciudadanos el domingo 13 de noviembre del a\u00f1o pasado, 2022, por el Paseo de la Reforma, y que inquiet\u00f3 al licenciado presidente, al grado de ordenar la organizaci\u00f3n de una especie de marcha por el honor, celebrada el domingo 27 de noviembre y que \u00e9l encabez\u00f3 rumbo al Z\u00f3calo.<\/span><\/p>\n<p class=\"p1\"><span style=\"font-size: 14pt;\">Tambi\u00e9n por eso se entiende la postura de Santiago Creel Miranda, Consejero Ciudadano en el entonces IFE y que hoy preside a la Mesa Directiva de la C\u00e1mara de Diputados, sujeto a presiones como la demanda de la bancada oficialista para que renunciara al cargo.<\/span><\/p>\n<p class=\"p1\"><span style=\"font-size: 14pt;\">Hay quienes consideran que la reuni\u00f3n de vocales distritales y locales del INE, la semana pasada, junto con consejeras y consejeros de este cuerpo colegiado, con los integrantes de la Junta de Coordinaci\u00f3n Pol\u00edtica del Senado, fue una intentona del consejero presidente Lorenzo C\u00f3rdova Vianello, para frenar la aprobaci\u00f3n del Plan B de la reforma electoral.<\/span><\/p>\n<p class=\"p1\"><span style=\"font-size: 14pt;\">\u00a1Vaya!<\/span><\/p>\n<p class=\"p1\"><span style=\"font-size: 14pt;\">Los tiempos est\u00e1n definidos. Por tratarse de una reforma a leyes secundarias no se requiere de mayor\u00eda calificada y s\u00f3lo se votar\u00e1 en contra, como adelant\u00f3 Ricardo Monreal, de esa barbaridad denominada \u201ccl\u00e1usula de vida eterna\u201d con la que se pretend\u00eda dar mayor\u00eda permanente al Partido del Trabajo y al PVEM.<\/span><\/p>\n<p class=\"p1\"><span style=\"font-size: 18pt;\"><strong>La suerte del Plan B, empero, est\u00e1 en el Ejecutivo Federal que puede publicar el decreto cuando quiera, aunque el Senado la vote favorablemente esta semana para que en la Corte transiten las demandas de inconstitucionalidad, por el rumbo de la aprobaci\u00f3n como es previsible.<\/strong><\/span><\/p>\n<p class=\"p1\"><span style=\"font-size: 18pt;\"><strong>Por eso. Vamos a la concentraci\u00f3n del pr\u00f3ximo domingo 26 de febrero, en el Z\u00f3calo en defensa del voto. \u00bfO usted quiere volver al pasado y que el pr\u00f3ximo presidente o presidenta sea impuesta por un remedo de \u00f3rgano colegiado?<\/strong><\/span><\/p>\n<p class=\"p1\"><span style=\"font-size: 18pt;\"><strong>Mi voto no se toca. Me gustar\u00eda hablar bien del licenciado presidente, pero\u2026 Digo.<\/strong><\/span><\/p>\n<p>&nbsp;<\/p>\n<hr \/>\n<p>&nbsp;<\/p>\n<p><strong><span style=\"font-size: 18pt;\">Correo: <\/span><span class=\"s1\"><a href=\"mailto:sanchezlimon@gmail.com\"><span style=\"font-size: 18pt;\">sanchezlimon@gmail.com<\/span><\/a><\/span><span class=\"s2\" style=\"font-size: 18pt;\">\u00a0<\/span><\/strong><\/p>\n<p class=\"p3\"><strong><span style=\"font-size: 18pt;\"><span class=\"s2\">Twitter: <a href=\"https:\/\/twitter.com\/sanchezlimon1\">@sanchezlimon1<\/a><\/span><\/span><\/strong><\/p>\n<p>&nbsp;<\/p>\n<p><img data-recalc-dims=\"1\" loading=\"lazy\" decoding=\"async\" class=\"aligncenter wp-image-14351\" src=\"https:\/\/i0.wp.com\/politicosaldesnudo.com.mx\/wp-content\/uploads\/2023\/01\/FIRMA-EDITORIAL-PD-300x37.png?resize=800%2C98&#038;ssl=1\" alt=\"\" width=\"800\" height=\"98\" srcset=\"https:\/\/i0.wp.com\/politicosaldesnudo.com.mx\/wp-content\/uploads\/2023\/01\/FIRMA-EDITORIAL-PD.png?resize=300%2C37&amp;ssl=1 300w, https:\/\/i0.wp.com\/politicosaldesnudo.com.mx\/wp-content\/uploads\/2023\/01\/FIRMA-EDITORIAL-PD.png?resize=1024%2C125&amp;ssl=1 1024w, https:\/\/i0.wp.com\/politicosaldesnudo.com.mx\/wp-content\/uploads\/2023\/01\/FIRMA-EDITORIAL-PD.png?resize=768%2C94&amp;ssl=1 768w, https:\/\/i0.wp.com\/politicosaldesnudo.com.mx\/wp-content\/uploads\/2023\/01\/FIRMA-EDITORIAL-PD.png?resize=1536%2C188&amp;ssl=1 1536w, https:\/\/i0.wp.com\/politicosaldesnudo.com.mx\/wp-content\/uploads\/2023\/01\/FIRMA-EDITORIAL-PD.png?resize=2048%2C250&amp;ssl=1 2048w, https:\/\/i0.wp.com\/politicosaldesnudo.com.mx\/wp-content\/uploads\/2023\/01\/FIRMA-EDITORIAL-PD.png?w=1600&amp;ssl=1 1600w, https:\/\/i0.wp.com\/politicosaldesnudo.com.mx\/wp-content\/uploads\/2023\/01\/FIRMA-EDITORIAL-PD.png?w=2400&amp;ssl=1 2400w\" sizes=\"auto, (max-width: 800px) 100vw, 800px\" \/><\/p>\n<p>&nbsp;<\/p>\n<p>&nbsp;<\/p>\n<p>&nbsp;<\/p>\n<p>&nbsp;<\/p>\n","protected":false},"excerpt":{"rendered":"<p>&nbsp; Por Mois\u00e9s S\u00e1nchez Lim\u00f3n La del Instituto Nacional Electoral no es defensa oficiosa; los consejeros electorales, \u00bfa poco no?,<\/p>\n","protected":false},"author":4,"featured_media":16109,"comment_status":"closed","ping_status":"closed","sticky":false,"template":"","format":"standard","meta":{"colormag_page_container_layout":"default_layout","colormag_page_sidebar_layout":"default_layout","_jetpack_memberships_contains_paid_content":false,"footnotes":"","jetpack_publicize_message":"","jetpack_publicize_feature_enabled":true,"jetpack_social_post_already_shared":false,"jetpack_social_options":{"image_generator_settings":{"template":"highway","default_image_id":0,"font":"","enabled":false},"version":2}},"categories":[26],"tags":[43,2167],"class_list":["post-16108","post","type-post","status-publish","format-standard","has-post-thumbnail","hentry","category-columnistas","tag-ine","tag-plan-b"],"jetpack_publicize_connections":[],"jetpack_featured_media_url":"https:\/\/i0.wp.com\/politicosaldesnudo.com.mx\/wp-content\/uploads\/2023\/02\/P-MOISES-SANCHEZ-LIMON.png?fit=1816%2C1016&ssl=1","jetpack-related-posts":[],"jetpack_sharing_enabled":true,"_links":{"self":[{"href":"https:\/\/politicosaldesnudo.com.mx\/index.php\/wp-json\/wp\/v2\/posts\/16108","targetHints":{"allow":["GET"]}}],"collection":[{"href":"https:\/\/politicosaldesnudo.com.mx\/index.php\/wp-json\/wp\/v2\/posts"}],"about":[{"href":"https:\/\/politicosaldesnudo.com.mx\/index.php\/wp-json\/wp\/v2\/types\/post"}],"author":[{"embeddable":true,"href":"https:\/\/politicosaldesnudo.com.mx\/index.php\/wp-json\/wp\/v2\/users\/4"}],"replies":[{"embeddable":true,"href":"https:\/\/politicosaldesnudo.com.mx\/index.php\/wp-json\/wp\/v2\/comments?post=16108"}],"version-history":[{"count":0,"href":"https:\/\/politicosaldesnudo.com.mx\/index.php\/wp-json\/wp\/v2\/posts\/16108\/revisions"}],"wp:featuredmedia":[{"embeddable":true,"href":"https:\/\/politicosaldesnudo.com.mx\/index.php\/wp-json\/wp\/v2\/media\/16109"}],"wp:attachment":[{"href":"https:\/\/politicosaldesnudo.com.mx\/index.php\/wp-json\/wp\/v2\/media?parent=16108"}],"wp:term":[{"taxonomy":"category","embeddable":true,"href":"https:\/\/politicosaldesnudo.com.mx\/index.php\/wp-json\/wp\/v2\/categories?post=16108"},{"taxonomy":"post_tag","embeddable":true,"href":"https:\/\/politicosaldesnudo.com.mx\/index.php\/wp-json\/wp\/v2\/tags?post=16108"}],"curies":[{"name":"wp","href":"https:\/\/api.w.org\/{rel}","templated":true}]}}