{"id":16152,"date":"2023-02-15T04:12:43","date_gmt":"2023-02-15T10:12:43","guid":{"rendered":"https:\/\/politicosaldesnudo.com.mx\/?p=16152"},"modified":"2023-02-15T04:21:12","modified_gmt":"2023-02-15T10:21:12","slug":"monreal-autor-consentido-del-senado","status":"publish","type":"post","link":"https:\/\/politicosaldesnudo.com.mx\/index.php\/2023\/02\/15\/monreal-autor-consentido-del-senado\/","title":{"rendered":"Monreal autor consentido del Senado"},"content":{"rendered":"<p>&nbsp;<\/p>\n<p class=\"p1\"><span style=\"font-size: 18pt;\"><b>Por \u00c1ngel \u00c1lvaro Pe\u00f1a<\/b><\/span><\/p>\n<p class=\"p1\"><span style=\"font-size: 14pt;\">Cuando se apuesta a la mala memoria de la poblaci\u00f3n por lo regular se pierde, y esto le sucede a toda clase de pol\u00edticos que basan sus fechor\u00edas en el olvido de los dem\u00e1s.<\/span><\/p>\n<p class=\"p1\"><span style=\"font-size: 18pt;\"><strong>A pesar de no ser novatos, el esc\u00e1ndalo protagonizado por el l\u00edder de los senadores de Morena, Ricardo Monreal y el secretario t\u00e9cnico del Senado, Jos\u00e9 Manuel del R\u00edo Virgen, indign\u00f3 a los mexicanos. Uno orden\u00f3 y el otro ejecut\u00f3 la compra de dos mil libros de la autor\u00eda de Monreal, no s\u00f3lo fue el exceso de protagonismo del senador quien forz\u00f3 al Presidente a aparecer en la lista de candidatos de Morena a la Presidencia de la Rep\u00fablica, sino que el texto no tuvo \u00e9xito de ventas, por lo que pod\u00eda conseguirse hasta en 300 pesos o menos.<\/strong><\/span><\/p>\n<p class=\"p1\"><span style=\"font-size: 18pt; color: #139eca;\"><strong>El libro \u201cErrar es humano, rectificar es pol\u00edtica\u201d, lleg\u00f3 a las librer\u00edas sobre valuado con un precio al p\u00fablico de 650 pesos; sin embargo, el Senado compr\u00f3 a mil pesos cada ejemplar.<\/strong><\/span><\/p>\n<p>&nbsp;<\/p>\n<p><img data-recalc-dims=\"1\" loading=\"lazy\" decoding=\"async\" class=\"aligncenter wp-image-16153 size-large\" src=\"https:\/\/i0.wp.com\/politicosaldesnudo.com.mx\/wp-content\/uploads\/2023\/02\/P-RICARDO-MONREAL-NOTA-1-1024x573.png?resize=800%2C448&#038;ssl=1\" alt=\"\" width=\"800\" height=\"448\" srcset=\"https:\/\/i0.wp.com\/politicosaldesnudo.com.mx\/wp-content\/uploads\/2023\/02\/P-RICARDO-MONREAL-NOTA-1.png?resize=1024%2C573&amp;ssl=1 1024w, https:\/\/i0.wp.com\/politicosaldesnudo.com.mx\/wp-content\/uploads\/2023\/02\/P-RICARDO-MONREAL-NOTA-1.png?resize=300%2C168&amp;ssl=1 300w, https:\/\/i0.wp.com\/politicosaldesnudo.com.mx\/wp-content\/uploads\/2023\/02\/P-RICARDO-MONREAL-NOTA-1.png?resize=768%2C430&amp;ssl=1 768w, https:\/\/i0.wp.com\/politicosaldesnudo.com.mx\/wp-content\/uploads\/2023\/02\/P-RICARDO-MONREAL-NOTA-1.png?resize=1536%2C859&amp;ssl=1 1536w, https:\/\/i0.wp.com\/politicosaldesnudo.com.mx\/wp-content\/uploads\/2023\/02\/P-RICARDO-MONREAL-NOTA-1.png?w=1816&amp;ssl=1 1816w, https:\/\/i0.wp.com\/politicosaldesnudo.com.mx\/wp-content\/uploads\/2023\/02\/P-RICARDO-MONREAL-NOTA-1.png?w=1600&amp;ssl=1 1600w\" sizes=\"auto, (max-width: 800px) 100vw, 800px\" \/><\/p>\n<p>&nbsp;<\/p>\n<p class=\"p1\"><span style=\"font-size: 18pt;\"><strong>Por si fuera poco, desde el 30 de junio de 2021, el\u00a0<span class=\"s1\">Senado de la Rep\u00fablica\u00a0<\/span>ha pagado por 13 mil 300\u00a0<span class=\"s1\">libros\u00a0<\/span>de la autor\u00eda de<span class=\"s1\">\u00a0Ricardo Monreal<\/span>, de diferentes t\u00edtulos, con un monto de 6 millones 290 mil 993 pesos. La envidia de cualquier buen escritor.<\/strong><\/span><\/p>\n<p class=\"p1\"><span style=\"font-size: 14pt;\">Son contratos de seis ediciones firmados entre dicha C\u00e1mara y la\u00a0<span class=\"s1\">Sociedad de Editores Libreros S.A. de C.V.<\/span>, empresa a la que se le han asignado los contratos por Adjudicaci\u00f3n Directa. A pesar de que las consignas de Morena son No robar, no traicionar, no mentir, Monreal pareciera caer en todo tipo de excesos que empiezan a caracterizarlo.<\/span><\/p>\n<p class=\"p1\"><span style=\"font-size: 14pt;\">Pero el ejecutor de la orden de comprar dichos libros no se queda atr\u00e1s, porque Jos\u00e9 Manuel del R\u00edo Virgen, de Movimiento Ciudadano, ha dejado tras de s\u00ed varios compromisos que no ha cumplido, uno de ellos, el m\u00e1s reciente, fue cuando con ayuda de Ricardo Monreal fue liberado de la c\u00e1rcel, acusado de homicidio.<\/span><\/p>\n<p class=\"p1\"><span style=\"font-size: 18pt; color: #139eca;\"><strong>Eran momentos en los que Monreal y Dante Delgado quer\u00edan desaparecer poderes en Veracruz, gobernado por Morena. El delito de Ultrajes a la autoridad cobraba vida de nuevo por obra y gracia del Congreso local, delito caduco que recay\u00f3 en la persona de Rogelio Franco Cast\u00e1n, de ah\u00ed que la hayan bautizado como la Ley Franco, quien todav\u00eda no sale de la c\u00e1rcel despu\u00e9s de dos a\u00f1os, por ese cargo; sin embargo, Del R\u00edo Virgen, acusado de homicidio, ya est\u00e1 libre y autorizando gastos con el dinero del pueblo.<\/strong><\/span><\/p>\n<p>&nbsp;<\/p>\n<p><img data-recalc-dims=\"1\" loading=\"lazy\" decoding=\"async\" class=\"aligncenter wp-image-16154 size-large\" src=\"https:\/\/i0.wp.com\/politicosaldesnudo.com.mx\/wp-content\/uploads\/2023\/02\/P-RICARDO-MONREAL-NOTA-2-1024x573.png?resize=800%2C448&#038;ssl=1\" alt=\"\" width=\"800\" height=\"448\" srcset=\"https:\/\/i0.wp.com\/politicosaldesnudo.com.mx\/wp-content\/uploads\/2023\/02\/P-RICARDO-MONREAL-NOTA-2.png?resize=1024%2C573&amp;ssl=1 1024w, https:\/\/i0.wp.com\/politicosaldesnudo.com.mx\/wp-content\/uploads\/2023\/02\/P-RICARDO-MONREAL-NOTA-2.png?resize=300%2C168&amp;ssl=1 300w, https:\/\/i0.wp.com\/politicosaldesnudo.com.mx\/wp-content\/uploads\/2023\/02\/P-RICARDO-MONREAL-NOTA-2.png?resize=768%2C430&amp;ssl=1 768w, https:\/\/i0.wp.com\/politicosaldesnudo.com.mx\/wp-content\/uploads\/2023\/02\/P-RICARDO-MONREAL-NOTA-2.png?resize=1536%2C859&amp;ssl=1 1536w, https:\/\/i0.wp.com\/politicosaldesnudo.com.mx\/wp-content\/uploads\/2023\/02\/P-RICARDO-MONREAL-NOTA-2.png?w=1816&amp;ssl=1 1816w, https:\/\/i0.wp.com\/politicosaldesnudo.com.mx\/wp-content\/uploads\/2023\/02\/P-RICARDO-MONREAL-NOTA-2.png?w=1600&amp;ssl=1 1600w\" sizes=\"auto, (max-width: 800px) 100vw, 800px\" \/><\/p>\n<p>&nbsp;<\/p>\n<p class=\"p1\"><span style=\"font-size: 14pt;\">En su breve visita a la c\u00e1rcel de Pacho Viejo, en Veracruz, Del R\u00edo Virgen advirti\u00f3 que el delito de Ultrajes a la autoridad hab\u00eda sido utilizado con fines partidistas, a grado tal de dejar a Franco Cast\u00e1n sin una diputaci\u00f3n federal plurinominal. Por eso, al salir, prometi\u00f3 que contribuir\u00eda a liberar a m\u00e1s de 1,00 presos acusados de perpetrar ese delito en la entidad.<\/span><\/p>\n<p class=\"p1\"><span style=\"font-size: 14pt;\">Jam\u00e1s ha movido un dedo por los acusados injustamente con una ley que ya fue derogada por ilegal.<\/span><\/p>\n<p class=\"p1\"><span style=\"font-size: 18pt;\"><strong>Monreal y Del R\u00edo deber\u00edan ser sancionados, su mayor delito no fue el alto grado de protagonismo al pensar que un libro de su autor\u00eda podr\u00eda ilustrar a los senadores, su error m\u00e1s grande fue tratar de ignorar la memoria y burlarse de la inteligencia de los mexicanos a quienes dice defender.<\/strong><\/span><\/p>\n<p class=\"p1\"><span style=\"font-size: 14pt;\">En el caso de Del R\u00edo, su palabra qued\u00f3 en rid\u00edculo pero no en el olvido, luego de que sembr\u00f3 la esperanza en m\u00e1s de mil familias de que sus integrantes pudieran salir de la c\u00e1rcel. No tienen palabra.<\/span><\/p>\n<p>&nbsp;<\/p>\n<p class=\"p1\"><span style=\"font-size: 18pt; color: #139eca;\"><b>PEGA Y CORRE<\/b><\/span><\/p>\n<p class=\"p1\"><span style=\"font-size: 14pt;\">El chantaje que el PRI y el PAN imponen contra Movimiento Ciudadano, para presionarlo que se integre a la alianza opositora llega a l\u00edmites inconcebibles, porque mientras Dante Delgado diga que no a la unidad de la oposici\u00f3n, los diputados locales de Nuevo Le\u00f3n, intentan llevar a juicio pol\u00edtico a Samuel Garc\u00eda, de MC. Les urge sumar partidos a su movimiento.\u00a0<\/span><\/p>\n<p>&nbsp;<\/p>\n<p><em><span style=\"font-size: 18pt;\"><strong>Esta columna se publica los lunes, mi\u00e9rcoles y viernes<\/strong><\/span><\/em><\/p>\n<p>&nbsp;<\/p>\n<hr \/>\n<p>&nbsp;<\/p>\n<p><img data-recalc-dims=\"1\" loading=\"lazy\" decoding=\"async\" class=\"aligncenter wp-image-14351\" src=\"https:\/\/i0.wp.com\/politicosaldesnudo.com.mx\/wp-content\/uploads\/2023\/01\/FIRMA-EDITORIAL-PD-300x37.png?resize=800%2C98&#038;ssl=1\" alt=\"\" width=\"800\" height=\"98\" srcset=\"https:\/\/i0.wp.com\/politicosaldesnudo.com.mx\/wp-content\/uploads\/2023\/01\/FIRMA-EDITORIAL-PD.png?resize=300%2C37&amp;ssl=1 300w, https:\/\/i0.wp.com\/politicosaldesnudo.com.mx\/wp-content\/uploads\/2023\/01\/FIRMA-EDITORIAL-PD.png?resize=1024%2C125&amp;ssl=1 1024w, https:\/\/i0.wp.com\/politicosaldesnudo.com.mx\/wp-content\/uploads\/2023\/01\/FIRMA-EDITORIAL-PD.png?resize=768%2C94&amp;ssl=1 768w, https:\/\/i0.wp.com\/politicosaldesnudo.com.mx\/wp-content\/uploads\/2023\/01\/FIRMA-EDITORIAL-PD.png?resize=1536%2C188&amp;ssl=1 1536w, https:\/\/i0.wp.com\/politicosaldesnudo.com.mx\/wp-content\/uploads\/2023\/01\/FIRMA-EDITORIAL-PD.png?resize=2048%2C250&amp;ssl=1 2048w, https:\/\/i0.wp.com\/politicosaldesnudo.com.mx\/wp-content\/uploads\/2023\/01\/FIRMA-EDITORIAL-PD.png?w=1600&amp;ssl=1 1600w, https:\/\/i0.wp.com\/politicosaldesnudo.com.mx\/wp-content\/uploads\/2023\/01\/FIRMA-EDITORIAL-PD.png?w=2400&amp;ssl=1 2400w\" sizes=\"auto, (max-width: 800px) 100vw, 800px\" \/><\/p>\n<p>&nbsp;<\/p>\n<p>&nbsp;<\/p>\n<p>&nbsp;<\/p>\n","protected":false},"excerpt":{"rendered":"<p>&nbsp; Por \u00c1ngel \u00c1lvaro Pe\u00f1a Cuando se apuesta a la mala memoria de la poblaci\u00f3n por lo regular se pierde,<\/p>\n","protected":false},"author":4,"featured_media":3775,"comment_status":"closed","ping_status":"closed","sticky":false,"template":"","format":"standard","meta":{"colormag_page_container_layout":"default_layout","colormag_page_sidebar_layout":"default_layout","_jetpack_memberships_contains_paid_content":false,"footnotes":"","jetpack_publicize_message":"","jetpack_publicize_feature_enabled":true,"jetpack_social_post_already_shared":false,"jetpack_social_options":{"image_generator_settings":{"template":"highway","default_image_id":0,"font":"","enabled":false},"version":2}},"categories":[26],"tags":[2240,2241,2239,63,98,357],"class_list":["post-16152","post","type-post","status-publish","format-standard","has-post-thumbnail","hentry","category-columnistas","tag-compra","tag-jose-manuel-del-rio","tag-libros","tag-morena","tag-ricardo-monreal","tag-senado"],"jetpack_publicize_connections":[],"jetpack_featured_media_url":"https:\/\/i0.wp.com\/politicosaldesnudo.com.mx\/wp-content\/uploads\/2022\/04\/A%CC%81NGEL-A%CC%81LVARO-PEN%CC%83A1.png?fit=1816%2C1016&ssl=1","jetpack-related-posts":[],"jetpack_sharing_enabled":true,"_links":{"self":[{"href":"https:\/\/politicosaldesnudo.com.mx\/index.php\/wp-json\/wp\/v2\/posts\/16152","targetHints":{"allow":["GET"]}}],"collection":[{"href":"https:\/\/politicosaldesnudo.com.mx\/index.php\/wp-json\/wp\/v2\/posts"}],"about":[{"href":"https:\/\/politicosaldesnudo.com.mx\/index.php\/wp-json\/wp\/v2\/types\/post"}],"author":[{"embeddable":true,"href":"https:\/\/politicosaldesnudo.com.mx\/index.php\/wp-json\/wp\/v2\/users\/4"}],"replies":[{"embeddable":true,"href":"https:\/\/politicosaldesnudo.com.mx\/index.php\/wp-json\/wp\/v2\/comments?post=16152"}],"version-history":[{"count":0,"href":"https:\/\/politicosaldesnudo.com.mx\/index.php\/wp-json\/wp\/v2\/posts\/16152\/revisions"}],"wp:featuredmedia":[{"embeddable":true,"href":"https:\/\/politicosaldesnudo.com.mx\/index.php\/wp-json\/wp\/v2\/media\/3775"}],"wp:attachment":[{"href":"https:\/\/politicosaldesnudo.com.mx\/index.php\/wp-json\/wp\/v2\/media?parent=16152"}],"wp:term":[{"taxonomy":"category","embeddable":true,"href":"https:\/\/politicosaldesnudo.com.mx\/index.php\/wp-json\/wp\/v2\/categories?post=16152"},{"taxonomy":"post_tag","embeddable":true,"href":"https:\/\/politicosaldesnudo.com.mx\/index.php\/wp-json\/wp\/v2\/tags?post=16152"}],"curies":[{"name":"wp","href":"https:\/\/api.w.org\/{rel}","templated":true}]}}