{"id":16185,"date":"2023-02-16T20:00:32","date_gmt":"2023-02-17T02:00:32","guid":{"rendered":"https:\/\/politicosaldesnudo.com.mx\/?p=16185"},"modified":"2023-02-16T20:00:32","modified_gmt":"2023-02-17T02:00:32","slug":"acortara-tiempo-de-traslado-gratuito-camino-tonanitla-rumbo-al-aifa","status":"publish","type":"post","link":"https:\/\/politicosaldesnudo.com.mx\/index.php\/2023\/02\/16\/acortara-tiempo-de-traslado-gratuito-camino-tonanitla-rumbo-al-aifa\/","title":{"rendered":"Acortar\u00e1 tiempo de traslado, gratuito Camino Tonanitla rumbo al AIFA"},"content":{"rendered":"<p class=\"p1\">\n<p class=\"p3\"><span style=\"font-size: 14pt;\"><em><span class=\"s1\"><strong>NEXTLALPA, ESTADO DE M\u00c9XICO.<\/strong> <\/span><\/em><span class=\"s2\">El presidente <strong>Andr\u00e9s Manuel L\u00f3pez Obrador<\/strong> encabez\u00f3 la <strong>inauguraci\u00f3n del Camino Tonanitla<\/strong>, <strong>vialidad principal hacia el Aeropuerto Internacional Felipe \u00c1ngeles (AIFA), que ser\u00e1 gratuita para los usuarios.<\/strong><\/span><\/span><\/p>\n<p>&nbsp;<\/p>\n<blockquote>\n<p class=\"p4\"><span style=\"font-size: 14pt;\">Estoy muy contento por esta obra. Agreguen que es inversi\u00f3n p\u00fablica, no es una autopista de cuota. Es una inversi\u00f3n de 7 mil 500 millones de pesos\u201d<\/span><\/p>\n<\/blockquote>\n<p>&nbsp;<\/p>\n<p class=\"p4\"><span style=\"font-size: 18pt;\"><strong>Acompa\u00f1ado de autoridades estatales e integrantes del Gabinete, el jefe del Ejecutivo, <span class=\"s2\">Andr\u00e9s Manuel L\u00f3pez Obrador <\/span> agradeci\u00f3 a trabajadores que participaron en la ejecuci\u00f3n de la obra. La construcci\u00f3n del camino gener\u00f3 15 mil empleos directos y 30 mil indirectos.<\/strong><\/span><\/p>\n<p class=\"p4\"><span style=\"font-size: 14pt;\">De acuerdo con la Secretar\u00eda de Infraestructura, Comunicaciones y Transportes, la vialidad principal al AIFA tiene una longitud de 14.1 kil\u00f3metros y tres carriles de circulaci\u00f3n por sentido.<\/span><\/p>\n<p class=\"p4\"><span style=\"font-size: 18pt;\"><strong>Beneficiar\u00e1 a 2.5 millones de personas habitantes de Ecatepec, Tec\u00e1mac, Tonanitla, Nextlalpan y Zumpango, as\u00ed como a quienes viajen desde Indios Verdes sobre la carretera libre en direcci\u00f3n a Pachuca hacia la V\u00eda Morelos a la altura del Puente de Fierro. El recorrido se realiza en solo nueve minutos.<\/strong><\/span><\/p>\n<p class=\"p4\"><span style=\"font-size: 14pt;\">Desde la Ciudad de M\u00e9xico se podr\u00e1 tomar la ruta de Circuito Interior hacia el norte hasta la V\u00eda Morelos, donde se encontrar\u00e1 la salida a la v\u00eda principal al AIFA.<\/span><\/p>\n<p>&nbsp;<\/p>\n<p><img data-recalc-dims=\"1\" loading=\"lazy\" decoding=\"async\" class=\"aligncenter wp-image-16187 size-large\" src=\"https:\/\/i0.wp.com\/politicosaldesnudo.com.mx\/wp-content\/uploads\/2023\/02\/P-AIFA-TONANITLA-2-1024x573.png?resize=800%2C448&#038;ssl=1\" alt=\"\" width=\"800\" height=\"448\" srcset=\"https:\/\/i0.wp.com\/politicosaldesnudo.com.mx\/wp-content\/uploads\/2023\/02\/P-AIFA-TONANITLA-2.png?resize=1024%2C573&amp;ssl=1 1024w, https:\/\/i0.wp.com\/politicosaldesnudo.com.mx\/wp-content\/uploads\/2023\/02\/P-AIFA-TONANITLA-2.png?resize=300%2C168&amp;ssl=1 300w, https:\/\/i0.wp.com\/politicosaldesnudo.com.mx\/wp-content\/uploads\/2023\/02\/P-AIFA-TONANITLA-2.png?resize=768%2C430&amp;ssl=1 768w, https:\/\/i0.wp.com\/politicosaldesnudo.com.mx\/wp-content\/uploads\/2023\/02\/P-AIFA-TONANITLA-2.png?resize=1536%2C859&amp;ssl=1 1536w, https:\/\/i0.wp.com\/politicosaldesnudo.com.mx\/wp-content\/uploads\/2023\/02\/P-AIFA-TONANITLA-2.png?w=1816&amp;ssl=1 1816w, https:\/\/i0.wp.com\/politicosaldesnudo.com.mx\/wp-content\/uploads\/2023\/02\/P-AIFA-TONANITLA-2.png?w=1600&amp;ssl=1 1600w\" sizes=\"auto, (max-width: 800px) 100vw, 800px\" \/><\/p>\n<p>&nbsp;<\/p>\n<p class=\"p4\"><span style=\"font-size: 18pt;\"><strong>El presidente se comprometi\u00f3 a difundirla con el apoyo de los gobernadores del Estado de M\u00e9xico, Alfredo Del Mazo; de Hidalgo, Julio Menchaca y la jefa de Gobierno de la Ciudad de M\u00e9xico, Claudia Sheinbaum Pardo, quienes participaron en la inauguraci\u00f3n.<\/strong><\/span><\/p>\n<p class=\"p4\"><span style=\"font-size: 14pt;\">El mandatario destac\u00f3 que el Camino Tonanitla acortar\u00e1 tiempos de traslado y contribuir\u00e1 a orientar el desarrollo urbano del Valle de M\u00e9xico hacia zonas de mayor viabilidad, con recursos para el aprovechamiento responsable.<\/span><\/p>\n<p>&nbsp;<\/p>\n<blockquote>\n<p class=\"p4\"><span style=\"font-size: 14pt;\">Est\u00e1 demostrado que tiene agua para el desarrollo futuro. Es muy importante que se haya tomado la decisi\u00f3n de construir ac\u00e1 el nuevo Aeropuerto Internacional Felipe \u00c1ngeles\u201d<\/span><\/p>\n<\/blockquote>\n<p>&nbsp;<\/p>\n<blockquote>\n<p class=\"p1\"><span style=\"font-size: 14pt;\">Me siento orgulloso y tranquilo. Ya se pueden imaginar lo que signific\u00f3 tomar esta decisi\u00f3n. (\u2026) Es un complejo important\u00edsimo porque es el aeropuerto civil, el aeropuerto militar, es un desarrollo urban\u00edstico habitacional; tiene comercio, tiene escuelas, hospital, los museos\u201d, expres\u00f3 el mandatario<\/span><\/p>\n<\/blockquote>\n<p>&nbsp;<\/p>\n<p class=\"p1\"><span style=\"font-size: 18pt;\"><strong>Adem\u00e1s del Camino Tonanitla, se ampli\u00f3 la autopista hacia Pachuca y el Tren Suburbano se ampliar\u00e1. Estas acciones reducir\u00e1n a 30 minutos el camino al AIFA desde la Ciudad de M\u00e9xico.<\/strong><\/span><\/p>\n","protected":false},"excerpt":{"rendered":"<p>NEXTLALPA, ESTADO DE M\u00c9XICO. El presidente Andr\u00e9s Manuel L\u00f3pez Obrador encabez\u00f3 la inauguraci\u00f3n del Camino Tonanitla, vialidad principal hacia el<\/p>\n","protected":false},"author":4,"featured_media":16186,"comment_status":"closed","ping_status":"closed","sticky":false,"template":"","format":"standard","meta":{"colormag_page_container_layout":"default_layout","colormag_page_sidebar_layout":"default_layout","_jetpack_memberships_contains_paid_content":false,"footnotes":"","jetpack_publicize_message":"","jetpack_publicize_feature_enabled":true,"jetpack_social_post_already_shared":false,"jetpack_social_options":{"image_generator_settings":{"template":"highway","default_image_id":0,"font":"","enabled":false},"version":2}},"categories":[33],"tags":[706,1455,95,2243,640,375],"class_list":["post-16185","post","type-post","status-publish","format-standard","has-post-thumbnail","hentry","category-nacional","tag-aifa","tag-alfredo-del-mazo","tag-andres-manuel-lopez-obrador","tag-camino-tonatitla","tag-claudia-sheinbaum","tag-estado-de-mexico"],"jetpack_publicize_connections":[],"jetpack_featured_media_url":"https:\/\/i0.wp.com\/politicosaldesnudo.com.mx\/wp-content\/uploads\/2023\/02\/P-AIFA-TONANITLA-1.png?fit=1816%2C1016&ssl=1","jetpack-related-posts":[],"jetpack_sharing_enabled":true,"_links":{"self":[{"href":"https:\/\/politicosaldesnudo.com.mx\/index.php\/wp-json\/wp\/v2\/posts\/16185","targetHints":{"allow":["GET"]}}],"collection":[{"href":"https:\/\/politicosaldesnudo.com.mx\/index.php\/wp-json\/wp\/v2\/posts"}],"about":[{"href":"https:\/\/politicosaldesnudo.com.mx\/index.php\/wp-json\/wp\/v2\/types\/post"}],"author":[{"embeddable":true,"href":"https:\/\/politicosaldesnudo.com.mx\/index.php\/wp-json\/wp\/v2\/users\/4"}],"replies":[{"embeddable":true,"href":"https:\/\/politicosaldesnudo.com.mx\/index.php\/wp-json\/wp\/v2\/comments?post=16185"}],"version-history":[{"count":0,"href":"https:\/\/politicosaldesnudo.com.mx\/index.php\/wp-json\/wp\/v2\/posts\/16185\/revisions"}],"wp:featuredmedia":[{"embeddable":true,"href":"https:\/\/politicosaldesnudo.com.mx\/index.php\/wp-json\/wp\/v2\/media\/16186"}],"wp:attachment":[{"href":"https:\/\/politicosaldesnudo.com.mx\/index.php\/wp-json\/wp\/v2\/media?parent=16185"}],"wp:term":[{"taxonomy":"category","embeddable":true,"href":"https:\/\/politicosaldesnudo.com.mx\/index.php\/wp-json\/wp\/v2\/categories?post=16185"},{"taxonomy":"post_tag","embeddable":true,"href":"https:\/\/politicosaldesnudo.com.mx\/index.php\/wp-json\/wp\/v2\/tags?post=16185"}],"curies":[{"name":"wp","href":"https:\/\/api.w.org\/{rel}","templated":true}]}}